{"id":123492,"date":"2025-12-22T21:35:11","date_gmt":"2025-12-22T21:35:11","guid":{"rendered":"https:\/\/www.europesays.com\/fi\/123492\/"},"modified":"2025-12-22T21:35:11","modified_gmt":"2025-12-22T21:35:11","slug":"euroopan-sahkoautokartta-paljastaa-selvan-jakolinjan-pohjoismaat-muita-edella-talous","status":"publish","type":"post","link":"https:\/\/www.europesays.com\/fi\/123492\/","title":{"rendered":"Euroopan s\u00e4hk\u00f6autokartta paljastaa selv\u00e4n jakolinjan \u2013 Pohjoismaat muita edell\u00e4 | Talous"},"content":{"rendered":"<p class=\"aw-1gybjub aw-5vja16 kEtdKx kmuxyA yle__article__paragraph\">Suomikin on Euroopan k\u00e4rkimaita uusien s\u00e4hk\u00f6autojen hankinnassa, mutta laahaa monen muun Pohjoismaan per\u00e4ss\u00e4.<\/p>\n<p><img decoding=\"async\" alt=\"Vaaleatukkainen mies katsoo kohti kameraa. Taustalla n\u00e4kyy pime\u00e4 parkkipaikka.\" src=\"https:\/\/www.europesays.com\/fi\/wp-content\/uploads\/2025\/12\/39-157373669495bfc7ae44.jpeg\" class=\"aw-1l9m598 hKVVvP\"\/><\/p>\n<p>Avaa kuvien katselu<\/p>\n<p>Pohjoismaissa edullinen s\u00e4hk\u00f6 ja panostukset kattavaan latausinfraan ovat vauhdittaneet s\u00e4hk\u00f6automarkkinoita, sanoo S\u00e4hk\u00f6inen liikenne ry:n toimitusjohtaja Heikki Karsimus. Kuva: Sasha Silvala \/ Yle<\/p>\n<p class=\"aw-1gybjub aw-1p7kakr kEtdKx cEmitX yle__article__paragraph\">T\u00e4yss\u00e4hk\u00f6autojen osuus uusista henkil\u00f6autoista vaihtelee huomattavasti Euroopan maiden v\u00e4lill\u00e4, kertovat <a class=\"aw-iao6s4 iHOxEa yle__article__link\" href=\"https:\/\/ec.europa.eu\/eurostat\/web\/products-eurostat-news\/w\/ddn-20250730-1\" role=\"link\" rel=\"nofollow noopener\" target=\"_blank\">Eurostatin tilastot<\/a>.<\/p>\n<p class=\"aw-1gybjub aw-1p7kakr kEtdKx cEmitX yle__article__paragraph\">Eurostatin mukaan Pohjoismaat ovat monia muita maita edell\u00e4 uusien t\u00e4yss\u00e4hk\u00f6autojen ensirekister\u00f6inniss\u00e4.<\/p>\n<p class=\"aw-1gybjub aw-1p7kakr kEtdKx cEmitX yle__article__paragraph\">Miksi?<\/p>\n<p class=\"aw-1gybjub aw-1p7kakr kEtdKx cEmitX yle__article__paragraph\">\u2013 Pohjoismaita yhdist\u00e4\u00e4 erityisesti edullinen ja puhdas s\u00e4hk\u00f6 sek\u00e4 kattava latausinfra. Erityisesti Suomen julkinen latausverkosto on kattava, eik\u00e4 ole pelkoa siit\u00e4, saako s\u00e4hk\u00f6auton ladattua, vastaa S\u00e4hk\u00f6inen liikenne ry:n toimitusjohtaja <strong class=\"aw-ak79eh KyCXm yle__article__strong\">Heikki Karsimus<\/strong>.<\/p>\n<p class=\"aw-1gybjub aw-1p7kakr kEtdKx cEmitX yle__article__paragraph\">It\u00e4- ja Etel\u00e4-Euroopassa s\u00e4hk\u00f6autoja on paljon v\u00e4hemm\u00e4n. Karsimus arvioi, ett\u00e4 taustalla ovat latausinfran puutteiden lis\u00e4ksi alhaisempi ostovoima.<\/p>\n<p class=\"aw-1gybjub aw-1p7kakr kEtdKx cEmitX yle__article__paragraph\">Monissa n\u00e4iss\u00e4 maissa <a class=\"aw-iao6s4 iHOxEa yle__article__link\" href=\"https:\/\/ec.europa.eu\/eurostat\/statistics-explained\/index.php?title=Earnings_statistics\" role=\"link\" rel=\"nofollow noopener\" target=\"_blank\">keskitulot ovat Euroopan matalimpia<\/a>.<\/p>\n<p class=\"aw-1gybjub aw-1p7kakr kEtdKx cEmitX yle__article__paragraph\">\u2013 Pohjoismaissa s\u00e4hk\u00f6auton hyv\u00e4ksytt\u00e4vyys on my\u00f6s todenn\u00e4k\u00f6isesti korkeammalla tasolla, eli kuluttajat ovat paljon valmiimpia ostamaan s\u00e4hk\u00f6autoja, Karsimus arvioi.<\/p>\n<p>Norja kiistaton johtaja<\/p>\n<p class=\"aw-1gybjub aw-1p7kakr kEtdKx cEmitX yle__article__paragraph\">Norja on Euroopan ylivoimainen johtaja s\u00e4hk\u00f6autoissa \u2013 siell\u00e4 yli 80 % uusista autoista oli t\u00e4yss\u00e4hk\u00f6isi\u00e4 vuonna 2024.<\/p>\n<p class=\"aw-1gybjub aw-1p7kakr kEtdKx cEmitX yle__article__paragraph\">\u2013 Norja on kulkenut omaa polkuaan. Se on l\u00e4htenyt hyvin m\u00e4\u00e4r\u00e4tietoisesti viem\u00e4\u00e4n s\u00e4hk\u00f6istymist\u00e4 eteenp\u00e4in jo paljon ennen kuin muut Euroopan maat edes havahtuivat siihen, Karsimus sanoo.<\/p>\n<p class=\"aw-1gybjub aw-1p7kakr kEtdKx cEmitX yle__article__paragraph\">Norjassa s\u00e4hk\u00f6autojen myynti\u00e4 edisti vuonna 2023 voimaan tullut laki, joka poisti arvonlis\u00e4veron alle 500\u00ad\u00a0000 Norjan kruunun eli noin 42\u00a0000 euron hintaisista s\u00e4hk\u00f6autoista. Verotuki alensi s\u00e4hk\u00f6autojen hintaa selv\u00e4sti.<\/p>\n<p class=\"aw-1gybjub aw-1p7kakr kEtdKx cEmitX yle__article__paragraph\">Aiemmin Norja oli asettanut tavoitteeksi, ett\u00e4 kaikki myydyt uudet henkil\u00f6autot olisivat s\u00e4hk\u00f6isi\u00e4 vuoteen 2025 menness\u00e4.<\/p>\n<p>Hidastaako Toyota-uskollisuus?<\/p>\n<p class=\"aw-1gybjub aw-1p7kakr kEtdKx cEmitX yle__article__paragraph\">Suomessa s\u00e4hk\u00f6autojen osuus uusista autoista oli vuonna 2024 noin 30 prosenttia Eurostatin mukaan.<\/p>\n<p class=\"aw-1gybjub aw-1p7kakr kEtdKx cEmitX yle__article__paragraph\">Suomessa s\u00e4hk\u00f6autot kuitenkin yleistyv\u00e4t <a class=\"aw-iao6s4 iHOxEa yle__article__link\" href=\"https:\/\/yle.fi\/a\/74-20197363\" role=\"link\" rel=\"nofollow noopener\" target=\"_blank\">ennakoitua nopeammin<\/a>. Karsimus huomauttaa, ett\u00e4 t\u00e4yss\u00e4hk\u00f6autot kiriv\u00e4t jo ladattavia hybridej\u00e4.<\/p>\n<p class=\"aw-1gybjub aw-1p7kakr kEtdKx cEmitX yle__article__paragraph\">Eurostatinkaan tilastot eiv\u00e4t kerro koko totuutta. Ne eiv\u00e4t sis\u00e4ll\u00e4 k\u00e4ytettyn\u00e4 maahantuotuja autoja, jotka ovat iso osa Suomen s\u00e4hk\u00f6autokannan kasvua: <a class=\"aw-iao6s4 iHOxEa yle__article__link\" href=\"https:\/\/teknologiateollisuus.fi\/emobility\/wp-content\/uploads\/sites\/9\/2025\/10\/2025-Q3-SahkoinenLiikenne-tilannekatsaus-2025-10-27-jaettava.pdf\" role=\"link\" rel=\"nofollow noopener\" target=\"_blank\">t\u00e4n\u00e4 vuonna yli puolet<\/a> k\u00e4ytettyin\u00e4 maahantuoduista autoista on ollut t\u00e4yss\u00e4hk\u00f6isi\u00e4.<\/p>\n<p class=\"aw-1gybjub aw-1p7kakr kEtdKx cEmitX yle__article__paragraph\">Perinteiset bensa-autot ovat Suomessa kuitenkin yh\u00e4 yleisimpi\u00e4 ensirekister\u00f6inneiss\u00e4. Karsimus uskoo, ett\u00e4 Suomen s\u00e4hk\u00f6autoistumista hidastaa osaltaan automarkkinan rakenne.<\/p>\n<p class=\"aw-1gybjub aw-1p7kakr kEtdKx cEmitX yle__article__paragraph\">\u2013 Suomessa Toyotalla on eritt\u00e4in vahva rooli uusien autojen rekister\u00f6inniss\u00e4. Toyotan s\u00e4hk\u00f6autotarjonta Suomessa ja yleens\u00e4 muuallakin on kuitenkin viel\u00e4 heikko verrattuna moniin muihin br\u00e4ndeihin.<\/p>\n","protected":false},"excerpt":{"rendered":"Suomikin on Euroopan k\u00e4rkimaita uusien s\u00e4hk\u00f6autojen hankinnassa, mutta laahaa monen muun Pohjoismaan per\u00e4ss\u00e4. Avaa kuvien katselu Pohjoismaissa edullinen&hellip;\n","protected":false},"author":2,"featured_media":123493,"comment_status":"","ping_status":"","sticky":false,"template":"","format":"standard","meta":{"footnotes":""},"categories":[76],"tags":[648,79,77,33,31,30,1161,2037,32,78],"class_list":{"0":"post-123492","1":"post","2":"type-post","3":"status-publish","4":"format-standard","5":"has-post-thumbnail","7":"category-talous","8":"tag-autot","9":"tag-business","10":"tag-economy","11":"tag-fi","12":"tag-finland","13":"tag-finnish","14":"tag-liikenne","15":"tag-sahkoautot","16":"tag-suomi","17":"tag-talous"},"share_on_mastodon":{"url":"https:\/\/pubeurope.com\/@fi\/115765374616617459","error":""},"_links":{"self":[{"href":"https:\/\/www.europesays.com\/fi\/wp-json\/wp\/v2\/posts\/123492","targetHints":{"allow":["GET"]}}],"collection":[{"href":"https:\/\/www.europesays.com\/fi\/wp-json\/wp\/v2\/posts"}],"about":[{"href":"https:\/\/www.europesays.com\/fi\/wp-json\/wp\/v2\/types\/post"}],"author":[{"embeddable":true,"href":"https:\/\/www.europesays.com\/fi\/wp-json\/wp\/v2\/users\/2"}],"replies":[{"embeddable":true,"href":"https:\/\/www.europesays.com\/fi\/wp-json\/wp\/v2\/comments?post=123492"}],"version-history":[{"count":0,"href":"https:\/\/www.europesays.com\/fi\/wp-json\/wp\/v2\/posts\/123492\/revisions"}],"wp:featuredmedia":[{"embeddable":true,"href":"https:\/\/www.europesays.com\/fi\/wp-json\/wp\/v2\/media\/123493"}],"wp:attachment":[{"href":"https:\/\/www.europesays.com\/fi\/wp-json\/wp\/v2\/media?parent=123492"}],"wp:term":[{"taxonomy":"category","embeddable":true,"href":"https:\/\/www.europesays.com\/fi\/wp-json\/wp\/v2\/categories?post=123492"},{"taxonomy":"post_tag","embeddable":true,"href":"https:\/\/www.europesays.com\/fi\/wp-json\/wp\/v2\/tags?post=123492"}],"curies":[{"name":"wp","href":"https:\/\/api.w.org\/{rel}","templated":true}]}}