{"id":123494,"date":"2025-12-22T21:36:12","date_gmt":"2025-12-22T21:36:12","guid":{"rendered":"https:\/\/www.europesays.com\/fi\/123494\/"},"modified":"2025-12-22T21:36:12","modified_gmt":"2025-12-22T21:36:12","slug":"karu-tieto-venalaisista-sotavangeista","status":"publish","type":"post","link":"https:\/\/www.europesays.com\/fi\/123494\/","title":{"rendered":"Karu tieto ven\u00e4l\u00e4isist\u00e4 sotavangeista"},"content":{"rendered":"<p>Ven\u00e4j\u00e4 kriminalisoi vapaaehtoisen antautumisen vuonna 2022.<\/p>\n<p><img decoding=\"async\" class=\"image image-show image-preview\" src=\"https:\/\/www.europesays.com\/fi\/wp-content\/uploads\/2025\/12\/ee33d1e96d7c3a13cf896fa4656842e8fef7ff69f53d84493241e283654954b5.jpg\" alt=\"\"\/><img decoding=\"async\" class=\"image image-show\" src=\"https:\/\/www.europesays.com\/fi\/wp-content\/uploads\/2025\/12\/1766439372_986_ee33d1e96d7c3a13cf896fa4656842e8fef7ff69f53d84493241e283654954b5.jpg\" alt=\"\"\/><\/p>\n<p>Vapautettuja ven\u00e4l\u00e4isi\u00e4 sotavankeja odottaa usein paluu omiin joukkoyksikk\u00f6ihin. Kuva t\u00e4m\u00e4n vuoden elokuun vankienvaihdosta. ZumaWire \/ MVPHOTOS<\/p>\n<p class=\"paragraph\">Vankeudesta vapautetut ven\u00e4l\u00e4iset sotavangit kohtaavat usein karun realiteetin siin\u00e4, miten antautumiseen suhtaudutaan Ven\u00e4j\u00e4n asevoimissa, kertoo yhdysvaltalaislehti <a href=\"https:\/\/www.wsj.com\/world\/russia\/returning-russian-pows-pay-heavy-price-for-choosing-surrender-over-death-de3376a3\" target=\"_blank\" rel=\"noopener nofollow\">The Wall Street Journal<\/a>.<\/p>\n<p class=\"paragraph\">Ven\u00e4l\u00e4isten sotavankien kohtaloista ovat kertoneet my\u00f6s useat muut mediat, kuten ukrainalaismedia <a href=\"https:\/\/kyivindependent.com\/what-happens-to-russian-pows-after-captivity\/\" target=\"_blank\" rel=\"noopener nofollow\">The Kyiv Independent<\/a> ja riippumaton ven\u00e4l\u00e4ismedia <a href=\"https:\/\/novayagazeta.eu\/articles\/2025\/06\/10\/into-the-fire-en\" target=\"_blank\" rel=\"noopener nofollow\">Novaya Gazeta<\/a>.<\/p>\n<p class=\"paragraph\">Ven\u00e4j\u00e4n valtion televisiol\u00e4hetyksiss\u00e4 sankareina esitett\u00e4ville veteraaneille luvataan etuoikeutettuja virkoja maan paikallis- ja aluehallinnoissa, mutta todellisuudessa tulevaisuus onkin paluu Ukrainan sodan rintamalle.<\/p>\n<p class=\"paragraph\">WSJ kertoo esimerkkin\u00e4 nimett\u00f6m\u00e4n ven\u00e4l\u00e4ismiehen tarinan, joka vapautui sotavankeudesta aiemmin t\u00e4n\u00e4 vuonna. H\u00e4n soitti aluksi perheelleen olevansa elossa ja  takaisin Ven\u00e4j\u00e4n maaper\u00e4ll\u00e4, mutta ei koskaan palannut kotiinsa.<\/p>\n<p class=\"paragraph\">Mies joutuikin ensin Ven\u00e4j\u00e4n turvallisuuspalvelu FSB:n kuulusteltavaksi ja sen j\u00e4lkeen takaisin Ukrainan sodan polttopisteen\u00e4 olevalle Donetskin rintamalle. Kuulusteluissa vapautuneilta sotilailta tivataan tietoja maanpetturuudesta tai vihollisen auttamisesta.<\/p>\n<p class=\"paragraph\">Joissakin tapauksissa tarkoituksena on mahdollisen rikoksen selvitt\u00e4minen, koska Ven\u00e4j\u00e4 kriminalisoi vapaaehtoisen antautumisen vuonna 2022.<\/p>\n<p class=\"paragraph\">Aiemmin t\u00e4n\u00e4 vuonna <strong>Roman Ivanishin<\/strong> tuomittiin vapaaehtoisesta antautumisesta ja karkuruudesta 15 vuoden vankeuteen.<\/p>\n<p>Ven\u00e4j\u00e4n valtion virallisissa materiaaleissa vapautetut vangit esitet\u00e4\u00e4n usein sankareina. Ven\u00e4j\u00e4n puolustusministeri\u00f6n julkaisema kuva viime elokuulta. Ven\u00e4j\u00e4n puolustusministeri\u00f6, ZumaWire \/ MVPHOTOS<\/p>\n<p>Ei luoteta<\/p>\n<p class=\"paragraph\">Ven\u00e4j\u00e4n asevoimista on koko Ukrainan sodan aikana levinnyt tarinoita siit\u00e4, miten antautumiseen suhtaudutaan ajoittain hyvin raa\u2019astikin.<\/p>\n<p class=\"paragraph\">Jo vuonna 2022 brittilehti The Telegraph <a href=\"https:\/\/www.telegraph.co.uk\/world-news\/2022\/10\/05\/russian-forces-shot-comrade-trying-surrender-says-ukrainian\/\" target=\"_blank\" rel=\"noopener nofollow\">kertoi<\/a>, miten omat joukot ampuivat omaa asetoveriaan selk\u00e4\u00e4n, kun t\u00e4m\u00e4 yritti antautua ukrainalaisille.<\/p>\n<p class=\"paragraph\">WSJ:n mukaan ven\u00e4l\u00e4issotilaita kehotetaan jo ennen rintamalle l\u00e4hett\u00e4mist\u00e4, ett\u00e4 heid\u00e4n tulisi mieluummin r\u00e4j\u00e4ytt\u00e4\u00e4 itsens\u00e4 kranaatilla kuin antautua viholliselle.<\/p>\n<p class=\"paragraph\">Esimerkki t\u00e4st\u00e4 toiminnasta <a href=\"https:\/\/www.iltalehti.fi\/ulkomaat\/a348451f-8694-4248-98c8-f8e938a3759a\" rel=\"nofollow noopener\" target=\"_blank\">n\u00e4htiin<\/a> muun muassa vuonna 2023, kun tuolloin levinneell\u00e4 videolla ukrainalaiset ampuivat ven\u00e4l\u00e4issotilaan, joka antautumisen yhteydess\u00e4 heitti viimeisen\u00e4 tekonaan kranaatin ukrainalaisia kohti.<\/p>\n<p class=\"paragraph\">WSJ:n mukaan my\u00f6s rintamalle l\u00e4hteneiden palkkojen ja kertaluontoisten bonusten maksaminen on pys\u00e4htynyt heti, kun heid\u00e4t on vangittu. Kyseiset rahalliset kannusteet ovat olleet usein syyn\u00e4 sille, miksi ven\u00e4l\u00e4ismiehet ovat rintamalle alun perin l\u00e4hteneetkin.<\/p>\n<p class=\"paragraph\">Vapautuneita vankeja saattaa odottaa FSB:n kuulustelun j\u00e4lkeen joko palvelus siivoust\u00f6iden tai loputtomien harjoitusten parissa. Entisiin sotavankeihin ei yleisesti ottaen luoteta, eik\u00e4 heille anneta en\u00e4\u00e4 asetta. Poikkeuksena ovat he, jotka l\u00e4hetet\u00e4\u00e4n toivottomiin teht\u00e4viin, joista palaaminen hengiss\u00e4 on hyvin ep\u00e4todenn\u00e4k\u00f6ist\u00e4.<\/p>\n<p class=\"paragraph\">Vapautuneiden vankien kohtalo onkin ollut ajoittain niin karu, ett\u00e4 heid\u00e4n perheens\u00e4 ovat alkaneet lobbaamaan omien poikiensa vapautumista vastaan.<\/p>\n<p class=\"paragraph\">\u2013 He eiv\u00e4t p\u00e4\u00e4st\u00e4 vankeja kotiin. He k\u00e4ytt\u00e4v\u00e4t heit\u00e4 ty\u00f6ntekij\u00f6in\u00e4, sanoi entinen sotavanki <strong>Pavel Gugujev<\/strong>.<\/p>\n<p class=\"paragraph\">Gugujevia odottaa t\u00e4ll\u00e4 hetkell\u00e4 jopa kahdeksan vuoden tuomio. Syyn\u00e4 ovat ukrainalaismedioille vankeuden aikana annetut haastattelut.<\/p>\n","protected":false},"excerpt":{"rendered":"Ven\u00e4j\u00e4 kriminalisoi vapaaehtoisen antautumisen vuonna 2022. Vapautettuja ven\u00e4l\u00e4isi\u00e4 sotavankeja odottaa usein paluu omiin joukkoyksikk\u00f6ihin. Kuva t\u00e4m\u00e4n vuoden elokuun&hellip;\n","protected":false},"author":2,"featured_media":123495,"comment_status":"","ping_status":"","sticky":false,"template":"","format":"standard","meta":{"footnotes":""},"categories":[14],"tags":[35,22,23,26,27,33,31,30,17,24,25,803,28,29,15,18,21,1726,38,805,32,19,20,56,16,8170,59,60,61],"class_list":{"0":"post-123494","1":"post","2":"type-post","3":"status-publish","4":"format-standard","5":"has-post-thumbnail","7":"category-ulkomaat","8":"tag-24h","9":"tag-breaking-news","10":"tag-breakingnews","11":"tag-featured-news","12":"tag-featurednews","13":"tag-fi","14":"tag-finland","15":"tag-finnish","16":"tag-headlines","17":"tag-latest-news","18":"tag-latestnews","19":"tag-levottomuudet-ja-sodat","20":"tag-main-news","21":"tag-mainnews","22":"tag-news","23":"tag-otsikot","24":"tag-paauutiset","25":"tag-rangaistukset","26":"tag-rikos","27":"tag-sota","28":"tag-suomi","29":"tag-top-stories","30":"tag-topstories","31":"tag-ulkomaat","32":"tag-uutiset","33":"tag-vankeus","34":"tag-world","35":"tag-world-news","36":"tag-worldnews"},"share_on_mastodon":{"url":"https:\/\/pubeurope.com\/@fi\/115765378230813713","error":""},"_links":{"self":[{"href":"https:\/\/www.europesays.com\/fi\/wp-json\/wp\/v2\/posts\/123494","targetHints":{"allow":["GET"]}}],"collection":[{"href":"https:\/\/www.europesays.com\/fi\/wp-json\/wp\/v2\/posts"}],"about":[{"href":"https:\/\/www.europesays.com\/fi\/wp-json\/wp\/v2\/types\/post"}],"author":[{"embeddable":true,"href":"https:\/\/www.europesays.com\/fi\/wp-json\/wp\/v2\/users\/2"}],"replies":[{"embeddable":true,"href":"https:\/\/www.europesays.com\/fi\/wp-json\/wp\/v2\/comments?post=123494"}],"version-history":[{"count":0,"href":"https:\/\/www.europesays.com\/fi\/wp-json\/wp\/v2\/posts\/123494\/revisions"}],"wp:featuredmedia":[{"embeddable":true,"href":"https:\/\/www.europesays.com\/fi\/wp-json\/wp\/v2\/media\/123495"}],"wp:attachment":[{"href":"https:\/\/www.europesays.com\/fi\/wp-json\/wp\/v2\/media?parent=123494"}],"wp:term":[{"taxonomy":"category","embeddable":true,"href":"https:\/\/www.europesays.com\/fi\/wp-json\/wp\/v2\/categories?post=123494"},{"taxonomy":"post_tag","embeddable":true,"href":"https:\/\/www.europesays.com\/fi\/wp-json\/wp\/v2\/tags?post=123494"}],"curies":[{"name":"wp","href":"https:\/\/api.w.org\/{rel}","templated":true}]}}