{"id":123509,"date":"2025-12-22T22:03:10","date_gmt":"2025-12-22T22:03:10","guid":{"rendered":"https:\/\/www.europesays.com\/fi\/123509\/"},"modified":"2025-12-22T22:03:10","modified_gmt":"2025-12-22T22:03:10","slug":"poliisi-etsii-isossakyrossa-kadonnutta-19-vuotiasta-miesta","status":"publish","type":"post","link":"https:\/\/www.europesays.com\/fi\/123509\/","title":{"rendered":"Poliisi etsii Isossakyr\u00f6ss\u00e4 kadonnutta 19-vuotiasta miest\u00e4"},"content":{"rendered":"<p>Havainnot kadonneesta pyydet\u00e4\u00e4n ilmoittamaan h\u00e4t\u00e4numeroon.<\/p>\n<p><img decoding=\"async\" class=\"image image-show image-preview\" src=\"https:\/\/www.europesays.com\/fi\/wp-content\/uploads\/2025\/11\/25b4cfbe3124f733c1a73dc1b92985fa3f6868f8454d9af46c284c1ccec0e510.jpg\" alt=\"\"\/><img decoding=\"async\" class=\"image image-show\" src=\"https:\/\/www.europesays.com\/fi\/wp-content\/uploads\/2025\/08\/1755346268_705_25b4cfbe3124f733c1a73dc1b92985fa3f6868f8454d9af46c284c1ccec0e510.jpg\" alt=\"\"\/><\/p>\n<p>Poliisi etsii Isossakyr\u00f6ss\u00e4 kadonnutta 19-vuotiasta miest\u00e4. Kuvituskuva. Inka Soveri<\/p>\n<p class=\"paragraph\">Poliisi etsii Isossakyr\u00f6ss\u00e4 kadonnutta 19-vuotiasta miest\u00e4. Mies on n\u00e4hty viimeisen kerran maanantaiaamuna 22. joulukuuta.<\/p>\n<p class=\"paragraph\">Kadonnut on 185 cm pitk\u00e4. H\u00e4nell\u00e4 on pitk\u00e4t, vaaleat, todenn\u00e4k\u00f6isesti letitetyt hiukset sek\u00e4 parta ja viikset. Yll\u00e4\u00e4n miehell\u00e4 on musta takki, collegehousut, musta pipo sek\u00e4 mustat, pitk\u00e4vartiset talvikeng\u00e4t. Miehell\u00e4 on mahdollisesti mukanaan kolme tummaa laukkua, joista yksi on reppu.<\/p>\n<p class=\"paragraph\">Kadotessaan mies oli liikkeell\u00e4 jalkaisin. H\u00e4n saattaa liikkua my\u00f6s Isoakyr\u00f6\u00e4 laajemmalla alueella.<\/p>\n<p class=\"paragraph\">Havainnot kadonneesta voi ilmoittaa h\u00e4t\u00e4numeroon.<\/p>\n<p>Kuva kadonneesta 19-vuotiaasta miehest\u00e4. Kuva: poliisi <\/p>\n","protected":false},"excerpt":{"rendered":"Havainnot kadonneesta pyydet\u00e4\u00e4n ilmoittamaan h\u00e4t\u00e4numeroon. Poliisi etsii Isossakyr\u00f6ss\u00e4 kadonnutta 19-vuotiasta miest\u00e4. Kuvituskuva. Inka Soveri Poliisi etsii Isossakyr\u00f6ss\u00e4 kadonnutta&hellip;\n","protected":false},"author":2,"featured_media":69259,"comment_status":"","ping_status":"","sticky":false,"template":"","format":"standard","meta":{"footnotes":""},"categories":[12],"tags":[35,22,23,2110,26,27,33,31,30,17,55,24,25,28,29,15,18,21,122,54,32,19,20,546,16],"class_list":{"0":"post-123509","1":"post","2":"type-post","3":"status-publish","4":"format-standard","5":"has-post-thumbnail","7":"category-suomi","8":"tag-24h","9":"tag-breaking-news","10":"tag-breakingnews","11":"tag-elamantapa-ja-vapaa-aika","12":"tag-featured-news","13":"tag-featurednews","14":"tag-fi","15":"tag-finland","16":"tag-finnish","17":"tag-headlines","18":"tag-lainvalvonta","19":"tag-latest-news","20":"tag-latestnews","21":"tag-main-news","22":"tag-mainnews","23":"tag-news","24":"tag-otsikot","25":"tag-paauutiset","26":"tag-pelastaminen","27":"tag-pelastuspalvelut","28":"tag-suomi","29":"tag-top-stories","30":"tag-topstories","31":"tag-turvallisuus","32":"tag-uutiset"},"share_on_mastodon":{"url":"https:\/\/pubeurope.com\/@fi\/115765484457208210","error":""},"_links":{"self":[{"href":"https:\/\/www.europesays.com\/fi\/wp-json\/wp\/v2\/posts\/123509","targetHints":{"allow":["GET"]}}],"collection":[{"href":"https:\/\/www.europesays.com\/fi\/wp-json\/wp\/v2\/posts"}],"about":[{"href":"https:\/\/www.europesays.com\/fi\/wp-json\/wp\/v2\/types\/post"}],"author":[{"embeddable":true,"href":"https:\/\/www.europesays.com\/fi\/wp-json\/wp\/v2\/users\/2"}],"replies":[{"embeddable":true,"href":"https:\/\/www.europesays.com\/fi\/wp-json\/wp\/v2\/comments?post=123509"}],"version-history":[{"count":0,"href":"https:\/\/www.europesays.com\/fi\/wp-json\/wp\/v2\/posts\/123509\/revisions"}],"wp:featuredmedia":[{"embeddable":true,"href":"https:\/\/www.europesays.com\/fi\/wp-json\/wp\/v2\/media\/69259"}],"wp:attachment":[{"href":"https:\/\/www.europesays.com\/fi\/wp-json\/wp\/v2\/media?parent=123509"}],"wp:term":[{"taxonomy":"category","embeddable":true,"href":"https:\/\/www.europesays.com\/fi\/wp-json\/wp\/v2\/categories?post=123509"},{"taxonomy":"post_tag","embeddable":true,"href":"https:\/\/www.europesays.com\/fi\/wp-json\/wp\/v2\/tags?post=123509"}],"curies":[{"name":"wp","href":"https:\/\/api.w.org\/{rel}","templated":true}]}}