{"id":123514,"date":"2025-12-22T22:23:09","date_gmt":"2025-12-22T22:23:09","guid":{"rendered":"https:\/\/www.europesays.com\/fi\/123514\/"},"modified":"2025-12-22T22:23:09","modified_gmt":"2025-12-22T22:23:09","slug":"tassa-ovat-tour-de-skin-ohjelma-ja-tv-lahetykset","status":"publish","type":"post","link":"https:\/\/www.europesays.com\/fi\/123514\/","title":{"rendered":"T\u00e4ss\u00e4 ovat Tour de Skin ohjelma ja tv-l\u00e4hetykset"},"content":{"rendered":"<p>Perinteinen hiihdon Tour de Ski kisataan vuodenvaihteen ymp\u00e4rill\u00e4 Pohjois-Italiassa.<\/p>\n<p>22.12. 21:49<\/p>\n<p class=\"article-body mb-nof-24 px-nof-16\">Hiihdon Tour de Ski on t\u00e4n\u00e4 vuonna hieman aiempaa kevyempi. Kilpailupaikkoja on viime vuoden tapaan vain kaksi: Toblach ja Val di Fiemme, jossa kuukautta my\u00f6hemmin taistellaan my\u00f6s hiihdon olympiamitaleista.<\/p>\n<p>Televisiointi<\/p>\n<p class=\"article-body mb-nof-24 px-nof-16\">Tourin nelj\u00e4 ensimm\u00e4ist\u00e4 kilpailup\u00e4iv\u00e4\u00e4 Toblachista n\u00e4kyv\u00e4t vain Viaplayn kanavilla, suoratoistopalvelussa ja Viaplay 1 Urheilu -maksukanavalla.<\/p>\n<p class=\"article-body mb-nof-24 px-nof-16\">Val di Fiemmess\u00e4 k\u00e4yt\u00e4v\u00e4t kaksi viimeist\u00e4 osakilpailua n\u00e4kyv\u00e4t sek\u00e4 Viaplayn ett\u00e4 Ylen kanavilla.<\/p>\n<p>Tour de Skin ohjelmaToblach<\/p>\n<p class=\"article-body mb-nof-24 px-nof-16\">Sunnuntai 28.12. <\/p>\n<ul class=\"mb-nof-16 px-nof-16 article-unordered-list unordered-list\">\n<li class=\"unordered-list-item\">\n<p class=\"article-body\">12.45 M\/N Sprintin (v) karsinta<\/p>\n<\/li>\n<li class=\"unordered-list-item\">\n<p class=\"article-body\">15.15 M\/N Sprintin (v) er\u00e4vaihe<\/p>\n<\/li>\n<\/ul>\n<p class=\"article-body mb-nof-24 px-nof-16\">Maanantai 29.12.<\/p>\n<ul class=\"mb-nof-16 px-nof-16 article-unordered-list unordered-list\">\n<li class=\"unordered-list-item\">\n<p class=\"article-body\">12.45 M 10 km (p) v\u00e4liaikal\u00e4ht\u00f6<\/p>\n<\/li>\n<li class=\"unordered-list-item\">\n<p class=\"article-body\">15.45 N 10 km (p) v\u00e4liaikal\u00e4ht\u00f6<\/p>\n<\/li>\n<\/ul>\n<p class=\"article-body mb-nof-24 px-nof-16\">Keskiviikko 31.12.<\/p>\n<ul class=\"mb-nof-16 px-nof-16 article-unordered-list unordered-list\">\n<li class=\"unordered-list-item\">\n<p class=\"article-body\">12.30 M 5 km (v) er\u00e4yhteisl\u00e4ht\u00f6<\/p>\n<\/li>\n<li class=\"unordered-list-item\">\n<p class=\"article-body\">15.30 N 5 km (v) er\u00e4yhteisl\u00e4ht\u00f6<\/p>\n<\/li>\n<\/ul>\n<p class=\"article-body mb-nof-24 px-nof-16\">Torstai 1.1.<\/p>\n<ul class=\"mb-nof-16 px-nof-16 article-unordered-list unordered-list\">\n<li class=\"unordered-list-item\">\n<p class=\"article-body\">11.30 M 20 km (p) takaa-ajo<\/p>\n<\/li>\n<li class=\"unordered-list-item\">\n<p class=\"article-body\">13.30 N 20 km (p) takaa-ajo<\/p>\n<\/li>\n<\/ul>\n<p>Val di Fiemme<\/p>\n<p class=\"article-body mb-nof-24 px-nof-16\">Lauantai 3.1.<\/p>\n<ul class=\"mb-nof-16 px-nof-16 article-unordered-list unordered-list\">\n<li class=\"unordered-list-item\">\n<p class=\"article-body\">13.15 N\/M Sprintin (p) karsinta<\/p>\n<\/li>\n<li class=\"unordered-list-item\">\n<p class=\"article-body\">15.45 N\/M Sprintin (p) er\u00e4vaihe<\/p>\n<\/li>\n<\/ul>\n<p class=\"article-body mb-nof-24 px-nof-16\">Sunnuntai 4.1.<\/p>\n<ul class=\"mb-nof-16 px-nof-16 article-unordered-list unordered-list\">\n<li class=\"unordered-list-item\">\n<p class=\"article-body\">12.30 M Loppunousu, 10 km (v) yhteisl\u00e4ht\u00f6<\/p>\n<\/li>\n<li class=\"unordered-list-item\">\n<p class=\"article-body\">16.30 N Loppunousu, 10 km (v) yhteisl\u00e4ht\u00f6<\/p>\n<\/li>\n<\/ul>\n<p>Suomen joukkueetNaiset<\/p>\n<ul class=\"mb-nof-16 px-nof-16 article-unordered-list unordered-list\">\n<li class=\"unordered-list-item\">\n<p class=\"article-body\">Jasmi Joensuu<\/p>\n<\/li>\n<li class=\"unordered-list-item\">\n<p class=\"article-body\">Jasmin K\u00e4h\u00e4r\u00e4<\/p>\n<\/li>\n<li class=\"unordered-list-item\">\n<p class=\"article-body\">Johanna Matintalo<\/p>\n<\/li>\n<li class=\"unordered-list-item\">\n<p class=\"article-body\">Kerttu Niskanen<\/p>\n<\/li>\n<li class=\"unordered-list-item\">\n<p class=\"article-body\">Vilma Nissinen<\/p>\n<\/li>\n<li class=\"unordered-list-item\">\n<p class=\"article-body\">Krista P\u00e4rm\u00e4koski<\/p>\n<\/li>\n<li class=\"unordered-list-item\">\n<p class=\"article-body\">Vilma Ryytty<\/p>\n<\/li>\n<\/ul>\n<p>Miehet<\/p>\n<ul class=\"mb-nof-16 px-nof-16 article-unordered-list unordered-list\">\n<li class=\"unordered-list-item\">\n<p class=\"article-body\">Niko Anttola<\/p>\n<\/li>\n<li class=\"unordered-list-item\">\n<p class=\"article-body\">Ristomatti Hakola<\/p>\n<\/li>\n<li class=\"unordered-list-item\">\n<p class=\"article-body\">Perttu Hyv\u00e4rinen<\/p>\n<\/li>\n<li class=\"unordered-list-item\">\n<p class=\"article-body\">Petteri Koivisto<\/p>\n<\/li>\n<li class=\"unordered-list-item\">\n<p class=\"article-body\">Niilo Moilanen<\/p>\n<\/li>\n<li class=\"unordered-list-item\">\n<p class=\"article-body\">Joni M\u00e4ki<\/p>\n<\/li>\n<li class=\"unordered-list-item\">\n<p class=\"article-body\">Iivo Niskanen<\/p>\n<\/li>\n<li class=\"unordered-list-item\">\n<p class=\"article-body\">Lauri Vuorinen<\/p>\n<\/li>\n<\/ul>\n","protected":false},"excerpt":{"rendered":"Perinteinen hiihdon Tour de Ski kisataan vuodenvaihteen ymp\u00e4rill\u00e4 Pohjois-Italiassa. 22.12. 21:49 Hiihdon Tour de Ski on t\u00e4n\u00e4 vuonna&hellip;\n","protected":false},"author":2,"featured_media":123515,"comment_status":"","ping_status":"","sticky":false,"template":"","format":"standard","meta":{"footnotes":""},"categories":[158],"tags":[157,33,31,30,159,32,160],"class_list":{"0":"post-123514","1":"post","2":"type-post","3":"status-publish","4":"format-standard","5":"has-post-thumbnail","7":"category-urheilu","8":"tag-aamulehti","9":"tag-fi","10":"tag-finland","11":"tag-finnish","12":"tag-sports","13":"tag-suomi","14":"tag-urheilu"},"share_on_mastodon":{"url":"https:\/\/pubeurope.com\/@fi\/115765563000807166","error":""},"_links":{"self":[{"href":"https:\/\/www.europesays.com\/fi\/wp-json\/wp\/v2\/posts\/123514","targetHints":{"allow":["GET"]}}],"collection":[{"href":"https:\/\/www.europesays.com\/fi\/wp-json\/wp\/v2\/posts"}],"about":[{"href":"https:\/\/www.europesays.com\/fi\/wp-json\/wp\/v2\/types\/post"}],"author":[{"embeddable":true,"href":"https:\/\/www.europesays.com\/fi\/wp-json\/wp\/v2\/users\/2"}],"replies":[{"embeddable":true,"href":"https:\/\/www.europesays.com\/fi\/wp-json\/wp\/v2\/comments?post=123514"}],"version-history":[{"count":0,"href":"https:\/\/www.europesays.com\/fi\/wp-json\/wp\/v2\/posts\/123514\/revisions"}],"wp:featuredmedia":[{"embeddable":true,"href":"https:\/\/www.europesays.com\/fi\/wp-json\/wp\/v2\/media\/123515"}],"wp:attachment":[{"href":"https:\/\/www.europesays.com\/fi\/wp-json\/wp\/v2\/media?parent=123514"}],"wp:term":[{"taxonomy":"category","embeddable":true,"href":"https:\/\/www.europesays.com\/fi\/wp-json\/wp\/v2\/categories?post=123514"},{"taxonomy":"post_tag","embeddable":true,"href":"https:\/\/www.europesays.com\/fi\/wp-json\/wp\/v2\/tags?post=123514"}],"curies":[{"name":"wp","href":"https:\/\/api.w.org\/{rel}","templated":true}]}}