{"id":123518,"date":"2025-12-22T22:27:14","date_gmt":"2025-12-22T22:27:14","guid":{"rendered":"https:\/\/www.europesays.com\/fi\/123518\/"},"modified":"2025-12-22T22:27:14","modified_gmt":"2025-12-22T22:27:14","slug":"ei-viela-ratkaisua-neuvottelut-jatkuvat-joulun-jalkeen","status":"publish","type":"post","link":"https:\/\/www.europesays.com\/fi\/123518\/","title":{"rendered":"Ei viel\u00e4 ratkaisua \u2013 neuvottelut jatkuvat joulun j\u00e4lkeen"},"content":{"rendered":"<p>Neuvottelijat ovat hakeneet tiiviisti ratkaisua t\u00e4n\u00e4\u00e4n maanantaina. Tavoitteena on saada uusi sopimus valmiiksi ennen vuodenvaihdetta, jolloin nykyinen ty\u00f6ehtosopimus p\u00e4\u00e4ttyy.<\/p>\n<p>Ratkaisu vaatii kuitenkin viel\u00e4 lis\u00e4aikaa.<\/p>\n<p>\u2013 Valmista ei ole viel\u00e4 tullut. Aika alkaa k\u00e4yd\u00e4 v\u00e4hiin ja vuoden loppu l\u00e4hestyy. Teksteiss\u00e4kin moni asia on viel\u00e4 auki. Kun tekstit saadaan valmiiksi, edess\u00e4 on viel\u00e4 lopullinen palkkav\u00e4\u00e4nt\u00f6. Jatkamme joulutauon j\u00e4lkeen 29. joulukuuta, sopimusalavastaava <strong>Jukka H\u00e4m\u00e4l\u00e4inen<\/strong> kertoo.<\/p>\n<p>Yksityisell\u00e4 sosiaalipalvelualalla ty\u00f6skentelee noin 70 000 henkil\u00f6\u00e4. He ty\u00f6skentelev\u00e4t muun muassa yksityisiss\u00e4 vanhusten ja vammaisten asumispalveluissa, ensi- ja turvakodeissa, kotipalveluissa sek\u00e4 erilaisissa sosiaali-\u200b\u200b\u200b ja terveysj\u00e4rjest\u00f6iss\u00e4.<\/p>\n<p>Ty\u00f6ntekij\u00e4puolta neuvotteluissa edustavat Talentia, JHL, Sosiaali-\u200b\u200b\u200b ja terveysalan neuvotteluj\u00e4rjest\u00f6 Sote sek\u00e4 Sosiaalipalvelualan allianssi, johon kuuluvat Ammattiliitto Pro, Jyty ja Suomen Terveydenhoitajaliitto STHL. Ammattiliitto Pron neuvottelijana toimii sopimusalavastaava Jukka H\u00e4m\u00e4l\u00e4inen. Ty\u00f6nantajapuolta edustaa Hyvinvointiala HALI.<\/p>\n<p>Tiedotamme neuvottelujen etenemisest\u00e4\u00a0<a href=\"https:\/\/proliitto.fi\/fi\/neuvottelut\/julkinen-sektori\" rel=\"nofollow noopener\" target=\"_blank\">verkkosivuillamme<\/a>.<\/p>\n","protected":false},"excerpt":{"rendered":"Neuvottelijat ovat hakeneet tiiviisti ratkaisua t\u00e4n\u00e4\u00e4n maanantaina. Tavoitteena on saada uusi sopimus valmiiksi ennen vuodenvaihdetta, jolloin nykyinen ty\u00f6ehtosopimus&hellip;\n","protected":false},"author":2,"featured_media":106680,"comment_status":"","ping_status":"","sticky":false,"template":"","format":"standard","meta":{"footnotes":""},"categories":[76],"tags":[79,77,33,31,30,32,78],"class_list":{"0":"post-123518","1":"post","2":"type-post","3":"status-publish","4":"format-standard","5":"has-post-thumbnail","7":"category-talous","8":"tag-business","9":"tag-economy","10":"tag-fi","11":"tag-finland","12":"tag-finnish","13":"tag-suomi","14":"tag-talous"},"share_on_mastodon":{"url":"https:\/\/pubeurope.com\/@fi\/115765579665945778","error":""},"_links":{"self":[{"href":"https:\/\/www.europesays.com\/fi\/wp-json\/wp\/v2\/posts\/123518","targetHints":{"allow":["GET"]}}],"collection":[{"href":"https:\/\/www.europesays.com\/fi\/wp-json\/wp\/v2\/posts"}],"about":[{"href":"https:\/\/www.europesays.com\/fi\/wp-json\/wp\/v2\/types\/post"}],"author":[{"embeddable":true,"href":"https:\/\/www.europesays.com\/fi\/wp-json\/wp\/v2\/users\/2"}],"replies":[{"embeddable":true,"href":"https:\/\/www.europesays.com\/fi\/wp-json\/wp\/v2\/comments?post=123518"}],"version-history":[{"count":0,"href":"https:\/\/www.europesays.com\/fi\/wp-json\/wp\/v2\/posts\/123518\/revisions"}],"wp:featuredmedia":[{"embeddable":true,"href":"https:\/\/www.europesays.com\/fi\/wp-json\/wp\/v2\/media\/106680"}],"wp:attachment":[{"href":"https:\/\/www.europesays.com\/fi\/wp-json\/wp\/v2\/media?parent=123518"}],"wp:term":[{"taxonomy":"category","embeddable":true,"href":"https:\/\/www.europesays.com\/fi\/wp-json\/wp\/v2\/categories?post=123518"},{"taxonomy":"post_tag","embeddable":true,"href":"https:\/\/www.europesays.com\/fi\/wp-json\/wp\/v2\/tags?post=123518"}],"curies":[{"name":"wp","href":"https:\/\/api.w.org\/{rel}","templated":true}]}}