{"id":123520,"date":"2025-12-22T22:29:09","date_gmt":"2025-12-22T22:29:09","guid":{"rendered":"https:\/\/www.europesays.com\/fi\/123520\/"},"modified":"2025-12-22T22:29:09","modified_gmt":"2025-12-22T22:29:09","slug":"tiistai-vilkkain-paiva-joulun-menoliikenteessa-keski-suomessa-pikkupakkasta-tapanina-lampenee-jalleen-keski-suomi","status":"publish","type":"post","link":"https:\/\/www.europesays.com\/fi\/123520\/","title":{"rendered":"Tiistai vilkkain p\u00e4iv\u00e4 joulun menoliikenteess\u00e4\u2009\u2013\u2009Keski-Suomessa pikkupakkasta, tapanina l\u00e4mpenee j\u00e4lleen | Keski-Suomi"},"content":{"rendered":"<p>Joulunpyhien osuminen keskelle viikkoa jakaa menoliikennett\u00e4 usealle eri p\u00e4iv\u00e4lle. Se s\u00e4\u00e4st\u00e4nee kulkijat pahimmilta ruuhkilta.<\/p>\n<p>Ilmatieteen laitoksen ennusteen mukaan Keski-Suomessa menoliikenteen s\u00e4\u00e4 on p\u00e4\u00e4osin pikkupakkasta ilman suuria lumisateita. Torstaina eli tapaninp\u00e4iv\u00e4n\u00e4 l\u00e4mp\u00f6tila kohonnee plussalle.<\/p>\n<p><strong class=\"diks-storyline__impact\">Fintrafficin <\/strong>tieliikennekeskuksen ennusteen mukaan menoliikenteen vilkkain p\u00e4iv\u00e4 on tiistai 23. joulukuuta. Osa joulunviettoon suuntaavista on kuitenkin matkannut jo viime viikon lopulla, mik\u00e4 tasaa ruuhkahuippuja.<\/p>\n<p>\u2013\u2009Etel\u00e4ss\u00e4 menoliikenne alkaa vilkastua tiistaina puolilta p\u00e4ivin ja Keski-Suomessa arviolta kello 14:st\u00e4 alkaen. Liikenne jatkuu vilkkaana iltaan asti, sanoo liikenneoperaattori <strong>Marko Kolattu <\/strong>tieliikennekeskuksesta.<\/p>\n","protected":false},"excerpt":{"rendered":"Joulunpyhien osuminen keskelle viikkoa jakaa menoliikennett\u00e4 usealle eri p\u00e4iv\u00e4lle. Se s\u00e4\u00e4st\u00e4nee kulkijat pahimmilta ruuhkilta. Ilmatieteen laitoksen ennusteen mukaan&hellip;\n","protected":false},"author":2,"featured_media":123521,"comment_status":"","ping_status":"","sticky":false,"template":"","format":"standard","meta":{"footnotes":""},"categories":[12],"tags":[22,23,26,27,33,31,30,17,3894,3355,104,5856,667,24,25,121,28,29,15,18,21,710,32,19,20,16],"class_list":{"0":"post-123520","1":"post","2":"type-post","3":"status-publish","4":"format-standard","5":"has-post-thumbnail","7":"category-suomi","8":"tag-breaking-news","9":"tag-breakingnews","10":"tag-featured-news","11":"tag-featurednews","12":"tag-fi","13":"tag-finland","14":"tag-finnish","15":"tag-headlines","16":"tag-heinola","17":"tag-heinolan-seutukunta","18":"tag-helsinki","19":"tag-joulu","20":"tag-lappi","21":"tag-latest-news","22":"tag-latestnews","23":"tag-liikenne-ja-kuljetus","24":"tag-main-news","25":"tag-mainnews","26":"tag-news","27":"tag-otsikot","28":"tag-paauutiset","29":"tag-saa","30":"tag-suomi","31":"tag-top-stories","32":"tag-topstories","33":"tag-uutiset"},"share_on_mastodon":{"url":"","error":""},"_links":{"self":[{"href":"https:\/\/www.europesays.com\/fi\/wp-json\/wp\/v2\/posts\/123520","targetHints":{"allow":["GET"]}}],"collection":[{"href":"https:\/\/www.europesays.com\/fi\/wp-json\/wp\/v2\/posts"}],"about":[{"href":"https:\/\/www.europesays.com\/fi\/wp-json\/wp\/v2\/types\/post"}],"author":[{"embeddable":true,"href":"https:\/\/www.europesays.com\/fi\/wp-json\/wp\/v2\/users\/2"}],"replies":[{"embeddable":true,"href":"https:\/\/www.europesays.com\/fi\/wp-json\/wp\/v2\/comments?post=123520"}],"version-history":[{"count":0,"href":"https:\/\/www.europesays.com\/fi\/wp-json\/wp\/v2\/posts\/123520\/revisions"}],"wp:featuredmedia":[{"embeddable":true,"href":"https:\/\/www.europesays.com\/fi\/wp-json\/wp\/v2\/media\/123521"}],"wp:attachment":[{"href":"https:\/\/www.europesays.com\/fi\/wp-json\/wp\/v2\/media?parent=123520"}],"wp:term":[{"taxonomy":"category","embeddable":true,"href":"https:\/\/www.europesays.com\/fi\/wp-json\/wp\/v2\/categories?post=123520"},{"taxonomy":"post_tag","embeddable":true,"href":"https:\/\/www.europesays.com\/fi\/wp-json\/wp\/v2\/tags?post=123520"}],"curies":[{"name":"wp","href":"https:\/\/api.w.org\/{rel}","templated":true}]}}