{"id":123522,"date":"2025-12-22T22:30:08","date_gmt":"2025-12-22T22:30:08","guid":{"rendered":"https:\/\/www.europesays.com\/fi\/123522\/"},"modified":"2025-12-22T22:30:08","modified_gmt":"2025-12-22T22:30:08","slug":"poliisin-kysymys-veti-autoilijan-hiljaiseksi","status":"publish","type":"post","link":"https:\/\/www.europesays.com\/fi\/123522\/","title":{"rendered":"Poliisin kysymys veti autoilijan hiljaiseksi"},"content":{"rendered":"<p>Kosto ratissa ei kannata.<\/p>\n<p>22.12. 23:19<\/p>\n<p class=\"article-body mb-nof-24 px-nof-16\">Lounais-Suomen poliisilaitoksen vanhempi konstaapeli <a class=\"article-personlink\" href=\"https:\/\/www.is.fi\/haku\/?query=Anne%20Lepist%C3%B6\" rel=\"nofollow noopener\" target=\"_blank\">Anne Lepist\u00f6<\/a> kertoo virkansa puolesta tehdyll\u00e4 Facebook-tilill\u00e4 kollegansa esitt\u00e4m\u00e4st\u00e4 kysymyksest\u00e4, joka veti rattiraivon valtaan joutuneen autoilijan hiljaiseksi.<\/p>\n<p class=\"article-body mb-nof-24 px-nof-16\">P\u00e4ivityksell\u00e4\u00e4n h\u00e4n haluaa nostaa esille, miten vakavia seurauksia liikenneraivolla voi olla.<\/p>\n<p class=\"article-body mb-nof-24 px-nof-16\">Er\u00e4s autoilija oli j\u00e4isell\u00e4 maantiell\u00e4 ajanut edell\u00e4 olevan takapuskurissa kiinni jo jonkin aikaa.<\/p>\n<p class=\"article-body mb-nof-24 px-nof-16\">Kun poliisi pys\u00e4ytti h\u00e4net ja jututti kuljettajaa, tie oli niin liukas, ettei meinannut pystyss\u00e4 pysy\u00e4, Lepist\u00f6 kirjoittaa.<\/p>\n<p class=\"article-body mb-nof-24 px-nof-16\">\u2013 Mutta kun se tuli mun eteen tuosta yhdest\u00e4 tienhaarasta ja mua alkoi \u00e4rsytt\u00e4\u00e4! oli autonkuljettaja poliisille kertonut.<\/p>\n<p class=\"article-body mb-nof-24 px-nof-16\">Lepist\u00f6n kollega kysyi, mit\u00e4 autoilija tuumaisi, jos h\u00e4nen \u201dkostonsa\u201d takia poliisit olisivat kohta soittamassa jonkun kodin ovikelloa suru-uutisten merkeiss\u00e4.<\/p>\n<p class=\"article-body mb-nof-24 px-nof-16\">\u2013 H\u00e4n ei oikein osannut vastata mit\u00e4\u00e4n.<\/p>\n<p class=\"article-body mb-nof-24 px-nof-16\">Tapauksella Lepist\u00f6 haluaa muistuttaa, ett\u00e4 jokainen tekee liikenteess\u00e4 joskus virheit\u00e4.<\/p>\n<p class=\"article-body mb-nof-24 px-nof-16\">\u2013 Ei ole toisen tienk\u00e4ytt\u00e4j\u00e4n asia alkaa kostamaan ja kouluttamaan toista tienk\u00e4ytt\u00e4j\u00e4\u00e4 virheen my\u00f6t\u00e4.<\/p>\n<p class=\"article-body mb-nof-24 px-nof-16\">Se voi johtaa onnettomuuteen ja seuraukset voivat olla pahemmat kuin osasi kuvitella.<\/p>\n<p class=\"article-body mb-nof-24 px-nof-16\">\u2013 Annetaan toiselle virhe anteeksi ja pysyt\u00e4\u00e4n rauhallisena.<\/p>\n","protected":false},"excerpt":{"rendered":"Kosto ratissa ei kannata. 22.12. 23:19 Lounais-Suomen poliisilaitoksen vanhempi konstaapeli Anne Lepist\u00f6 kertoo virkansa puolesta tehdyll\u00e4 Facebook-tilill\u00e4 kollegansa&hellip;\n","protected":false},"author":2,"featured_media":123523,"comment_status":"","ping_status":"","sticky":false,"template":"","format":"standard","meta":{"footnotes":""},"categories":[5],"tags":[22,23,26,27,33,31,30,17,34,24,25,28,29,15,18,21,32,19,20,16],"class_list":{"0":"post-123522","1":"post","2":"type-post","3":"status-publish","4":"format-standard","5":"has-post-thumbnail","7":"category-otsikot","8":"tag-breaking-news","9":"tag-breakingnews","10":"tag-featured-news","11":"tag-featurednews","12":"tag-fi","13":"tag-finland","14":"tag-finnish","15":"tag-headlines","16":"tag-ilta-sanomat","17":"tag-latest-news","18":"tag-latestnews","19":"tag-main-news","20":"tag-mainnews","21":"tag-news","22":"tag-otsikot","23":"tag-paauutiset","24":"tag-suomi","25":"tag-top-stories","26":"tag-topstories","27":"tag-uutiset"},"share_on_mastodon":{"url":"https:\/\/pubeurope.com\/@fi\/115765590260652172","error":""},"_links":{"self":[{"href":"https:\/\/www.europesays.com\/fi\/wp-json\/wp\/v2\/posts\/123522","targetHints":{"allow":["GET"]}}],"collection":[{"href":"https:\/\/www.europesays.com\/fi\/wp-json\/wp\/v2\/posts"}],"about":[{"href":"https:\/\/www.europesays.com\/fi\/wp-json\/wp\/v2\/types\/post"}],"author":[{"embeddable":true,"href":"https:\/\/www.europesays.com\/fi\/wp-json\/wp\/v2\/users\/2"}],"replies":[{"embeddable":true,"href":"https:\/\/www.europesays.com\/fi\/wp-json\/wp\/v2\/comments?post=123522"}],"version-history":[{"count":0,"href":"https:\/\/www.europesays.com\/fi\/wp-json\/wp\/v2\/posts\/123522\/revisions"}],"wp:featuredmedia":[{"embeddable":true,"href":"https:\/\/www.europesays.com\/fi\/wp-json\/wp\/v2\/media\/123523"}],"wp:attachment":[{"href":"https:\/\/www.europesays.com\/fi\/wp-json\/wp\/v2\/media?parent=123522"}],"wp:term":[{"taxonomy":"category","embeddable":true,"href":"https:\/\/www.europesays.com\/fi\/wp-json\/wp\/v2\/categories?post=123522"},{"taxonomy":"post_tag","embeddable":true,"href":"https:\/\/www.europesays.com\/fi\/wp-json\/wp\/v2\/tags?post=123522"}],"curies":[{"name":"wp","href":"https:\/\/api.w.org\/{rel}","templated":true}]}}