{"id":123524,"date":"2025-12-22T22:42:10","date_gmt":"2025-12-22T22:42:10","guid":{"rendered":"https:\/\/www.europesays.com\/fi\/123524\/"},"modified":"2025-12-22T22:42:10","modified_gmt":"2025-12-22T22:42:10","slug":"hector-sai-faksin-ja-elama-muuttui-rakastuin-kuin-teinipoika","status":"publish","type":"post","link":"https:\/\/www.europesays.com\/fi\/123524\/","title":{"rendered":"Hector sai faksin ja el\u00e4m\u00e4 muuttui \u2013 \u201dRakastuin kuin teinipoika&#8221;"},"content":{"rendered":"<p>Vuonna 1990 laulaja ja lauluntekij\u00e4 <strong>Hector<\/strong> sai faksin, joka muutti h\u00e4nen el\u00e4m\u00e4ns\u00e4. <\/p>\n<p>Hector kertoo <a href=\"https:\/\/anna.fi\/nakoislehti\" target=\"_blank\" rel=\"noreferrer noopener nofollow\">Anna-lehden<\/a> haastattelussa, ett\u00e4 viestiss\u00e4 tiedusteltiin muusikkoa keikalle lehdist\u00f6lle j\u00e4rjestett\u00e4viin pikkujouluihin. <\/p>\n<p>Faksin l\u00e4hett\u00e4j\u00e4 oli MTV3:n tiedottaja, my\u00f6hemmin yhti\u00f6n kotimaisen draaman p\u00e4\u00e4llik\u00f6ksi edennyt <strong>Sarita Koskelin<\/strong>.<\/p>\n<p>\u201dSaritan sanank\u00e4\u00e4nteet olivat sellaisia, ett\u00e4 ajattelin heti, ett\u00e4 t\u00e4ss\u00e4p\u00e4 on hauska tyyppi. Vastasin h\u00e4nelle faksilla ja yritin olla v\u00e4h\u00e4n hauska itsekin. H\u00e4nen seuraavassa faksissaan oli jo niin hyv\u00e4\u00e4 huumoria, ett\u00e4 tajusin selke\u00e4sti, ett\u00e4 me olemme samalla tajunnan tasolla.\u201d<\/p>\n<p>Hector ja Sarita tapasivat kuppilassa keskustellakseen keikasta tarkemmin. <\/p>\n<p>\u201dOtin kahvit ja menin minulle vilkuttavan naisen p\u00f6yt\u00e4\u00e4n. Sarita oli nuoren, mutta viisaan n\u00e4k\u00f6inen, h\u00e4nell\u00e4 oli kauniit, ilmeikk\u00e4\u00e4t kasvot \u2013 ja n\u00e4iden vastapainoksi ihan perkeleellinen huumori. Minun oli pakko laittaa itsekin Monty Python -vaihde p\u00e4\u00e4lle.\u201d<\/p>\n<p>Avioliitossa oli kitkaa<\/p>\n<p>Tapaamisen j\u00e4lkeen Hector oli py\u00f6r\u00e4ll\u00e4 p\u00e4\u00e4st\u00e4\u00e4n. H\u00e4n oli naimisissa ja ajatteli, ett\u00e4 erikoinen tunne pit\u00e4isi unohtaa. <\/p>\n<p>Muusikon avioliitto oli kest\u00e4nyt parikymment\u00e4 vuotta, mutta suhteessa oli kitkaa Hectorin t\u00f6iden ja holtittomuuden takia. Alkuaikojen palo oli p\u00e4\u00e4ssyt haalistumaan.<\/p>\n<p>\u201dKeikan takia faksailumme Saritan kanssa jatkui, ja se vaan naksahti jotenkin niin, ett\u00e4 minun oli pakko tavata h\u00e4net uudelleen, kahden kesken.\u201d<\/p>\n<p>Treffien j\u00e4lkeen Hector oli mennytt\u00e4 miest\u00e4. <\/p>\n<p>\u201dRakastuin kuin teinipoika. Maan vetovoimalla ei sen j\u00e4lkeen ollut mit\u00e4\u00e4n merkityst\u00e4\u201d, Hector kuvailee Anna-lehdelle. <\/p>\n<p>H\u00e4n tiesi, ett\u00e4 tilanteessa oli kaikki ainekset katastrofiin. <\/p>\n<p>\u201dSarita toisteli, ett\u00e4 min\u00e4 en tule sinun avioliittoasi rikkomaan, siihen en l\u00e4hde. Ett\u00e4 sin\u00e4 tulet, jos et voi olla tulematta. Se oli suora lainaus Hella Wuolijoen Niskavuoresta.\u201d<\/p>\n<p>\u201dPoikiani en kuitenkaan hyl\u00e4nnyt\u201d<\/p>\n<p>Hector p\u00e4\u00e4tyi eroamaan, mik\u00e4 oli kova paikka h\u00e4nen teini-ik\u00e4isille pojilleen. Muusikon mukaan koko perhe kipuili asian kanssa. <\/p>\n<p>Vuosien mittaan haavat ovat kuitenin arpeutuneet, ja v\u00e4lit ovat hyv\u00e4t. <\/p>\n<p>\u201dOlin onnekas, ett\u00e4 sain kokea nuoruuden rakastumisen viel\u00e4 keski-i\u00e4ss\u00e4. Tietysti siin\u00e4 oli omat v\u00e4\u00e4j\u00e4\u00e4m\u00e4tt\u00f6m\u00e4t traagiset puolensa. Poikiani en kuitenkaan hyl\u00e4nnyt. Oli kristallinkirkasta, ett\u00e4 lapset ovat el\u00e4m\u00e4ss\u00e4ni mukana<br \/>niin kauan kuin olen olemassa.\u201d<\/p>\n<p><a href=\"https:\/\/seura.fi\/viihde\/julkkikset\/kotiliesi-hector-katsoi-kuolemaa-silmasta-silmaan-sanooko-heikki-harma-nyt-lopulliset-hyvastit-musiikkiuralleen\/\" rel=\"nofollow noopener\" target=\"_blank\">Lue my\u00f6s: Hector katsoi kuolemaa silm\u00e4st\u00e4 silm\u00e4\u00e4n \u2013 sanooko Heikki Harma nyt lopulliset hyv\u00e4stit musiikkiuralleen?<\/a><\/p>\n<p>    <a href=\"https:\/\/seura.fi\/wp-content\/uploads\/2019\/12\/hector_.jpg\" rel=\"nofollow noopener\" target=\"_blank\"><img loading=\"lazy\" decoding=\"async\" alt=\"72-vuotias Hector pohtii aivan eri tavoin el\u00e4m\u00e4n rajallisuutta.\" class=\"wp-image-1885438 awpo-lqip awpo-lazy\" width=\"1920\" height=\"1080\" style=\"--aspect-ratio: 1.78\" src=\"https:\/\/www.europesays.com\/fi\/wp-content\/uploads\/2025\/12\/hector_.jpg\"\/><\/a><br \/>\n      72-vuotias Hector pohtii aivan eri tavoin el\u00e4m\u00e4n rajallisuutta.          <\/p>\n","protected":false},"excerpt":{"rendered":"Vuonna 1990 laulaja ja lauluntekij\u00e4 Hector sai faksin, joka muutti h\u00e4nen el\u00e4m\u00e4ns\u00e4. Hector kertoo Anna-lehden haastattelussa, ett\u00e4 viestiss\u00e4&hellip;\n","protected":false},"author":2,"featured_media":123525,"comment_status":"","ping_status":"","sticky":false,"template":"","format":"standard","meta":{"footnotes":""},"categories":[136],"tags":[1075,407,137,33,31,30,14541,22105,408,3319,1496,7678,1311,32,109],"class_list":{"0":"post-123524","1":"post","2":"type-post","3":"status-publish","4":"format-standard","5":"has-post-thumbnail","7":"category-julkkikset","8":"tag-avioliitto","9":"tag-celebrities","10":"tag-entertainment","11":"tag-fi","12":"tag-finland","13":"tag-finnish","14":"tag-hector","15":"tag-heikki-harma","16":"tag-julkkikset","17":"tag-laulajat","18":"tag-parisuhde","19":"tag-rakastuminen","20":"tag-rakkaus","21":"tag-suomi","22":"tag-viihde"},"share_on_mastodon":{"url":"https:\/\/pubeurope.com\/@fi\/115765637698798704","error":""},"_links":{"self":[{"href":"https:\/\/www.europesays.com\/fi\/wp-json\/wp\/v2\/posts\/123524","targetHints":{"allow":["GET"]}}],"collection":[{"href":"https:\/\/www.europesays.com\/fi\/wp-json\/wp\/v2\/posts"}],"about":[{"href":"https:\/\/www.europesays.com\/fi\/wp-json\/wp\/v2\/types\/post"}],"author":[{"embeddable":true,"href":"https:\/\/www.europesays.com\/fi\/wp-json\/wp\/v2\/users\/2"}],"replies":[{"embeddable":true,"href":"https:\/\/www.europesays.com\/fi\/wp-json\/wp\/v2\/comments?post=123524"}],"version-history":[{"count":0,"href":"https:\/\/www.europesays.com\/fi\/wp-json\/wp\/v2\/posts\/123524\/revisions"}],"wp:featuredmedia":[{"embeddable":true,"href":"https:\/\/www.europesays.com\/fi\/wp-json\/wp\/v2\/media\/123525"}],"wp:attachment":[{"href":"https:\/\/www.europesays.com\/fi\/wp-json\/wp\/v2\/media?parent=123524"}],"wp:term":[{"taxonomy":"category","embeddable":true,"href":"https:\/\/www.europesays.com\/fi\/wp-json\/wp\/v2\/categories?post=123524"},{"taxonomy":"post_tag","embeddable":true,"href":"https:\/\/www.europesays.com\/fi\/wp-json\/wp\/v2\/tags?post=123524"}],"curies":[{"name":"wp","href":"https:\/\/api.w.org\/{rel}","templated":true}]}}