{"id":123528,"date":"2025-12-22T22:50:10","date_gmt":"2025-12-22T22:50:10","guid":{"rendered":"https:\/\/www.europesays.com\/fi\/123528\/"},"modified":"2025-12-22T22:50:10","modified_gmt":"2025-12-22T22:50:10","slug":"ravintolat-uuden-ravintolan-helsinkiin-avannut-huippukokki-voitti-kansainvalisen-master-chef-kilpailun-paikalliset","status":"publish","type":"post","link":"https:\/\/www.europesays.com\/fi\/123528\/","title":{"rendered":"Ravintolat | Uuden ravintolan Helsinkiin avannut huippukokki voitti kansainv\u00e4lisen Master Chef -kilpailun | Paikalliset"},"content":{"rendered":"<p>Suomalaiskokki<strong> Kim P\u00e4iv\u00e4st\u00f6<\/strong>, 34, kruunattiin lauantai-iltana MasterChef Professionals Eesti -kauden voittajaksi.<\/p>\n<p>Suosittu tv-ohjelma ja kilpailu alkoi lokakuun alussa.<\/p>\n<p>\u2013\u2009Finaalissa teht\u00e4v\u00e4n\u00e4 oli valmistaa kuuden ruokalajin menu nojaten omaan erikoisosaamiseen. Aikaa jokaisen ruokalajin valmistamiseen oli 45 minuuttia. Sykkeet korkealla, mutta rauhallisella mielell\u00e4 onnistuin ja voitin! h\u00e4n sanoo tiedotteessa.<\/p>\n<p>\t\t<a class=\"diks-gallery__link\" href=\"https:\/\/i.media.fi\/incoming\/xrpa9a\/11213696.jpg\/alternates\/FREE_1440\/11213696.jpg\" data-thumbnail=\"\" data-sub-html=\"Harry Tiits\" aria-label=\"Katso isompi kuva\" rel=\"nofollow noopener\" target=\"_blank\"><br \/>\n\t\t\t\t<img class=\"diks-figure__image\" src=\"https:\/\/www.europesays.com\/fi\/wp-content\/uploads\/2025\/12\/11213696.jpg\" loading=\"lazy\" decoding=\"sync\" alt=\"\"\/><\/p>\n<p>\t\t\t<\/a><br \/>\n\t\t\t\t\tHarry Tiits<\/p>\n<p>P\u00e4iv\u00e4st\u00f6 on 18-vuotisen ammattilaisuran aikana ty\u00f6skennellyt eri puolilla Eurooppaa monessa Michelin-t\u00e4hdell\u00e4 palkitussa ravintolassa. N\u00e4ihin lukeutuvat muun muassa yhden t\u00e4hden Petrus by Gordon Ramsay Lontoossa ja kolmen t\u00e4hden Hertog Jan Zedelgemiss\u00e4, Belgiassa.<\/p>\n<p>Suomessa P\u00e4iv\u00e4st\u00f6 toiminut keitti\u00f6mestarina muun muassa Michelin-t\u00e4hdet saaneissa Ravintola Demossa ja Ravintola Inarissa. H\u00e4n on tehny yhteisty\u00f6t\u00e4 my\u00f6s kortteliravintola \u00c4ff\u00e4n kanssa.<\/p>\n<p>Vuonna 2021 h\u00e4n voitti Suomen Vuoden kokki &#8211; kilpailun.<\/p>\n<p>\u2013\u2009 Kimin ruokafilosofia nojautuu vahvasti klassiseen ranskalaiseen keitti\u00f6\u00f6n, mutta twistej\u00e4 omaleimaisempiin valmistustapoihin ja makupalettiin h\u00e4n on hakenut useilta Kaakkois-Aasian ja Japanin opintomatkoilta. Viimeiset kolme vuotta Kim on asunut Tallinnassa tehden muun muassa ruoka-alan konsultointia, tiedotteessa kerrotaan.<\/p>\n<p><strong class=\"diks-storyline__impact\">P\u00e4iv\u00e4st\u00f6 avasi <\/strong>lokakuussa Kallioon <a href=\"https:\/\/www.helsinginuutiset.fi\/paikalliset\/8895601\" rel=\"nofollow noopener\" target=\"_blank\">Twenty Four Social Club<\/a> -ravintolan yhdess\u00e4 <strong>Mika Koivulan<\/strong> ja <strong>Kenneth L\u00f6fstr\u00f6min <\/strong>kanssa.<\/p>\n","protected":false},"excerpt":{"rendered":"Suomalaiskokki Kim P\u00e4iv\u00e4st\u00f6, 34, kruunattiin lauantai-iltana MasterChef Professionals Eesti -kauden voittajaksi. Suosittu tv-ohjelma ja kilpailu alkoi lokakuun alussa.&hellip;\n","protected":false},"author":2,"featured_media":123529,"comment_status":"","ping_status":"","sticky":false,"template":"","format":"standard","meta":{"footnotes":""},"categories":[130],"tags":[137,2267,33,31,30,104,4984,7119,3723,900,32,3129,109],"class_list":{"0":"post-123528","1":"post","2":"type-post","3":"status-publish","4":"format-standard","5":"has-post-thumbnail","7":"category-viihde","8":"tag-entertainment","9":"tag-eurooppa","10":"tag-fi","11":"tag-finland","12":"tag-finnish","13":"tag-helsinki","14":"tag-keittiot","15":"tag-menut","16":"tag-ravintolat","17":"tag-ruoka","18":"tag-suomi","19":"tag-tallinna","20":"tag-viihde"},"share_on_mastodon":{"url":"https:\/\/pubeurope.com\/@fi\/115765669124480477","error":""},"_links":{"self":[{"href":"https:\/\/www.europesays.com\/fi\/wp-json\/wp\/v2\/posts\/123528","targetHints":{"allow":["GET"]}}],"collection":[{"href":"https:\/\/www.europesays.com\/fi\/wp-json\/wp\/v2\/posts"}],"about":[{"href":"https:\/\/www.europesays.com\/fi\/wp-json\/wp\/v2\/types\/post"}],"author":[{"embeddable":true,"href":"https:\/\/www.europesays.com\/fi\/wp-json\/wp\/v2\/users\/2"}],"replies":[{"embeddable":true,"href":"https:\/\/www.europesays.com\/fi\/wp-json\/wp\/v2\/comments?post=123528"}],"version-history":[{"count":0,"href":"https:\/\/www.europesays.com\/fi\/wp-json\/wp\/v2\/posts\/123528\/revisions"}],"wp:featuredmedia":[{"embeddable":true,"href":"https:\/\/www.europesays.com\/fi\/wp-json\/wp\/v2\/media\/123529"}],"wp:attachment":[{"href":"https:\/\/www.europesays.com\/fi\/wp-json\/wp\/v2\/media?parent=123528"}],"wp:term":[{"taxonomy":"category","embeddable":true,"href":"https:\/\/www.europesays.com\/fi\/wp-json\/wp\/v2\/categories?post=123528"},{"taxonomy":"post_tag","embeddable":true,"href":"https:\/\/www.europesays.com\/fi\/wp-json\/wp\/v2\/tags?post=123528"}],"curies":[{"name":"wp","href":"https:\/\/api.w.org\/{rel}","templated":true}]}}