{"id":123542,"date":"2025-12-22T23:15:10","date_gmt":"2025-12-22T23:15:10","guid":{"rendered":"https:\/\/www.europesays.com\/fi\/123542\/"},"modified":"2025-12-22T23:15:10","modified_gmt":"2025-12-22T23:15:10","slug":"uusi-kaanne-jacob-grandisonin-testikohussa","status":"publish","type":"post","link":"https:\/\/www.europesays.com\/fi\/123542\/","title":{"rendered":"Uusi k\u00e4\u00e4nne Jacob Grandisonin testikohussa"},"content":{"rendered":"<p>Jacob Grandison ei ole n\u00e4kynyt kentill\u00e4 kolmeen kuukauteen.<\/p>\n<p><img decoding=\"async\" class=\"image image-show image-preview\" src=\"https:\/\/www.europesays.com\/fi\/wp-content\/uploads\/2025\/12\/21abc0f6e413b4062a15eb824f8cadbddb79ad836448ff4c970f2217efe4ae6d.jpg\" alt=\"\"\/><img decoding=\"async\" class=\"image image-show\" src=\"https:\/\/www.europesays.com\/fi\/wp-content\/uploads\/2025\/12\/1766445310_811_21abc0f6e413b4062a15eb824f8cadbddb79ad836448ff4c970f2217efe4ae6d.jpg\" alt=\"\"\/><\/p>\n<p>Jacob Grandison siirrettiin sivuun Boulazacin peleist\u00e4 syksyll\u00e4 testin\u00e4ytteen takia. Kuvituskuva. Jussi Saarinen<\/p>\n<p class=\"paragraph\">Suomen maajoukkuekoripalloilija <a href=\"https:\/\/www.iltalehti.fi\/henkilot\/Jacob Grandison\" class=\"article-link-person-page\" rel=\"nofollow noopener\" target=\"_blank\">Jacob Grandison<\/a>, 27, siirrettiin sivuun EM-turnauksessa annetun testin\u00e4ytteen takia, ranskalainen <a href=\"https:\/\/www.bebasket.fr\/le-mystere-grandison-leve-par-la-lnb-une-affaire-de-faux-dopage-a-lorigine-de-son-absence-indefinie\" rel=\"noopener nofollow\" target=\"_blank\">Bebasket<\/a> raportoi.<\/p>\n<p class=\"paragraph\">Ranskan koripallon kattoj\u00e4rjest\u00f6n LNB:n puheenjohtaja <strong>Philippe Ausseur<\/strong> v\u00e4itt\u00e4\u00e4 <a href=\"https:\/\/www.facebook.com\/France3NouvelleAquitaine\/videos\/dr%C3%B4le-dhistoire-pour-le-joueur-de-basket-de-boulazacbasketofficiel-pourquoi-jaco\/862658459583372\/\" rel=\"noopener nofollow\" target=\"_blank\">France 3 NoA:n<\/a> haastattelussa, ett\u00e4 Grandison k\u00e4rysi Suomen liiton l\u00e4\u00e4k\u00e4rin tekem\u00e4n virheen takia.<\/p>\n<p class=\"paragraph\">Ausseurin mukaan Grandisonilla on lupa testin\u00e4ytteess\u00e4 n\u00e4kyneen l\u00e4\u00e4kkeen k\u00e4ytt\u00f6\u00f6n. Suomalainen l\u00e4\u00e4k\u00e4ri ei kuitenkaan ollut toimittanut antidopingtoimisto Wadalle tarvittavia todistuksia, mink\u00e4 seuraksena Grandisonia syytettiin dopingista v\u00e4\u00e4rin perustein.<\/p>\n<p class=\"paragraph\">\u2013 T\u00e4m\u00e4 on valitettava tapaus, Ausseur sanoo ja valittelee Wadan hitautta tapauksen k\u00e4sittelyss\u00e4.<\/p>\n<p class=\"paragraph\">\u2013 Kyse on miehest\u00e4, joka ei voi harjoittaa ammattiaan, Ausseur sanoo.<\/p>\n<p class=\"paragraph\">Ranskan liigan Boulazac Basketiin siirtynyt Grandison ei ole p\u00e4\u00e4ssyt pelaamaan tai harjoittelemaan uuden joukkueensa kanssa.<\/p>\n<p class=\"paragraph\">Valmentaja <strong>Alexandre M\u00e9nard<\/strong> kertoo <a href=\"https:\/\/www.dordognelibre.fr\/sport\/basket\/bbd\/jacob-grandison-l-arlesienne-du-boulazac-basket-dordogne-27151301.php\" rel=\"noopener nofollow\" target=\"_blank\">La Dordogne Libren<\/a> haastattelussa haluavansa Grandisonin mahdollisimman pian mukaan peleihin.<\/p>\n<p class=\"paragraph\">\u2013 Odotamme innolla, ett\u00e4 t\u00e4m\u00e4 ratkeaa tavalla tai toisella, M\u00e9nard sanoo.<\/p>\n<p class=\"paragraph\">\u2013 Jacob on todellakin se pelaaja, joka meilt\u00e4 puuttuu.<\/p>\n","protected":false},"excerpt":{"rendered":"Jacob Grandison ei ole n\u00e4kynyt kentill\u00e4 kolmeen kuukauteen. Jacob Grandison siirrettiin sivuun Boulazacin peleist\u00e4 syksyll\u00e4 testin\u00e4ytteen takia. Kuvituskuva.&hellip;\n","protected":false},"author":2,"featured_media":123543,"comment_status":"","ping_status":"","sticky":false,"template":"","format":"standard","meta":{"footnotes":""},"categories":[158],"tags":[35,33,31,30,41,159,32,502,167,160,2957,161],"class_list":{"0":"post-123542","1":"post","2":"type-post","3":"status-publish","4":"format-standard","5":"has-post-thumbnail","7":"category-urheilu","8":"tag-24h","9":"tag-fi","10":"tag-finland","11":"tag-finnish","12":"tag-liikunta-ja-urheilu","13":"tag-sports","14":"tag-suomi","15":"tag-terveydenhoito","16":"tag-terveys","17":"tag-urheilu","18":"tag-urheilujarjestot","19":"tag-urheilutapahtumat"},"share_on_mastodon":{"url":"https:\/\/pubeurope.com\/@fi\/115765767522573056","error":""},"_links":{"self":[{"href":"https:\/\/www.europesays.com\/fi\/wp-json\/wp\/v2\/posts\/123542","targetHints":{"allow":["GET"]}}],"collection":[{"href":"https:\/\/www.europesays.com\/fi\/wp-json\/wp\/v2\/posts"}],"about":[{"href":"https:\/\/www.europesays.com\/fi\/wp-json\/wp\/v2\/types\/post"}],"author":[{"embeddable":true,"href":"https:\/\/www.europesays.com\/fi\/wp-json\/wp\/v2\/users\/2"}],"replies":[{"embeddable":true,"href":"https:\/\/www.europesays.com\/fi\/wp-json\/wp\/v2\/comments?post=123542"}],"version-history":[{"count":0,"href":"https:\/\/www.europesays.com\/fi\/wp-json\/wp\/v2\/posts\/123542\/revisions"}],"wp:featuredmedia":[{"embeddable":true,"href":"https:\/\/www.europesays.com\/fi\/wp-json\/wp\/v2\/media\/123543"}],"wp:attachment":[{"href":"https:\/\/www.europesays.com\/fi\/wp-json\/wp\/v2\/media?parent=123542"}],"wp:term":[{"taxonomy":"category","embeddable":true,"href":"https:\/\/www.europesays.com\/fi\/wp-json\/wp\/v2\/categories?post=123542"},{"taxonomy":"post_tag","embeddable":true,"href":"https:\/\/www.europesays.com\/fi\/wp-json\/wp\/v2\/tags?post=123542"}],"curies":[{"name":"wp","href":"https:\/\/api.w.org\/{rel}","templated":true}]}}