{"id":123548,"date":"2025-12-22T23:20:06","date_gmt":"2025-12-22T23:20:06","guid":{"rendered":"https:\/\/www.europesays.com\/fi\/123548\/"},"modified":"2025-12-22T23:20:06","modified_gmt":"2025-12-22T23:20:06","slug":"trump-yhdysvaltain-laivastolle-uusia-taistelulaivoja-alukset-nimetaan-trumpin-mukaan-uutisia-lyhyesti","status":"publish","type":"post","link":"https:\/\/www.europesays.com\/fi\/123548\/","title":{"rendered":"Trump: Yhdysvaltain laivastolle uusia taistelulaivoja \u2013 alukset nimet\u00e4\u00e4n Trumpin mukaan | Uutisia lyhyesti"},"content":{"rendered":"<p class=\"aw-1gybjub aw-1p7kakr kEtdKx cEmitX yle__article__paragraph\">Yhdysvaltain laivasto aikoo rakennuttaa merkitt\u00e4v\u00e4sti lis\u00e4\u00e4 taistelulaivoja, kertoo presidentti <strong class=\"aw-ak79eh KyCXm yle__article__strong\">Donald Trump<\/strong> lehdist\u00f6tilaisuudessa.<\/p>\n<p class=\"aw-1gybjub aw-1p7kakr kEtdKx cEmitX yle__article__paragraph\">Presidentin mukaan ty\u00f6t aloitetaan kahden taistelulaivan rakentamisella. My\u00f6hemmin hanke laajentuisi kattamaan 20\u201325 alusta.<\/p>\n<p class=\"aw-1gybjub aw-1p7kakr kEtdKx cEmitX yle__article__paragraph\">Lehdist\u00f6tilaisuudessa esill\u00e4 olevissa julisteissa on kuvia taistelulaivoista ja teksti \u201dTrump-luokka USS Defiant\u201d.<\/p>\n<p class=\"aw-1gybjub aw-1p7kakr kEtdKx cEmitX yle__article__paragraph\">Trump my\u00f6s kertoi keskustelevansa ensi viikolla puolustusteollisuuden edustajien kanssa tuotannon viiv\u00e4styksist\u00e4 ja kustannusten ylityksist\u00e4. Yhdysvaltain hallinto on arvostellut puolustusteollisuuden korkeita hintoja, hitautta ja kankeutta.<\/p>\n<p class=\"aw-1gybjub aw-1p7kakr kEtdKx cEmitX yle__article__paragraph\">Uutinen p\u00e4ivittyy.<\/p>\n<p class=\"aw-1gybjub aw-1p7kakr kEtdKx cEmitX yle__article__paragraph\">L\u00e4hde: Reuters<\/p>\n","protected":false},"excerpt":{"rendered":"Yhdysvaltain laivasto aikoo rakennuttaa merkitt\u00e4v\u00e4sti lis\u00e4\u00e4 taistelulaivoja, kertoo presidentti Donald Trump lehdist\u00f6tilaisuudessa. Presidentin mukaan ty\u00f6t aloitetaan kahden taistelulaivan&hellip;\n","protected":false},"author":2,"featured_media":123549,"comment_status":"","ping_status":"","sticky":false,"template":"","format":"standard","meta":{"footnotes":""},"categories":[14],"tags":[22,23,585,26,27,33,31,30,17,24,25,28,29,15,18,21,32,19,20,56,16,59,60,61,619,4595,8509,1867],"class_list":{"0":"post-123548","1":"post","2":"type-post","3":"status-publish","4":"format-standard","5":"has-post-thumbnail","7":"category-ulkomaat","8":"tag-breaking-news","9":"tag-breakingnews","10":"tag-donald-trump","11":"tag-featured-news","12":"tag-featurednews","13":"tag-fi","14":"tag-finland","15":"tag-finnish","16":"tag-headlines","17":"tag-latest-news","18":"tag-latestnews","19":"tag-main-news","20":"tag-mainnews","21":"tag-news","22":"tag-otsikot","23":"tag-paauutiset","24":"tag-suomi","25":"tag-top-stories","26":"tag-topstories","27":"tag-ulkomaat","28":"tag-uutiset","29":"tag-world","30":"tag-world-news","31":"tag-worldnews","32":"tag-yhdysvallat","33":"tag-yhdysvaltain-asevoimat","34":"tag-yhdysvaltain-laivasto","35":"tag-yhdysvaltojen-politiikka"},"share_on_mastodon":{"url":"https:\/\/pubeurope.com\/@fi\/115765787224704350","error":""},"_links":{"self":[{"href":"https:\/\/www.europesays.com\/fi\/wp-json\/wp\/v2\/posts\/123548","targetHints":{"allow":["GET"]}}],"collection":[{"href":"https:\/\/www.europesays.com\/fi\/wp-json\/wp\/v2\/posts"}],"about":[{"href":"https:\/\/www.europesays.com\/fi\/wp-json\/wp\/v2\/types\/post"}],"author":[{"embeddable":true,"href":"https:\/\/www.europesays.com\/fi\/wp-json\/wp\/v2\/users\/2"}],"replies":[{"embeddable":true,"href":"https:\/\/www.europesays.com\/fi\/wp-json\/wp\/v2\/comments?post=123548"}],"version-history":[{"count":0,"href":"https:\/\/www.europesays.com\/fi\/wp-json\/wp\/v2\/posts\/123548\/revisions"}],"wp:featuredmedia":[{"embeddable":true,"href":"https:\/\/www.europesays.com\/fi\/wp-json\/wp\/v2\/media\/123549"}],"wp:attachment":[{"href":"https:\/\/www.europesays.com\/fi\/wp-json\/wp\/v2\/media?parent=123548"}],"wp:term":[{"taxonomy":"category","embeddable":true,"href":"https:\/\/www.europesays.com\/fi\/wp-json\/wp\/v2\/categories?post=123548"},{"taxonomy":"post_tag","embeddable":true,"href":"https:\/\/www.europesays.com\/fi\/wp-json\/wp\/v2\/tags?post=123548"}],"curies":[{"name":"wp","href":"https:\/\/api.w.org\/{rel}","templated":true}]}}