{"id":123561,"date":"2025-12-22T23:46:08","date_gmt":"2025-12-22T23:46:08","guid":{"rendered":"https:\/\/www.europesays.com\/fi\/123561\/"},"modified":"2025-12-22T23:46:08","modified_gmt":"2025-12-22T23:46:08","slug":"trump-yhdysvaltojen-taytyy-saada-gronlanti-uutisia-lyhyesti","status":"publish","type":"post","link":"https:\/\/www.europesays.com\/fi\/123561\/","title":{"rendered":"Trump: Yhdysvaltojen t\u00e4ytyy saada Gr\u00f6nlanti | Uutisia lyhyesti"},"content":{"rendered":"<p class=\"aw-1gybjub aw-5vja16 kEtdKx kmuxyA yle__article__paragraph\">Presidentin mukaan taustalla eiv\u00e4t ole niin sanotut kriittiset mineraalit, vaan kansallinen turvallisuus.<\/p>\n<p><img decoding=\"async\" alt=\"Louisianan kuvern\u00f6\u00f6ri Jeff Landry puhuu presidentti Donald Trumpin n\u00e4kyess\u00e4 taustalla.\" src=\"https:\/\/www.europesays.com\/fi\/wp-content\/uploads\/2025\/12\/1766447168_398_39-15732786948b9c11cbe5.jpeg\" class=\"aw-1l9m598 hKVVvP\"\/><\/p>\n<p>Avaa kuvien katselu<\/p>\n<p>Presidentti Trump nimitti viikonloppuna Yhdysvaltain Gr\u00f6nlannin-erityisl\u00e4hettil\u00e4\u00e4ksi nimitetty Louisianan republikaanikuvern\u00f6\u00f6ri Jeff Landryn. Kuva: Samuel Corum \/ EPA<\/p>\n<p class=\"aw-1gybjub aw-1p7kakr kEtdKx cEmitX yle__article__paragraph\">Yhdysvaltain presidentti <strong class=\"aw-ak79eh KyCXm yle__article__strong\">Donald Trump<\/strong> on toistanut pyrkimyksens\u00e4 liitt\u00e4\u00e4 Gr\u00f6nlanti osaksi Yhdysvaltoja. Trump kommentoi asiaa Mar-a-Lagon kartanollaan paikallista aikaa maanantaina.<\/p>\n<p class=\"aw-1gybjub aw-1p7kakr kEtdKx cEmitX yle__article__paragraph\">Presidentin mukaan taustalla eiv\u00e4t ole niin sanotut kriittiset mineraalit, vaan kansallinen turvallisuus.<\/p>\n<p class=\"aw-1gybjub aw-1p7kakr kEtdKx cEmitX yle__article__paragraph\">\u2013 Meid\u00e4n t\u00e4ytyy saada se, Trump sanoi.<\/p>\n<p class=\"aw-1gybjub aw-1p7kakr kEtdKx cEmitX yle__article__paragraph\">Trump nimitti viikonloppuna Yhdysvaltain Gr\u00f6nlannin-erityisl\u00e4hettil\u00e4\u00e4ksi Louisianan republikaanikuvern\u00f6\u00f6ri <strong class=\"aw-ak79eh KyCXm yle__article__strong\">Jeff Landryn<\/strong>. Uusi erityisl\u00e4hettil\u00e4s kiitteli Trumpia nimityksest\u00e4 ja <a class=\"aw-iao6s4 iHOxEa yle__article__link\" href=\"https:\/\/yle.fi\/a\/74-20201055\" role=\"link\" rel=\"nofollow noopener\" target=\"_blank\">sanoi<\/a>, ett\u00e4 teht\u00e4v\u00e4n tavoitteena on tehd\u00e4 Gr\u00f6nlannista osa Yhdysvaltoja.<\/p>\n<p class=\"aw-1gybjub aw-1p7kakr kEtdKx cEmitX yle__article__paragraph\">Nimityksen vuoksi Tanskan ulkoministeri <strong class=\"aw-ak79eh KyCXm yle__article__strong\">Lars L\u00f8kke Rasmussen<\/strong> <a class=\"aw-iao6s4 iHOxEa yle__article__link\" href=\"https:\/\/yle.fi\/a\/74-20201085\" role=\"link\" rel=\"nofollow noopener\" target=\"_blank\">on ilmoittanut<\/a> kutsuvansa Yhdysvaltain Tanskan-suurl\u00e4hettil\u00e4\u00e4n puhutteluun.<\/p>\n<p class=\"aw-1gybjub aw-1p7kakr kEtdKx cEmitX yle__article__paragraph\">Uutinen p\u00e4ivittyy.<\/p>\n<p class=\"aw-1gybjub aw-1p7kakr kEtdKx cEmitX yle__article__paragraph\">L\u00e4hde: Reuters<\/p>\n","protected":false},"excerpt":{"rendered":"Presidentin mukaan taustalla eiv\u00e4t ole niin sanotut kriittiset mineraalit, vaan kansallinen turvallisuus. Avaa kuvien katselu Presidentti Trump nimitti&hellip;\n","protected":false},"author":2,"featured_media":123562,"comment_status":"","ping_status":"","sticky":false,"template":"","format":"standard","meta":{"footnotes":""},"categories":[14],"tags":[22,23,26,27,33,31,30,4538,17,70,24,25,28,29,15,18,21,32,1014,19,20,56,16,59,60,61,619],"class_list":{"0":"post-123561","1":"post","2":"type-post","3":"status-publish","4":"format-standard","5":"has-post-thumbnail","7":"category-ulkomaat","8":"tag-breaking-news","9":"tag-breakingnews","10":"tag-featured-news","11":"tag-featurednews","12":"tag-fi","13":"tag-finland","14":"tag-finnish","15":"tag-gronlanti","16":"tag-headlines","17":"tag-kansainvalinen-politiikka","18":"tag-latest-news","19":"tag-latestnews","20":"tag-main-news","21":"tag-mainnews","22":"tag-news","23":"tag-otsikot","24":"tag-paauutiset","25":"tag-suomi","26":"tag-tanska","27":"tag-top-stories","28":"tag-topstories","29":"tag-ulkomaat","30":"tag-uutiset","31":"tag-world","32":"tag-world-news","33":"tag-worldnews","34":"tag-yhdysvallat"},"share_on_mastodon":{"url":"https:\/\/pubeurope.com\/@fi\/115765889543705467","error":""},"_links":{"self":[{"href":"https:\/\/www.europesays.com\/fi\/wp-json\/wp\/v2\/posts\/123561","targetHints":{"allow":["GET"]}}],"collection":[{"href":"https:\/\/www.europesays.com\/fi\/wp-json\/wp\/v2\/posts"}],"about":[{"href":"https:\/\/www.europesays.com\/fi\/wp-json\/wp\/v2\/types\/post"}],"author":[{"embeddable":true,"href":"https:\/\/www.europesays.com\/fi\/wp-json\/wp\/v2\/users\/2"}],"replies":[{"embeddable":true,"href":"https:\/\/www.europesays.com\/fi\/wp-json\/wp\/v2\/comments?post=123561"}],"version-history":[{"count":0,"href":"https:\/\/www.europesays.com\/fi\/wp-json\/wp\/v2\/posts\/123561\/revisions"}],"wp:featuredmedia":[{"embeddable":true,"href":"https:\/\/www.europesays.com\/fi\/wp-json\/wp\/v2\/media\/123562"}],"wp:attachment":[{"href":"https:\/\/www.europesays.com\/fi\/wp-json\/wp\/v2\/media?parent=123561"}],"wp:term":[{"taxonomy":"category","embeddable":true,"href":"https:\/\/www.europesays.com\/fi\/wp-json\/wp\/v2\/categories?post=123561"},{"taxonomy":"post_tag","embeddable":true,"href":"https:\/\/www.europesays.com\/fi\/wp-json\/wp\/v2\/tags?post=123561"}],"curies":[{"name":"wp","href":"https:\/\/api.w.org\/{rel}","templated":true}]}}