{"id":123569,"date":"2025-12-23T00:07:10","date_gmt":"2025-12-23T00:07:10","guid":{"rendered":"https:\/\/www.europesays.com\/fi\/123569\/"},"modified":"2025-12-23T00:07:10","modified_gmt":"2025-12-23T00:07:10","slug":"nuoret-leijonat-meilla-on-potentiaalia-menna-paatyyn-asti-urheilua-lyhyesti","status":"publish","type":"post","link":"https:\/\/www.europesays.com\/fi\/123569\/","title":{"rendered":"Nuoret Leijonat: \u201dMeill\u00e4 on potentiaalia menn\u00e4 p\u00e4\u00e4tyyn asti\u201d | Urheilua lyhyesti"},"content":{"rendered":"<p class=\"aw-1gybjub aw-1p7kakr kEtdKx cEmitX yle__article__paragraph\">J\u00e4\u00e4kiekon nuorten MM-kisat j\u00e4rjest\u00e4\u00e4n Yhdysvaltain St. Paulissa ja Minneapolisissa, Minnesotassa, 26.12.2025 \u2013 5.1.2026. Yle seuraa kisojen tapahtumia Yle-sovelluksessa, Urheiluruudussa ja Urheiluradiossa.<\/p>\n<p class=\"aw-1gybjub aw-1p7kakr kEtdKx cEmitX yle__article__paragraph\">Nuorten Leijonien p\u00e4\u00e4valmentaja <strong class=\"aw-ak79eh KyCXm yle__article__strong\">Lauri Mikkola<\/strong> kertoo, ett\u00e4 Yhdysvaltain Duluthissa viime tiistaina alkanut leiri on sujunut suunnitelmien mukaan.<\/p>\n<p class=\"aw-1gybjub aw-1p7kakr kEtdKx cEmitX yle__article__paragraph\">Aluksi pelaajilla oli takana pitk\u00e4 syksy ja raskaita matkoja Liigassa, mik\u00e4 n\u00e4kyi v\u00e4symyksen\u00e4.<\/p>\n<p class=\"aw-1gybjub aw-1p7kakr kEtdKx cEmitX yle__article__paragraph\">\u2013 Otettiin rauhallisemmin pari ensimm\u00e4ist\u00e4 p\u00e4iv\u00e4\u00e4, mutta sen j\u00e4lkeen p\u00e4\u00e4stiin hyvin arkeen kiinni ja tekem\u00e4\u00e4n niit\u00e4 harjoitteita, mit\u00e4 ollaan haluttu, Mikkola kertoo.<\/p>\n<p class=\"aw-1gybjub aw-1p7kakr kEtdKx cEmitX yle__article__paragraph\">Yhteisty\u00f6 ja joukkuehenki ovat leirin aikana vahvistuneet.<\/p>\n<p><img decoding=\"async\" alt=\"Puolustaja Aron Kiviharju on Nuorten Leijonien kapteeni \" src=\"https:\/\/www.europesays.com\/fi\/wp-content\/uploads\/2025\/12\/39-1573809694996abe5bad.jpeg\" loading=\"lazy\" class=\"aw-1l9m598 hKVVvP\"\/><\/p>\n<p>Avaa kuvien katselu<\/p>\n<p>Puolustaja Aron Kiviharju on Nuorten Leijonien kapteeni. Kuva: Pasi Mennander \/ Suomen j\u00e4\u00e4kiekkoliitto<\/p>\n<p class=\"aw-1gybjub aw-1p7kakr kEtdKx cEmitX yle__article__paragraph\">\u2013 Olemme k\u00e4yneet sis\u00e4isi\u00e4 asioita l\u00e4pi ja kaikki on kunnossa t\u00e4ll\u00e4 hetkell\u00e4. Ei ole valittamista, Mikkola toteaa.<\/p>\n<p class=\"aw-1gybjub aw-1p7kakr kEtdKx cEmitX yle__article__paragraph\">Joukkueen kokoonpanossa ei ole odotettavissa isoja muutoksia. Ainoana kysymysmerkkin\u00e4 ollut <strong class=\"aw-ak79eh KyCXm yle__article__strong\">Konsta Heleniuksen<\/strong> tilanne ratkesi, kun NHL-seura Buffalo ei p\u00e4\u00e4st\u00e4nyt h\u00e4nt\u00e4 MM-turnaukseen.<\/p>\n<p><img decoding=\"async\" alt=\"Konsta Helenius haastateltavana.\" src=\"https:\/\/www.europesays.com\/fi\/wp-content\/uploads\/2025\/12\/1766448429_677_39-1290070664f3be31144c.jpeg\" class=\"aw-1l9m598 hKVVvP\"\/>Ennakointi ja reagointi erilaisiin tilanteisiin<\/p>\n<p class=\"aw-1gybjub aw-1p7kakr kEtdKx cEmitX yle__article__paragraph\">Lauri Mikkola aloittaa p\u00e4\u00e4valmentajana kolmannet alle 20-vuotiaiden MM-turnauksensa.<\/p>\n<p class=\"aw-1gybjub aw-1p7kakr kEtdKx cEmitX yle__article__paragraph\">H\u00e4n n\u00e4kee aiemmista turnauksista saaneensa arvokasta oppia ja korostaa ennakoinnin merkityst\u00e4, jotta joukkue osaa reagoida nopeasti erilaisiin tilanteisiin.<\/p>\n<p class=\"aw-1gybjub aw-1p7kakr kEtdKx cEmitX yle__article__paragraph\">\u2013 Mit\u00e4 enemm\u00e4n pystymme k\u00e4ym\u00e4\u00e4n tiettyj\u00e4 asioita etuk\u00e4teen l\u00e4pi, sit\u00e4 helpompi niihin on suhtautua turnauksen aikana, Mikkola sanoo.<\/p>\n<p>Suomen ohjelma MM-alkusarjassa:<\/p>\n<p class=\"aw-1gybjub aw-1p7kakr kEtdKx cEmitX yle__article__paragraph\">Pe 26.12.2025 Klo 22.30 Tanska \u2013 Suomi<br \/>Su 28.12.2025 Klo 23.30 Suomi \u2013 Latvia<br \/>Ma 29.12.2025 Klo 22.30 Suomi \u2013 Tshekki<br \/>To 01.01.2026 Klo 03.30 Kanada \u2013 Suomi<\/p>\n<p class=\"aw-1gybjub aw-1p7kakr kEtdKx cEmitX yle__article__paragraph\">Tavoitteet ovat korkealla, mutta p\u00e4\u00e4valmentaja muistuttaa, ett\u00e4 arjen pieniin hetkiin keskittyminen on avain menestykseen.<\/p>\n<p class=\"aw-1gybjub aw-1p7kakr kEtdKx cEmitX yle__article__paragraph\">\u2013 Meill\u00e4 on paljon p\u00e4ivi\u00e4 yhdess\u00e4 elett\u00e4v\u00e4n\u00e4, ja meid\u00e4n pit\u00e4\u00e4 keskitty\u00e4 niihin yksitt\u00e4isiin p\u00e4iviin. El\u00e4mme t\u00e4ss\u00e4 ja nyt, ja kun se hetki koittaa, olemme valmiita tekem\u00e4\u00e4n kaikkemme menestyksen eteen.<\/p>\n<p>Rimpinen vai Saarinen?<\/p>\n<p class=\"aw-1gybjub aw-1p7kakr kEtdKx cEmitX yle__article__paragraph\">Viime MM-kisoissa Kiekko-Espoon luottomaalivahti <strong class=\"aw-ak79eh KyCXm yle__article__strong\">Petteri Rimpinen<\/strong> nousi valmennusjohdon luonnolliseksi valinnaksi tolppien v\u00e4liin. K\u00e4yk\u00f6 niin my\u00f6s t\u00e4ll\u00e4 kertaa?<\/p>\n<p class=\"aw-1gybjub aw-1p7kakr kEtdKx cEmitX yle__article__paragraph\">\u2013 Maalivahtipeli\u00e4 l\u00e4hestyt\u00e4\u00e4n samalla p\u00e4iv\u00e4 kerrallaan -mentaliteetilla. Aika n\u00e4ytt\u00e4\u00e4, miten pelit jakaantuvat maalilla, Mikkola kuittaa kysymykset peluuttamisesta.<\/p>\n<p class=\"aw-1gybjub aw-1p7kakr kEtdKx cEmitX yle__article__paragraph\">Kapteeni <strong class=\"aw-ak79eh KyCXm yle__article__strong\">Aron Kiviharju<\/strong> pit\u00e4\u00e4 maalivahtiosastoa Suomen vahvuutena.<\/p>\n<p><img decoding=\"async\" alt=\"Petteri Rimpinen skakar hand med medalj runt halsen.\" src=\"https:\/\/www.europesays.com\/fi\/wp-content\/uploads\/2025\/12\/39-157373769495c03cad86.jpeg\" loading=\"lazy\" class=\"aw-1l9m598 hKVVvP\"\/><\/p>\n<p>Avaa kuvien katselu<\/p>\n<p>Petteri Rimpinen vastaanottaa hopeamitalin 3\u20134-jatkoaikatappion j\u00e4lkeen Yhdysvalloille MM-kisojen loppuottelussa 5. tammikuuta 2025 Kanatassa, Ontariossa, Kanadassa.  Kuva: Andr\u017d Ringuette \/ AOP<\/p>\n<p class=\"aw-1gybjub aw-1p7kakr kEtdKx cEmitX yle__article__paragraph\">\u2013 Maalivahtipeli tulee olemaan aika timanttista. Rimpinen ja <strong class=\"aw-ak79eh KyCXm yle__article__strong\">Kim Saarinen<\/strong> ovat pelanneet liigassa loistavasti. He tulevat varmasti olemaan tukipilareita t\u00e4lle joukkueelle, HIFK-puolustaja n\u00e4kee.<\/p>\n<p class=\"aw-1gybjub aw-1p7kakr kEtdKx cEmitX yle__article__paragraph\">\u2013 Maailmanmestaruus on se, mihin t\u00e4ll\u00e4 ryhm\u00e4ll\u00e4 on hyvin realistinen potentiaali, Kiviharju tuumii.<\/p>\n<p>Miettinen: \u201dNyt jonkun on noustava Konstan saappaisiin\u201d<\/p>\n<p class=\"aw-1gybjub aw-1p7kakr kEtdKx cEmitX yle__article__paragraph\">Varakapteeni <strong class=\"aw-ak79eh KyCXm yle__article__strong\">Julius Miettinen<\/strong> my\u00f6nt\u00e4\u00e4, ett\u00e4 Konsta Heleniuksen poisj\u00e4\u00e4nti oli joukkueelle iso muutos, mutta n\u00e4kee tilanteessa mahdollisuuden.<\/p>\n<p class=\"aw-1gybjub aw-1p7kakr kEtdKx cEmitX yle__article__paragraph\">\u2013 Voisi sanoa, ett\u00e4 jonkun pit\u00e4\u00e4 nyt nousta Konstan saappaisiin. Hyv\u00e4 paikka minulle p\u00e4\u00e4st\u00e4 n\u00e4ytt\u00e4m\u00e4\u00e4n, mihin pystyn \u2013 ja joukkueena osoittamaan, ett\u00e4 pelimme ei j\u00e4\u00e4 junnaamaan, Miettinen pohtii.<\/p>\n<p class=\"aw-1gybjub aw-1p7kakr kEtdKx cEmitX yle__article__paragraph\">Kapteenistoon nousu on Miettiselle sek\u00e4 henkil\u00f6kohtainen mahdollisuus ett\u00e4 koko joukkueelle uusi alku.<\/p>\n<p class=\"aw-1gybjub aw-1p7kakr kEtdKx cEmitX yle__article__paragraph\">\u2013 Pit\u00e4\u00e4 nousta eturiviin ja n\u00e4ytt\u00e4\u00e4 mallia muille. Toki olisi ollut hienoa, jos Konsta olisi p\u00e4\u00e4ssyt mukaan.<\/p>\n<p class=\"aw-1gybjub aw-1p7kakr kEtdKx cEmitX yle__article__paragraph\">Miettinen korostaa joukkueen vahvaa yhteispeli\u00e4 ja uskoo, ett\u00e4 t\u00e4ll\u00e4 ryhm\u00e4ll\u00e4 on potentiaalia menn\u00e4 p\u00e4\u00e4tyyn asti.<\/p>\n<p><img decoding=\"async\" alt=\"Julius Miettinen kuvassa.\" src=\"https:\/\/www.europesays.com\/fi\/wp-content\/uploads\/2025\/12\/39-15738086949962f2dbaa.jpeg\" loading=\"lazy\" class=\"aw-1l9m598 hKVVvP\"\/><\/p>\n<p>Avaa kuvien katselu<\/p>\n<p>Julius Miettinen kuvassa. Kuva: Pasi Mennander \/ Suomen J\u00e4\u00e4kiekkoliitto<\/p>\n<p class=\"aw-1gybjub aw-1p7kakr kEtdKx cEmitX yle__article__paragraph\">\u2013 Kuten Kiviharju sanoi, meill\u00e4 on potentiaalia kultaan. Uskon, ett\u00e4 t\u00e4m\u00e4n ryhm\u00e4n pit\u00e4isi menn\u00e4 ihan p\u00e4\u00e4tyyn asti. Meill\u00e4 on tosi hyv\u00e4 nippu ja paljon j\u00e4tki\u00e4 viime vuodesta mukana \u2013 hampaankolossa on varmasti jokaisella pelaajalla.<\/p>\n<p class=\"aw-1gybjub aw-1p7kakr kEtdKx cEmitX yle__article__paragraph\">Joukkueen vahvuutena Miettinen n\u00e4kee tiiviin puolustuksen ja saumattoman yhteispelin, joiden p\u00e4\u00e4lle yksil\u00f6iden taidot tuovat lis\u00e4potkua. Menestys vaatii h\u00e4nen mukaansa tasapainoista suorittamista ja rohkeutta \u2013 koko 60 minuutin ajan.<\/p>\n<p class=\"aw-1gybjub aw-1p7kakr kEtdKx cEmitX yle__article__paragraph\">\u2013 Kokonaisvaltainen peli ratkaisee. Meid\u00e4n pit\u00e4\u00e4 pysty\u00e4 pelaamaan 60 minuuttia omaa peli\u00e4 eik\u00e4 j\u00e4\u00e4d\u00e4 peruuttelemaan tai katsomaan, mit\u00e4 vastustaja tekee. Rohkeasti vain, eik\u00e4 l\u00e4hdet\u00e4 peruuttelemaan johtoasemissa.<\/p>\n<p>MM-joukkue julki jouluaattona<\/p>\n<p class=\"aw-1gybjub aw-1p7kakr kEtdKx cEmitX yle__article__paragraph\">Miettinen pelaa WHL-seurajoukkueessaan Everett Silvertipsiss\u00e4 yhdess\u00e4 <strong class=\"aw-ak79eh KyCXm yle__article__strong\">Matias Vanhasen<\/strong> kanssa, ja tutkapari on ollut yhdess\u00e4 my\u00f6s harjoitusmaaottelussa Saksaa vastaan.<\/p>\n<p class=\"aw-1gybjub aw-1p7kakr kEtdKx cEmitX yle__article__paragraph\">Suomen MM-leiri huipentuu harjoitusotteluun USA:ta vastaan. Peli alkaa Suomen aikaa kello 2 jouluaattona, jonka j\u00e4lkeen lopullinen MM-joukkue nimet\u00e4\u00e4n.<\/p>\n<p class=\"aw-1gybjub aw-1p7kakr kEtdKx cEmitX yle__article__paragraph\">Nuorten Leijonien MM-urakka k\u00e4ynnistyy tapaninp\u00e4iv\u00e4n\u00e4 Tanskaa vastaan. Alkusarjan otteluista viimeinen \u2013 ja kenties kovin \u2013 on Kanadaa vastaan uudenvuodenp\u00e4iv\u00e4n vastaisena y\u00f6n\u00e4.<\/p>\n<p>Suomen MM-leiriryhm\u00e4:<\/p>\n<p class=\"aw-1gybjub aw-1p7kakr kEtdKx cEmitX yle__article__paragraph\">Maalivahdit:<br \/>Patrik Kerkola (KalPa), Petteri Rimpinen (Kiekko-Espoo), Kim Saarinen (HPK)<\/p>\n<p class=\"aw-1gybjub aw-1p7kakr kEtdKx cEmitX yle__article__paragraph\">Puolustajat:<br \/>Lasse Boelius (\u00c4ss\u00e4t), Mitja Jokinen (TPS), Aron Kiviharju (HIFK), Daniel Nieminen (Pelicans), Niklas Nykyri (HIFK), Juho Piiparinen (Tappara), Veeti V\u00e4is\u00e4nen (Medicine Hat Tigers, WHL), Arttu V\u00e4lil\u00e4 (Lukko)<\/p>\n<p class=\"aw-1gybjub aw-1p7kakr kEtdKx cEmitX yle__article__paragraph\">Hy\u00f6kk\u00e4\u00e4j\u00e4t:<br \/>Emil Hemming (Barrie Colts, OHL), Atte Joki (Lukko), Onni Kalto (Oshawa Generals, OHL), Aatos Koivu (TPS), Jasper Kuhta (Ottawa 67\u2019s, OHL), Julius Miettinen (Everett Silvertips, WHL), Kasper Pikkarainen (TPS), Heikki Ruohonen (Harvard University, NCAA), Joona Saarelainen (KalPa), Oliver Suvanto (Tappara), Leo Tuuva (Lukko), Matias Vanhanen (Everett Silvertips, WHL), Roope Vesterinen (HPK), Max Westerg\u00e5rd (Fr\u00f6lunda, SWE)<\/p>\n","protected":false},"excerpt":{"rendered":"J\u00e4\u00e4kiekon nuorten MM-kisat j\u00e4rjest\u00e4\u00e4n Yhdysvaltain St. Paulissa ja Minneapolisissa, Minnesotassa, 26.12.2025 \u2013 5.1.2026. Yle seuraa kisojen tapahtumia Yle-sovelluksessa,&hellip;\n","protected":false},"author":2,"featured_media":123570,"comment_status":"","ping_status":"","sticky":false,"template":"","format":"standard","meta":{"footnotes":""},"categories":[158],"tags":[22106,33,31,30,1143,2133,22108,22107,6922,159,2126,4686,32,160],"class_list":{"0":"post-123569","1":"post","2":"type-post","3":"status-publish","4":"format-standard","5":"has-post-thumbnail","7":"category-urheilu","8":"tag-aron-kiviharju","9":"tag-fi","10":"tag-finland","11":"tag-finnish","12":"tag-jaakiekko","13":"tag-jaakiekkoilijat","14":"tag-jaakiekon-nuorten-mm-2026","15":"tag-jaakiekon-nuorten-mm-kisat","16":"tag-lauri-mikkola","17":"tag-sports","18":"tag-suomen-alle-20-vuotiaiden-jaakiekkomaajoukkue","19":"tag-suomen-jaakiekko","20":"tag-suomi","21":"tag-urheilu"},"share_on_mastodon":{"url":"https:\/\/pubeurope.com\/@fi\/115765972182086759","error":""},"_links":{"self":[{"href":"https:\/\/www.europesays.com\/fi\/wp-json\/wp\/v2\/posts\/123569","targetHints":{"allow":["GET"]}}],"collection":[{"href":"https:\/\/www.europesays.com\/fi\/wp-json\/wp\/v2\/posts"}],"about":[{"href":"https:\/\/www.europesays.com\/fi\/wp-json\/wp\/v2\/types\/post"}],"author":[{"embeddable":true,"href":"https:\/\/www.europesays.com\/fi\/wp-json\/wp\/v2\/users\/2"}],"replies":[{"embeddable":true,"href":"https:\/\/www.europesays.com\/fi\/wp-json\/wp\/v2\/comments?post=123569"}],"version-history":[{"count":0,"href":"https:\/\/www.europesays.com\/fi\/wp-json\/wp\/v2\/posts\/123569\/revisions"}],"wp:featuredmedia":[{"embeddable":true,"href":"https:\/\/www.europesays.com\/fi\/wp-json\/wp\/v2\/media\/123570"}],"wp:attachment":[{"href":"https:\/\/www.europesays.com\/fi\/wp-json\/wp\/v2\/media?parent=123569"}],"wp:term":[{"taxonomy":"category","embeddable":true,"href":"https:\/\/www.europesays.com\/fi\/wp-json\/wp\/v2\/categories?post=123569"},{"taxonomy":"post_tag","embeddable":true,"href":"https:\/\/www.europesays.com\/fi\/wp-json\/wp\/v2\/tags?post=123569"}],"curies":[{"name":"wp","href":"https:\/\/api.w.org\/{rel}","templated":true}]}}