{"id":123581,"date":"2025-12-23T00:26:09","date_gmt":"2025-12-23T00:26:09","guid":{"rendered":"https:\/\/www.europesays.com\/fi\/123581\/"},"modified":"2025-12-23T00:26:09","modified_gmt":"2025-12-23T00:26:09","slug":"lotta-hintsa-juhli-tulevaa-perheenlisaysta-aviomiehen-kaunis-ele-sai-tulevan-aidin-liikuttuneeksi","status":"publish","type":"post","link":"https:\/\/www.europesays.com\/fi\/123581\/","title":{"rendered":"Lotta Hintsa juhli tulevaa perheenlis\u00e4yst\u00e4 \u2013 Aviomiehen kaunis ele sai tulevan \u00e4idin liikuttuneeksi"},"content":{"rendered":"<p>Lotta Hintsa vietti viikonloppuna vauvakutsuja.<\/p>\n<p><img decoding=\"async\" class=\"image image-show image-preview\" src=\"https:\/\/www.europesays.com\/fi\/wp-content\/uploads\/2025\/12\/1f7cb0a885f456ce22762391a2a84d5979cab9d8ee0ce26cf6f12d8a4b8cdc8d.jpg\" alt=\"\"\/><img decoding=\"async\" class=\"image image-show\" src=\"https:\/\/www.europesays.com\/fi\/wp-content\/uploads\/2025\/12\/1766449569_58_1f7cb0a885f456ce22762391a2a84d5979cab9d8ee0ce26cf6f12d8a4b8cdc8d.jpg\" alt=\"\"\/><\/p>\n<p>Lotta Hintsa odottaa esikoistaan. Pasi Liesimaa<\/p>\n<p class=\"paragraph\">Vuorikiipeilij\u00e4 <a href=\"https:\/\/www.iltalehti.fi\/henkilot\/Lotta Hintsa\" class=\"article-link-person-page\" rel=\"nofollow noopener\" target=\"_blank\">Lotta Hintsa<\/a> odottaa parhaillaan h\u00e4nen ja n\u00e4yttelij\u00e4 <a href=\"https:\/\/www.iltalehti.fi\/henkilot\/Sebastian Rejman\" class=\"article-link-person-page\" rel=\"nofollow noopener\" target=\"_blank\">Sebastian Rejmanin<\/a> ensimm\u00e4ist\u00e4 yhteist\u00e4 lasta. He paljastivat asian syyskuussa Vogue Scandinaviassa julkaistussa artikkelissa, jossa kertoivat menneens\u00e4 salaa naimisiin.<\/p>\n<p class=\"paragraph\">Pariskunta juhli viikonloppuna vauvakutsuja l\u00e4hipiirins\u00e4 kanssa. Hintsa julkaisi juhlista upeita kuvia Instagram-tilill\u00e4\u00e4n. Odottava \u00e4iti poseeraa kuvissa kauniissa vaaleanpunaisessa, pitk\u00e4ss\u00e4 off-shoulder -tyylisen\u00e4 mekossa.<\/p>\n<p class=\"paragraph\">\u2013 Hei pikkuinen. En malta odottaa, ett\u00e4 p\u00e4\u00e4sen tapaamaan sinut hetken p\u00e4\u00e4st\u00e4, h\u00e4n kirjoittaa julkaisuun syd\u00e4men kera.<\/p>\n<p class=\"paragraph\">Jos julkaisu ei n\u00e4y voit katsoa sen <a href=\"https:\/\/www.instagram.com\/p\/DSiEVmnCHXd\/?img_index=5\" target=\"_blank\" rel=\"noopener nofollow\">t\u00e4st\u00e4<\/a>.<\/p>\n<p class=\"paragraph\">Kutsuilla teemav\u00e4ri oli vaaleanpunainen. Kuvien perusteella tarjolla oli macaronseja, kakkua ja karkkia. Ajanvietteen\u00e4 vieraat saivat my\u00f6s tehd\u00e4 omia arvauksiaan vauvasta.<\/p>\n<p class=\"paragraph\">My\u00f6s vauvan is\u00e4, Sebastian Rejman, n\u00e4hd\u00e4\u00e4n julkaisussa. Kuvakarusellin viimeisess\u00e4 videossa h\u00e4n soittaa kitaraa ja laulaa kauniisti tulevalle lapselleen sek\u00e4 \u00e4idille. Hintsa on silminn\u00e4hden liikuttunut videossa rakkaansa eleest\u00e4.<\/p>\n<p class=\"paragraph\">Pariskunta kertoi syyskuussa Vogue Scandinaviassa suunnitelleensa h\u00e4it\u00e4\u00e4n alle kolmessa viikossa. Rejman kosi Hintsaa kes\u00e4kuussa, kun he olivat kiipeilem\u00e4ss\u00e4 Alpeilla. Kihlasormusten ostamisen ja kiipeilyreissun v\u00e4liss\u00e4 pari oli saanut tiet\u00e4\u00e4 odottavansa ensimm\u00e4ist\u00e4 lastaan.<\/p>\n<p class=\"paragraph\">Kaksikko tapasi toisensa noin kaksi vuotta sitten Mannerheimin Lastensuojeluliiton muotin\u00e4yt\u00f6ksess\u00e4, jossa he esiintyiv\u00e4t malleina. Muutama p\u00e4iv\u00e4 kohtaamisen j\u00e4lkeen Rejman otti Hintsaan yhteytt\u00e4. Pari n\u00e4ytt\u00e4ytyi ensimm\u00e4ist\u00e4 kertaa julkisesti yhdess\u00e4 Syke-elokuvan kutsuvierastilaisuudessa joulukuussa 2023.<\/p>\n<p class=\"paragraph\">Rejmanilla on entuudestaan kaksi lasta ex-puolisonsa <a href=\"https:\/\/www.iltalehti.fi\/henkilot\/Iina Kuustonen\" class=\"article-link-person-page\" rel=\"nofollow noopener\" target=\"_blank\">Iina Kuustosen<\/a> kanssa.<\/p>\n<p><script async src=\"\/\/www.instagram.com\/embed.js\"><\/script><\/p>\n","protected":false},"excerpt":{"rendered":"Lotta Hintsa vietti viikonloppuna vauvakutsuja. Lotta Hintsa odottaa esikoistaan. Pasi Liesimaa Vuorikiipeilij\u00e4 Lotta Hintsa odottaa parhaillaan h\u00e4nen ja&hellip;\n","protected":false},"author":2,"featured_media":123582,"comment_status":"","ping_status":"","sticky":false,"template":"","format":"standard","meta":{"footnotes":""},"categories":[136],"tags":[35,407,137,33,31,30,101,408,99,100,98,32,140,109],"class_list":{"0":"post-123581","1":"post","2":"type-post","3":"status-publish","4":"format-standard","5":"has-post-thumbnail","7":"category-julkkikset","8":"tag-24h","9":"tag-celebrities","10":"tag-entertainment","11":"tag-fi","12":"tag-finland","13":"tag-finnish","14":"tag-ihmissuhteet","15":"tag-julkkikset","16":"tag-lapset","17":"tag-lapset-ja-nuoret","18":"tag-perhe","19":"tag-suomi","20":"tag-tv-ja-elokuvat","21":"tag-viihde"},"share_on_mastodon":{"url":"https:\/\/pubeurope.com\/@fi\/115766046628648461","error":""},"_links":{"self":[{"href":"https:\/\/www.europesays.com\/fi\/wp-json\/wp\/v2\/posts\/123581","targetHints":{"allow":["GET"]}}],"collection":[{"href":"https:\/\/www.europesays.com\/fi\/wp-json\/wp\/v2\/posts"}],"about":[{"href":"https:\/\/www.europesays.com\/fi\/wp-json\/wp\/v2\/types\/post"}],"author":[{"embeddable":true,"href":"https:\/\/www.europesays.com\/fi\/wp-json\/wp\/v2\/users\/2"}],"replies":[{"embeddable":true,"href":"https:\/\/www.europesays.com\/fi\/wp-json\/wp\/v2\/comments?post=123581"}],"version-history":[{"count":0,"href":"https:\/\/www.europesays.com\/fi\/wp-json\/wp\/v2\/posts\/123581\/revisions"}],"wp:featuredmedia":[{"embeddable":true,"href":"https:\/\/www.europesays.com\/fi\/wp-json\/wp\/v2\/media\/123582"}],"wp:attachment":[{"href":"https:\/\/www.europesays.com\/fi\/wp-json\/wp\/v2\/media?parent=123581"}],"wp:term":[{"taxonomy":"category","embeddable":true,"href":"https:\/\/www.europesays.com\/fi\/wp-json\/wp\/v2\/categories?post=123581"},{"taxonomy":"post_tag","embeddable":true,"href":"https:\/\/www.europesays.com\/fi\/wp-json\/wp\/v2\/tags?post=123581"}],"curies":[{"name":"wp","href":"https:\/\/api.w.org\/{rel}","templated":true}]}}