{"id":123608,"date":"2025-12-23T01:19:10","date_gmt":"2025-12-23T01:19:10","guid":{"rendered":"https:\/\/www.europesays.com\/fi\/123608\/"},"modified":"2025-12-23T01:19:10","modified_gmt":"2025-12-23T01:19:10","slug":"mn-todella-yllattava-tieto-mika-salon-avioeroasiasta","status":"publish","type":"post","link":"https:\/\/www.europesays.com\/fi\/123608\/","title":{"rendered":"MN: Todella yll\u00e4tt\u00e4v\u00e4 tieto Mika Salon avioeroasiasta"},"content":{"rendered":"<p>MeNaiset-lehti uutisoi muutamia p\u00e4ivi\u00e4 sitten tiedon siit\u00e4, ett\u00e4 ex-formulasankari Mika Salo ja h\u00e4nen Annica-vaimonsa eroavat.<\/p>\n<p>Nyt tilanteessa on tapahtunut muutos. T\u00e4st\u00e4kin kertoo <a href=\"https:\/\/www.is.fi\/menaiset\/ihmiset-ja-suhteet\/art-2000011708783.html\" rel=\"nofollow noopener\" target=\"_blank\">MeNaiset.<\/a><\/p>\n<p>Pariskunta ei eroakaan<\/p>\n<p>Pari on vet\u00e4nyt avioerohakemuksen pois.<\/p>\n<p>Mika ottaa parin vaikeuksista vastuuta.<\/p>\n<p>\u2013 Olen ollut ajattelematon ja tehnyt virheit\u00e4, joita kadun. Pyyd\u00e4n anteeksi sit\u00e4 rakkaalta vaimoltani, Salo kertoo MeNaisten jutussa.<\/p>\n<p>Pari on siis sopinut murheensa ja jatkaa yhteiseloa.<\/p>\n<p>Lue my\u00f6s: <a href=\"https:\/\/www.como.fi\/uutiset\/teemu-selanne-kohtasi-mika-salon-yllattavassa-paikassa-katso-kuva\/\" title=\"Teemu Sel\u00e4nne kohtasi Mika Salon yll\u00e4tt\u00e4v\u00e4ss\u00e4 paikassa \u2013 katso kuva\" class=\"underline-custom !font-montserrat !font-bold !underline-offset-4 !decoration-4 !decoration-red-600 !text-md\" rel=\"nofollow noopener\" target=\"_blank\">Teemu Sel\u00e4nne kohtasi Mika Salon yll\u00e4tt\u00e4v\u00e4ss\u00e4 paikassa \u2013 katso kuva<\/a><\/p>\n<p>\u2013\u00a0Lopulta tulimme kuitenkin p\u00e4\u00e4t\u00f6kseen, ett\u00e4 selvi\u00e4mme t\u00e4st\u00e4 kaikesta yhdess\u00e4. Toivomme nyt rauhallista joulunaikaa ja parempaa tulevaa vuotta.<\/p>\n<p>Lue my\u00f6s: <a href=\"https:\/\/www.como.fi\/tilaa-comon-uutiskirje\/\" title=\"Tilaa Comon uutiskirje ja tied\u00e4t mist\u00e4 kahvitauolla puhutaan! Nappaa kotimaan tv-vinkit ja puheenaiheet suoraan s\u00e4hk\u00f6postiin t\u00e4st\u00e4.\" class=\"underline-custom !font-montserrat !font-bold !underline-offset-4 !decoration-4 !decoration-red-600 !text-md\" rel=\"nofollow noopener\" target=\"_blank\">Tilaa Comon uutiskirje ja tied\u00e4t mist\u00e4 kahvitauolla puhutaan! Nappaa kotimaan tv-vinkit ja puheenaiheet suoraan s\u00e4hk\u00f6postiin t\u00e4st\u00e4.<\/a><\/p>\n","protected":false},"excerpt":{"rendered":"MeNaiset-lehti uutisoi muutamia p\u00e4ivi\u00e4 sitten tiedon siit\u00e4, ett\u00e4 ex-formulasankari Mika Salo ja h\u00e4nen Annica-vaimonsa eroavat. Nyt tilanteessa on&hellip;\n","protected":false},"author":2,"featured_media":123609,"comment_status":"","ping_status":"","sticky":false,"template":"","format":"standard","meta":{"footnotes":""},"categories":[136],"tags":[407,137,33,31,30,408,7319,32,109],"class_list":{"0":"post-123608","1":"post","2":"type-post","3":"status-publish","4":"format-standard","5":"has-post-thumbnail","7":"category-julkkikset","8":"tag-celebrities","9":"tag-entertainment","10":"tag-fi","11":"tag-finland","12":"tag-finnish","13":"tag-julkkikset","14":"tag-mika-salo","15":"tag-suomi","16":"tag-viihde"},"share_on_mastodon":{"url":"https:\/\/pubeurope.com\/@fi\/115766254782184654","error":""},"_links":{"self":[{"href":"https:\/\/www.europesays.com\/fi\/wp-json\/wp\/v2\/posts\/123608","targetHints":{"allow":["GET"]}}],"collection":[{"href":"https:\/\/www.europesays.com\/fi\/wp-json\/wp\/v2\/posts"}],"about":[{"href":"https:\/\/www.europesays.com\/fi\/wp-json\/wp\/v2\/types\/post"}],"author":[{"embeddable":true,"href":"https:\/\/www.europesays.com\/fi\/wp-json\/wp\/v2\/users\/2"}],"replies":[{"embeddable":true,"href":"https:\/\/www.europesays.com\/fi\/wp-json\/wp\/v2\/comments?post=123608"}],"version-history":[{"count":0,"href":"https:\/\/www.europesays.com\/fi\/wp-json\/wp\/v2\/posts\/123608\/revisions"}],"wp:featuredmedia":[{"embeddable":true,"href":"https:\/\/www.europesays.com\/fi\/wp-json\/wp\/v2\/media\/123609"}],"wp:attachment":[{"href":"https:\/\/www.europesays.com\/fi\/wp-json\/wp\/v2\/media?parent=123608"}],"wp:term":[{"taxonomy":"category","embeddable":true,"href":"https:\/\/www.europesays.com\/fi\/wp-json\/wp\/v2\/categories?post=123608"},{"taxonomy":"post_tag","embeddable":true,"href":"https:\/\/www.europesays.com\/fi\/wp-json\/wp\/v2\/tags?post=123608"}],"curies":[{"name":"wp","href":"https:\/\/api.w.org\/{rel}","templated":true}]}}