{"id":123610,"date":"2025-12-23T01:26:10","date_gmt":"2025-12-23T01:26:10","guid":{"rendered":"https:\/\/www.europesays.com\/fi\/123610\/"},"modified":"2025-12-23T01:26:10","modified_gmt":"2025-12-23T01:26:10","slug":"nhl-seth-jarvis-ja-jaccob-slavin-loukkaantuivat","status":"publish","type":"post","link":"https:\/\/www.europesays.com\/fi\/123610\/","title":{"rendered":"NHL: Seth Jarvis ja Jaccob Slavin loukkaantuivat"},"content":{"rendered":"<p>Seura kertoo t\u00e4htipelaajiensa loukkaantumisista X-tilill\u00e4\u00e4n.<\/p>\n<p>Donskoi ja Suvinen linjaavat: NHL:n alkukauden parhaat hy\u00f6kk\u00e4\u00e4j\u00e4tVideo: IS<\/p>\n<p>22.12. 20:31<\/p>\n<p class=\"article-body mb-nof-24 px-nof-16\">Carolina Hurricanes on asettanut hy\u00f6kk\u00e4\u00e4j\u00e4 <a class=\"article-personlink\" href=\"https:\/\/www.is.fi\/haku\/?query=Seth%20Jarvisin\" rel=\"nofollow noopener\" target=\"_blank\">Seth Jarvisin<\/a> ja puolustaja <a class=\"article-personlink\" href=\"https:\/\/www.is.fi\/haku\/?query=Jaccob%20Slavinin\" rel=\"nofollow noopener\" target=\"_blank\">Jaccob Slavinin<\/a> NHL:n loukkaantuneiden pelaajien listalle.<\/p>\n<p class=\"article-body mb-nof-24 px-nof-16\">Seura <a class=\"underline underline-offset-[0.12em] [text-decoration-thickness:var(--generic-link-underline-thickness)] [text-decoration-color:var(--generic-link-underline-color)] [text-decoration-skip-ink:var(--generic-link-underline-skip-ink)] break-words\" href=\"https:\/\/x.com\/CanesPR\/status\/2003151649578307588\" rel=\"nofollow\">tiedottaa,<\/a> ett\u00e4 molemmat pelaajat ovat sivussa viikkoja yl\u00e4vartalovamman takia.<\/p>\n<p class=\"article-body mb-nof-24 px-nof-16\">Jarvis loukkaantui perjantaiy\u00f6n ottelussa Florida Panthersia vastaan, kun h\u00e4n t\u00f6rm\u00e4si jatkoajalla vaarallisen n\u00e4k\u00f6isesti Floridan maalin tolppaan.<\/p>\n<p class=\"article-body mb-nof-24 px-nof-16\">Jarvis on Hurricanesin paras maalintekij\u00e4 19 osumallaan.<\/p>\n<p class=\"article-body mb-nof-24 px-nof-16\">Slavinin loukkaantumisen yksityiskohdat eiv\u00e4t ole viel\u00e4 tiedossa. H\u00e4n ei ollut Carolinan pelaavassa kokoonpanossa lauantaiy\u00f6n\u00e4, kun se h\u00e4visi Tampa Bay Lightningille 6\u20134.<\/p>\n<p class=\"article-body mb-nof-24 px-nof-16\">Vuosia Carolinan takalinjoja johtanut Slavin on pelannut t\u00e4ll\u00e4 kaudella vain viidess\u00e4 ottelussa. H\u00e4n oli sivussa 29 ottelusta alavartalovamman takia.<\/p>\n<p class=\"article-body mb-nof-24 px-nof-16\"><a class=\"article-personlink\" href=\"https:\/\/www.is.fi\/haku\/?query=Sebastian%20Ahon\" rel=\"nofollow noopener\" target=\"_blank\">Sebastian Ahon<\/a> johtama Hurricanes kohtaa tiistaiy\u00f6n\u00e4 j\u00e4lleen Florida Panthersin.<\/p>\n","protected":false},"excerpt":{"rendered":"Seura kertoo t\u00e4htipelaajiensa loukkaantumisista X-tilill\u00e4\u00e4n. Donskoi ja Suvinen linjaavat: NHL:n alkukauden parhaat hy\u00f6kk\u00e4\u00e4j\u00e4tVideo: IS 22.12. 20:31 Carolina Hurricanes&hellip;\n","protected":false},"author":2,"featured_media":123611,"comment_status":"","ping_status":"","sticky":false,"template":"","format":"standard","meta":{"footnotes":""},"categories":[158],"tags":[33,31,30,34,159,32,160],"class_list":{"0":"post-123610","1":"post","2":"type-post","3":"status-publish","4":"format-standard","5":"has-post-thumbnail","7":"category-urheilu","8":"tag-fi","9":"tag-finland","10":"tag-finnish","11":"tag-ilta-sanomat","12":"tag-sports","13":"tag-suomi","14":"tag-urheilu"},"share_on_mastodon":{"url":"https:\/\/pubeurope.com\/@fi\/115766282402161508","error":""},"_links":{"self":[{"href":"https:\/\/www.europesays.com\/fi\/wp-json\/wp\/v2\/posts\/123610","targetHints":{"allow":["GET"]}}],"collection":[{"href":"https:\/\/www.europesays.com\/fi\/wp-json\/wp\/v2\/posts"}],"about":[{"href":"https:\/\/www.europesays.com\/fi\/wp-json\/wp\/v2\/types\/post"}],"author":[{"embeddable":true,"href":"https:\/\/www.europesays.com\/fi\/wp-json\/wp\/v2\/users\/2"}],"replies":[{"embeddable":true,"href":"https:\/\/www.europesays.com\/fi\/wp-json\/wp\/v2\/comments?post=123610"}],"version-history":[{"count":0,"href":"https:\/\/www.europesays.com\/fi\/wp-json\/wp\/v2\/posts\/123610\/revisions"}],"wp:featuredmedia":[{"embeddable":true,"href":"https:\/\/www.europesays.com\/fi\/wp-json\/wp\/v2\/media\/123611"}],"wp:attachment":[{"href":"https:\/\/www.europesays.com\/fi\/wp-json\/wp\/v2\/media?parent=123610"}],"wp:term":[{"taxonomy":"category","embeddable":true,"href":"https:\/\/www.europesays.com\/fi\/wp-json\/wp\/v2\/categories?post=123610"},{"taxonomy":"post_tag","embeddable":true,"href":"https:\/\/www.europesays.com\/fi\/wp-json\/wp\/v2\/tags?post=123610"}],"curies":[{"name":"wp","href":"https:\/\/api.w.org\/{rel}","templated":true}]}}