{"id":123616,"date":"2025-12-23T01:31:24","date_gmt":"2025-12-23T01:31:24","guid":{"rendered":"https:\/\/www.europesays.com\/fi\/123616\/"},"modified":"2025-12-23T01:31:24","modified_gmt":"2025-12-23T01:31:24","slug":"milan-jaff-valitti-hovioikeuteen-karajatuomiosta-kiistaa-halventaneensa-raiskausjutun-uhria-kotimaa","status":"publish","type":"post","link":"https:\/\/www.europesays.com\/fi\/123616\/","title":{"rendered":"Milan Jaff valitti hovioikeuteen k\u00e4r\u00e4j\u00e4tuomiosta: kiist\u00e4\u00e4 halventaneensa raiskausjutun uhria | Kotimaa"},"content":{"rendered":"<p class=\"aw-1gybjub aw-5vja16 kEtdKx kmuxyA yle__article__paragraph\">Katujengirikoksista tunnettu Milan Jaff tuomittiin marraskuussa k\u00e4r\u00e4j\u00e4oikeudessa t\u00f6rke\u00e4st\u00e4 kunnianloukkauksesta ja yksityisel\u00e4m\u00e4\u00e4 loukkaavasta tiedon levitt\u00e4misest\u00e4. H\u00e4n hakee muutosta tuomioonsa.<\/p>\n<p><img decoding=\"async\" alt=\"Milan Jaff ja asianajaja Anu Koivu istuvat p\u00f6yd\u00e4n \u00e4\u00e4rell\u00e4 istuntosalissa.\" src=\"https:\/\/www.europesays.com\/fi\/wp-content\/uploads\/2025\/12\/39-122888965a78f016a9fc.jpeg\" class=\"aw-1l9m598 hKVVvP\"\/><\/p>\n<p>Avaa kuvien katselu<\/p>\n<p>Milan Jaff ja asianajaja Anu Koivu hovioikeuden istuntosalissa 17. tammikuuta 2024. Kuva: Kristiina Lehto \/ Yle<\/p>\n<p>22.12. 16:52\u2022P\u00e4ivitetty 22.12. 18:46<\/p>\n<p class=\"aw-1gybjub aw-1p7kakr kEtdKx cEmitX yle__article__paragraph\">Katujengil\u00e4isen\u00e4 ja r\u00e4pp\u00e4rin\u00e4 tunnettu <strong class=\"aw-ak79eh KyCXm yle__article__strong\">Milan Jaff<\/strong> on valittanut Helsingin hovioikeuteen Helsingin k\u00e4r\u00e4j\u00e4oikeuden tuomiosta, jossa h\u00e4net tuomittiin t\u00f6rke\u00e4st\u00e4 kunnianloukkauksesta ja yksityisel\u00e4m\u00e4\u00e4 loukkaavasta tiedon levitt\u00e4misest\u00e4.<\/p>\n<p class=\"aw-1gybjub aw-1p7kakr kEtdKx cEmitX yle__article__paragraph\">\u2013 Asiakkaani kiist\u00e4\u00e4 syyllistyneens\u00e4 n\u00e4ihin rikoksiin, sanoo Jaffin asianajaja <strong class=\"aw-ak79eh KyCXm yle__article__strong\">Anu Koivu<\/strong>.<\/p>\n<p class=\"aw-1gybjub aw-1p7kakr kEtdKx cEmitX yle__article__paragraph\">Tuomio liittyy Milan Jaffin vierailuun Vantaan kaupunginvaltuuston varavaltuutetun, perussuomalaisten <strong class=\"aw-ak79eh KyCXm yle__article__strong\">Milad Dehghanin<\/strong> podcastin jaksossa 23. lokakuuta 2022.<\/p>\n<p class=\"aw-1gybjub aw-1p7kakr kEtdKx cEmitX yle__article__paragraph\">Siin\u00e4 Dehghan ja Jaff paljastivat Helsingin k\u00e4r\u00e4j\u00e4oikeuden 21. lokakuuta 2022 antaman seksuaalirikosjutun v\u00e4lituomion uhrien henkil\u00f6llisyydet, jotka k\u00e4r\u00e4j\u00e4oikeus oli m\u00e4\u00e4r\u00e4nnyt salassapidett\u00e4viksi.<\/p>\n<p>K\u00e4r\u00e4j\u00e4tuomio: Puhuivat seksuaalirikosten uhreista halventavasti<\/p>\n<p class=\"aw-1gybjub aw-1p7kakr kEtdKx cEmitX yle__article__paragraph\">V\u00e4lituomiossa Jaffille vaadittiin rangaistusta t\u00f6rke\u00e4st\u00e4 lapsenraiskauksesta sek\u00e4 raiskauksesta. Dehghania oli kuultu todistajana kyseisess\u00e4 seksuaalirikosoikeudenk\u00e4ynniss\u00e4.<\/p>\n<p class=\"aw-1gybjub aw-1p7kakr kEtdKx cEmitX yle__article__paragraph\">K\u00e4r\u00e4j\u00e4tuomion mukaan Dehghan ja Jaff keskustelivat podcastissa uhrin salassapidett\u00e4vist\u00e4 terveystiedoista. He toivat esiin yksityiskohtia teoista ja puhuivat uhreista halventavasti.<\/p>\n<p><img decoding=\"async\" alt=\"Syytetty Milan Jaff oikeudessa.\" src=\"https:\/\/www.europesays.com\/fi\/wp-content\/uploads\/2025\/12\/39-10202626347bb8d7218a.jpeg\" loading=\"lazy\" class=\"aw-1l9m598 hKVVvP\"\/><\/p>\n<p>Avaa kuvien katselu<\/p>\n<p>K\u00e4r\u00e4j\u00e4oikeuden tuomion mukaan Jaffin ja Dehghanin toiminta podcastissa aiheutti uhreille suurta k\u00e4rsimyst\u00e4. Podcastilla ja Youtube-kanavalla oli tuolloin 53 500 tilaajaa. Kuva It\u00e4-Uudenmaan k\u00e4r\u00e4j\u00e4oikeudesta, jossa Jaffia syytettiin murhan yrityksest\u00e4 10. lokakuuta 2022.  Kuva: Katri Kirsi \/ Yle<\/p>\n<p class=\"aw-1gybjub aw-1p7kakr kEtdKx cEmitX yle__article__paragraph\">Dehghan tuomittiin k\u00e4r\u00e4j\u00e4oikeudessa seitsem\u00e4n kuukauden ehdolliseen vankeusrangaistukseen t\u00f6rke\u00e4st\u00e4 kunnianloukkauksesta ja yksityisel\u00e4m\u00e4\u00e4 loukkaavasta tiedon levitt\u00e4misest\u00e4. Jaff sai 70 p\u00e4iv\u00e4n vankeusrangaistuksen.<\/p>\n<p class=\"aw-1gybjub aw-1p7kakr kEtdKx cEmitX yle__article__paragraph\">Dehghan ja Jaff velvoitettiin lis\u00e4ksi suorittamaan yhteisvastuullisesti molemmille uhreille vahingonkorvauksena 7\u00a0000 euroa.<\/p>\n<p class=\"aw-1gybjub aw-1p7kakr kEtdKx cEmitX yle__article__paragraph\">Helsingin hovioikeus kumosi kes\u00e4kuussa 2024 Jaffin tuomion t\u00f6rke\u00e4st\u00e4 lapsenraiskauksesta, mutta piti voimassa tuomion raiskauksesta. Tuomio on lainvoimainen.<\/p>\n<p>Osallistuminen jatko-oikeudenk\u00e4ynteihin j\u00e4\u00e4 n\u00e4ht\u00e4v\u00e4ksi<\/p>\n<p class=\"aw-1gybjub aw-1p7kakr kEtdKx cEmitX yle__article__paragraph\">Maahanmuuttovirasto peruutti syyskuussa Milan Jaffin oleskeluluvan ja m\u00e4\u00e4r\u00e4si h\u00e4net karkotettavaksi Irakiin.<\/p>\n<p class=\"aw-1gybjub aw-1p7kakr kEtdKx cEmitX yle__article__paragraph\">Sen seurauksena Jaff ei voisi osallistua jatkossa oikeuden istuntoihin paikan p\u00e4\u00e4ll\u00e4, vaikka saisikin luvan valittaa tuomiosta.<\/p>\n<p class=\"aw-1gybjub aw-1p7kakr kEtdKx cEmitX yle__article__paragraph\">Valitus hovioikeuteen on salainen. Jaffin asianajaja Koivun mukaan valituksessa on kysymys p\u00e4\u00e4asiallisesti tekojen oikeudellisesta arvioinnista.<\/p>\n<p class=\"aw-1gybjub aw-1p7kakr kEtdKx cEmitX yle__article__paragraph\">\u2013 Silt\u00e4 osin, kun hovioikeutta on pyydetty arvioimaan asian n\u00e4ytt\u00f6 uudelleen, kysymys ei ole Jaffin itsens\u00e4 kuulemisesta, vaan muun n\u00e4yt\u00f6n arvioinnista.<\/p>\n<p class=\"aw-1gybjub aw-1p7kakr kEtdKx cEmitX yle__article__paragraph\">Yle julkaisee Milan Jaffin nimen, koska h\u00e4n on alentanut yksityisyydensuojaansa julkaisemalla avoimissa somekanavissa materiaalia, on seuraajam\u00e4\u00e4riens\u00e4 perusteella mielipidevaikuttaja ja on tuomittu vakavista rikoksista.<\/p>\n<p class=\"aw-1gybjub aw-1p7kakr kEtdKx cEmitX yle__article__paragraph\">Muokattu 22.12.2025 kello 18.46: Korjattu rikosnimike \u201dyksityisel\u00e4m\u00e4\u00e4 loukkaava tiedon v\u00e4litt\u00e4minen\u201d oikeaan muotoon.<\/p>\n","protected":false},"excerpt":{"rendered":"Katujengirikoksista tunnettu Milan Jaff tuomittiin marraskuussa k\u00e4r\u00e4j\u00e4oikeudessa t\u00f6rke\u00e4st\u00e4 kunnianloukkauksesta ja yksityisel\u00e4m\u00e4\u00e4 loukkaavasta tiedon levitt\u00e4misest\u00e4. H\u00e4n hakee muutosta tuomioonsa.&hellip;\n","protected":false},"author":2,"featured_media":123617,"comment_status":"","ping_status":"","sticky":false,"template":"","format":"standard","meta":{"footnotes":""},"categories":[14],"tags":[22,23,26,27,33,31,30,17,8792,104,71,2051,24,25,28,29,7787,15,1915,18,21,4353,32,19,20,56,1168,16,2359,59,60,61],"class_list":{"0":"post-123616","1":"post","2":"type-post","3":"status-publish","4":"format-standard","5":"has-post-thumbnail","7":"category-ulkomaat","8":"tag-breaking-news","9":"tag-breakingnews","10":"tag-featured-news","11":"tag-featurednews","12":"tag-fi","13":"tag-finland","14":"tag-finnish","15":"tag-headlines","16":"tag-helsingin-hovioikeus","17":"tag-helsinki","18":"tag-kotimaa","19":"tag-kunnianloukkaus","20":"tag-latest-news","21":"tag-latestnews","22":"tag-main-news","23":"tag-mainnews","24":"tag-milan-jaff","25":"tag-news","26":"tag-oikeus","27":"tag-otsikot","28":"tag-paauutiset","29":"tag-seksuaalirikokset","30":"tag-suomi","31":"tag-top-stories","32":"tag-topstories","33":"tag-ulkomaat","34":"tag-uusimaa","35":"tag-uutiset","36":"tag-vantaa","37":"tag-world","38":"tag-world-news","39":"tag-worldnews"},"share_on_mastodon":{"url":"https:\/\/pubeurope.com\/@fi\/115766302218144630","error":""},"_links":{"self":[{"href":"https:\/\/www.europesays.com\/fi\/wp-json\/wp\/v2\/posts\/123616","targetHints":{"allow":["GET"]}}],"collection":[{"href":"https:\/\/www.europesays.com\/fi\/wp-json\/wp\/v2\/posts"}],"about":[{"href":"https:\/\/www.europesays.com\/fi\/wp-json\/wp\/v2\/types\/post"}],"author":[{"embeddable":true,"href":"https:\/\/www.europesays.com\/fi\/wp-json\/wp\/v2\/users\/2"}],"replies":[{"embeddable":true,"href":"https:\/\/www.europesays.com\/fi\/wp-json\/wp\/v2\/comments?post=123616"}],"version-history":[{"count":0,"href":"https:\/\/www.europesays.com\/fi\/wp-json\/wp\/v2\/posts\/123616\/revisions"}],"wp:featuredmedia":[{"embeddable":true,"href":"https:\/\/www.europesays.com\/fi\/wp-json\/wp\/v2\/media\/123617"}],"wp:attachment":[{"href":"https:\/\/www.europesays.com\/fi\/wp-json\/wp\/v2\/media?parent=123616"}],"wp:term":[{"taxonomy":"category","embeddable":true,"href":"https:\/\/www.europesays.com\/fi\/wp-json\/wp\/v2\/categories?post=123616"},{"taxonomy":"post_tag","embeddable":true,"href":"https:\/\/www.europesays.com\/fi\/wp-json\/wp\/v2\/tags?post=123616"}],"curies":[{"name":"wp","href":"https:\/\/api.w.org\/{rel}","templated":true}]}}