{"id":123624,"date":"2025-12-23T01:52:10","date_gmt":"2025-12-23T01:52:10","guid":{"rendered":"https:\/\/www.europesays.com\/fi\/123624\/"},"modified":"2025-12-23T01:52:10","modified_gmt":"2025-12-23T01:52:10","slug":"norjan-hiihtotahtien-kovin-uhkaaja-pihalla-tour-de-skilta-ylsi-viime-kerralla-toiseksi-urheilua-lyhyesti","status":"publish","type":"post","link":"https:\/\/www.europesays.com\/fi\/123624\/","title":{"rendered":"Norjan hiihtot\u00e4htien kovin uhkaaja pihalla Tour de Skilt\u00e4 \u2013 ylsi viime kerralla toiseksi | Urheilua lyhyesti"},"content":{"rendered":"<p class=\"aw-1gybjub aw-5vja16 kEtdKx kmuxyA yle__article__paragraph\">Rukan maailmancupissa podiumille sijoittunut It\u00e4vallan Mika Vermeulen ei puolusta viimekertaista kakkossijaansa.<\/p>\n<p><img decoding=\"async\" alt=\"Mika Vermeulen.\" src=\"https:\/\/www.europesays.com\/fi\/wp-content\/uploads\/2025\/12\/39-124219565c8d15b625f1.jpeg\" class=\"aw-1l9m598 hKVVvP\"\/><\/p>\n<p>Avaa kuvien katselu<\/p>\n<p>Vermeulenia ei n\u00e4hd\u00e4 Tourilla. Kuva: Getty Images<\/p>\n<p class=\"aw-1gybjub aw-1p7kakr kEtdKx cEmitX yle__article__paragraph\">T\u00e4ll\u00e4 viikolla k\u00e4ynnistyv\u00e4ll\u00e4 maastohiihdon Tour de Ski -kiertueella ei n\u00e4hd\u00e4 ollenkaan it\u00e4valtalaist\u00e4hti <strong class=\"aw-ak79eh KyCXm yle__article__strong\">Mika Vermeulenia<\/strong>. Asiasta kertoo muun muuassa it\u00e4valtalaismedia <a class=\"aw-iao6s4 iHOxEa yle__article__link\" href=\"https:\/\/www.krone.at\/3995599\" role=\"link\" rel=\"nofollow noopener\" target=\"_blank\">Krone Zeitung<\/a>.<\/p>\n<p class=\"aw-1gybjub aw-1p7kakr kEtdKx cEmitX yle__article__paragraph\">Vuosi sitten miesten Tourilla toiseksi sijoittunut 26-vuotias Vermeulen on potenut pient\u00e4 flunssaa Davosin maailmancupin kisojen j\u00e4lkeen.<\/p>\n<p class=\"aw-1gybjub aw-1p7kakr kEtdKx cEmitX yle__article__paragraph\">Kauden avauksessa Rukalla palkintopallille hiiht\u00e4nyt urheilija ei halua ottaa riskej\u00e4 Milano-Cortinan olympialaisia ajatellen.<\/p>\n<p class=\"aw-1gybjub aw-1p7kakr kEtdKx cEmitX yle__article__paragraph\">\u2013 Vaikka Tour alkaa vasta sunnuntaina, en halua ottaa riski\u00e4, ett\u00e4 harjoittelisin liian varhain liian nopeasti. On olemassa uhka, ett\u00e4 kuntoni menisi vain huonompaan suuntaan, Vermeulen perustelee p\u00e4\u00e4t\u00f6st\u00e4\u00e4n.<\/p>\n<p class=\"aw-1gybjub aw-1p7kakr kEtdKx cEmitX yle__article__paragraph\">Viimekertaisen Tour de Skin vei tuttuun tapaan Norjan <strong class=\"aw-ak79eh KyCXm yle__article__strong\">Johannes Kl\u00e4bo<\/strong> minuutin ja 23 sekunnin marginaalilla. Vermeulen oli toinen ja Ranskan <strong class=\"aw-ak79eh KyCXm yle__article__strong\">Hugo Lapalus<\/strong> kolmas.<\/p>\n<p class=\"aw-1gybjub aw-1p7kakr kEtdKx cEmitX yle__article__paragraph\">Vermeulen on distanssimatkoilla <strong class=\"aw-ak79eh KyCXm yle__article__strong\">Iivo Niskasen<\/strong> lis\u00e4ksi harvoja mieshiiht\u00e4ji\u00e4, jotka pystyv\u00e4t pullikoimaan Norjan h\u00e4kellytt\u00e4v\u00e4\u00e4 ylivoimaa vastaan. Tour de Ski k\u00e4ynnistyy sunnuntaina 28. joulukuuta.<\/p>\n","protected":false},"excerpt":{"rendered":"Rukan maailmancupissa podiumille sijoittunut It\u00e4vallan Mika Vermeulen ei puolusta viimekertaista kakkossijaansa. Avaa kuvien katselu Vermeulenia ei n\u00e4hd\u00e4 Tourilla.&hellip;\n","protected":false},"author":2,"featured_media":123625,"comment_status":"","ping_status":"","sticky":false,"template":"","format":"standard","meta":{"footnotes":""},"categories":[158],"tags":[33,31,30,2095,18916,21151,159,32,22116,160],"class_list":{"0":"post-123624","1":"post","2":"type-post","3":"status-publish","4":"format-standard","5":"has-post-thumbnail","7":"category-urheilu","8":"tag-fi","9":"tag-finland","10":"tag-finnish","11":"tag-hiihto","12":"tag-maastohiihdon-maailmancup","13":"tag-mika-vermeulen","14":"tag-sports","15":"tag-suomi","16":"tag-tour-de-ski","17":"tag-urheilu"},"share_on_mastodon":{"url":"https:\/\/pubeurope.com\/@fi\/115766384915005545","error":""},"_links":{"self":[{"href":"https:\/\/www.europesays.com\/fi\/wp-json\/wp\/v2\/posts\/123624","targetHints":{"allow":["GET"]}}],"collection":[{"href":"https:\/\/www.europesays.com\/fi\/wp-json\/wp\/v2\/posts"}],"about":[{"href":"https:\/\/www.europesays.com\/fi\/wp-json\/wp\/v2\/types\/post"}],"author":[{"embeddable":true,"href":"https:\/\/www.europesays.com\/fi\/wp-json\/wp\/v2\/users\/2"}],"replies":[{"embeddable":true,"href":"https:\/\/www.europesays.com\/fi\/wp-json\/wp\/v2\/comments?post=123624"}],"version-history":[{"count":0,"href":"https:\/\/www.europesays.com\/fi\/wp-json\/wp\/v2\/posts\/123624\/revisions"}],"wp:featuredmedia":[{"embeddable":true,"href":"https:\/\/www.europesays.com\/fi\/wp-json\/wp\/v2\/media\/123625"}],"wp:attachment":[{"href":"https:\/\/www.europesays.com\/fi\/wp-json\/wp\/v2\/media?parent=123624"}],"wp:term":[{"taxonomy":"category","embeddable":true,"href":"https:\/\/www.europesays.com\/fi\/wp-json\/wp\/v2\/categories?post=123624"},{"taxonomy":"post_tag","embeddable":true,"href":"https:\/\/www.europesays.com\/fi\/wp-json\/wp\/v2\/tags?post=123624"}],"curies":[{"name":"wp","href":"https:\/\/api.w.org\/{rel}","templated":true}]}}