{"id":12363,"date":"2025-08-21T17:59:09","date_gmt":"2025-08-21T17:59:09","guid":{"rendered":"https:\/\/www.europesays.com\/fi\/12363\/"},"modified":"2025-08-21T17:59:09","modified_gmt":"2025-08-21T17:59:09","slug":"aiheuttiko-tama-hulk-hoganin-kuoleman","status":"publish","type":"post","link":"https:\/\/www.europesays.com\/fi\/12363\/","title":{"rendered":"Aiheuttiko t\u00e4m\u00e4 Hulk Hoganin kuoleman?"},"content":{"rendered":"<p>TMZ uutisoi, ett\u00e4 Hulk Hoganin kuolema saattoi johtua kirurgisesta virheest\u00e4.<\/p>\n<p><img decoding=\"async\" class=\"image image-show image-preview\" src=\"https:\/\/www.europesays.com\/fi\/wp-content\/uploads\/2025\/08\/521b2500729ce7b95a1b1d381af10d94f3ceaad4f3a67266833822bb2553546a.jpg\" alt=\"\"\/><img decoding=\"async\" class=\"image image-show\" src=\"https:\/\/www.europesays.com\/fi\/wp-content\/uploads\/2025\/08\/1755799149_621_521b2500729ce7b95a1b1d381af10d94f3ceaad4f3a67266833822bb2553546a.jpg\" alt=\"\"\/><\/p>\n<p>Hulk Hogan kuoli hein\u00e4kuussa 71 vuoden i\u00e4ss\u00e4. AOP<\/p>\n<p class=\"paragraph\">Yhdysvaltalainen urheilusivusto <a href=\"https:\/\/www.tmz.com\/2025\/08\/21\/brooke-hogan-hulk-death-concerns-neck-surgery\/\" rel=\"noopener nofollow\" target=\"_blank\">TMZ Sports uutisoi<\/a>, ett\u00e4 hein\u00e4kuussa kuolleen showpainilegenda <strong>Hulk Hoganin<\/strong> poismenoon saattoi liitty\u00e4 kirurginen virhe.<\/p>\n<p class=\"paragraph\">People-lehti kertoi hein\u00e4kuussa Hoganin kuolleen syd\u00e4ninfarktiin. Peoplen mukaan Hogan sairasti leukemiaa ja oli k\u00e4rsinyt eteisv\u00e4rin\u00e4st\u00e4.<\/p>\n<p class=\"paragraph\">TMZ:n l\u00e4hteiden mukaan infarktiin saattoi johtaa leikkaus, jossa Hoganin hermo vahingoittui.<\/p>\n<p class=\"paragraph\">TMZ:n mukaan Hoganin kotona Floridassa oli paikalla toimintaterapeutti, kun Hogan lakkasi hengitt\u00e4m\u00e4st\u00e4.<\/p>\n<p class=\"paragraph\">Terapeutin mukaan kirurgi vaurioitti vahingossa Hoganin hermoa. TMZ:n mukaan on ep\u00e4selv\u00e4\u00e4, tuliko vaurio niska- vai syd\u00e4nleikkauksessa.<\/p>\n<p class=\"paragraph\">Hogan joutui kes\u00e4kuussa sairaalaan niska- ja selk\u00e4ongelmien takia. Tuolloin painilegendan edustaja v\u00e4itti operaation olleen onnistunut.<\/p>\n<p class=\"paragraph\">Hoganin tyt\u00e4r <strong>Brooke<\/strong> on vaatinut ruumiinavausta kuolinsyyn selvitt\u00e4miseksi.<\/p>\n","protected":false},"excerpt":{"rendered":"TMZ uutisoi, ett\u00e4 Hulk Hoganin kuolema saattoi johtua kirurgisesta virheest\u00e4. Hulk Hogan kuoli hein\u00e4kuussa 71 vuoden i\u00e4ss\u00e4. AOP&hellip;\n","protected":false},"author":2,"featured_media":12364,"comment_status":"","ping_status":"","sticky":false,"template":"","format":"standard","meta":{"footnotes":""},"categories":[14],"tags":[35,22,23,26,27,33,31,30,17,501,24,25,28,29,15,18,21,2461,32,502,503,167,19,20,56,16,59,60,61],"class_list":{"0":"post-12363","1":"post","2":"type-post","3":"status-publish","4":"format-standard","5":"has-post-thumbnail","7":"category-ulkomaat","8":"tag-24h","9":"tag-breaking-news","10":"tag-breakingnews","11":"tag-featured-news","12":"tag-featurednews","13":"tag-fi","14":"tag-finland","15":"tag-finnish","16":"tag-headlines","17":"tag-laakaripalvelut","18":"tag-latest-news","19":"tag-latestnews","20":"tag-main-news","21":"tag-mainnews","22":"tag-news","23":"tag-otsikot","24":"tag-paauutiset","25":"tag-sairaalat-ja-terveyskeskukset","26":"tag-suomi","27":"tag-terveydenhoito","28":"tag-terveydenhuolto-sektori","29":"tag-terveys","30":"tag-top-stories","31":"tag-topstories","32":"tag-ulkomaat","33":"tag-uutiset","34":"tag-world","35":"tag-world-news","36":"tag-worldnews"},"share_on_mastodon":{"url":"","error":""},"_links":{"self":[{"href":"https:\/\/www.europesays.com\/fi\/wp-json\/wp\/v2\/posts\/12363","targetHints":{"allow":["GET"]}}],"collection":[{"href":"https:\/\/www.europesays.com\/fi\/wp-json\/wp\/v2\/posts"}],"about":[{"href":"https:\/\/www.europesays.com\/fi\/wp-json\/wp\/v2\/types\/post"}],"author":[{"embeddable":true,"href":"https:\/\/www.europesays.com\/fi\/wp-json\/wp\/v2\/users\/2"}],"replies":[{"embeddable":true,"href":"https:\/\/www.europesays.com\/fi\/wp-json\/wp\/v2\/comments?post=12363"}],"version-history":[{"count":0,"href":"https:\/\/www.europesays.com\/fi\/wp-json\/wp\/v2\/posts\/12363\/revisions"}],"wp:featuredmedia":[{"embeddable":true,"href":"https:\/\/www.europesays.com\/fi\/wp-json\/wp\/v2\/media\/12364"}],"wp:attachment":[{"href":"https:\/\/www.europesays.com\/fi\/wp-json\/wp\/v2\/media?parent=12363"}],"wp:term":[{"taxonomy":"category","embeddable":true,"href":"https:\/\/www.europesays.com\/fi\/wp-json\/wp\/v2\/categories?post=12363"},{"taxonomy":"post_tag","embeddable":true,"href":"https:\/\/www.europesays.com\/fi\/wp-json\/wp\/v2\/tags?post=12363"}],"curies":[{"name":"wp","href":"https:\/\/api.w.org\/{rel}","templated":true}]}}