{"id":123638,"date":"2025-12-23T02:17:08","date_gmt":"2025-12-23T02:17:08","guid":{"rendered":"https:\/\/www.europesays.com\/fi\/123638\/"},"modified":"2025-12-23T02:17:08","modified_gmt":"2025-12-23T02:17:08","slug":"nautatilojen-taloutta-horjuttava-bakteeri-kuriin-ett-uudistaa-m-bovis-ohjelmaansa-maatalous","status":"publish","type":"post","link":"https:\/\/www.europesays.com\/fi\/123638\/","title":{"rendered":"Nautatilojen taloutta horjuttava bakteeri kuriin \u2013 ETT uudistaa M. Bovis -ohjelmaansa &#8211; Maatalous"},"content":{"rendered":"<p>Tavoitteena on tehostaa tartuntojen seurantaa, vahvistaa tautisuojasta ja parantaa el\u00e4inkaupan riskien hallintaa. <\/p>\n<p><a class=\"ArticleImage_imageContainer__e0EST\" href=\"https:\/\/www.europesays.com\/fi\/wp-content\/uploads\/2025\/12\/Fz587MK8pwsFHCxSLRM7EAobQVM.jpg\"><img decoding=\"async\" src=\"https:\/\/www.europesays.com\/fi\/wp-content\/uploads\/2025\/12\/Fz587MK8pwsFHCxSLRM7EAobQVM.jpg\" alt=\"Mykoplasman vastustusohjelma aloitettiin vuonna 2013 ja nyt siin\u00e4 on mukana 570 nautatilaa. Kuvituskuva. \" loading=\"lazy\"\/><\/a><\/p>\n<p>Mykoplasman vastustusohjelma aloitettiin vuonna 2013 ja nyt siin\u00e4 on mukana 570 nautatilaa. Kuvituskuva. \u00a0Kuva: Sanne Katainen<\/p>\n<p class=\"RichTextParagraph_richTextParagraph__Wxs3t undefined\">Naudoille hengitystietulehduksia aiheuttavan Mycoplasma bovis -bakteerin vastustusohjelma uudistuu ensi vuonna, kertoo M. bovis -vastustusstrategiasta vastaava El\u00e4inten terveys ETT. <\/p>\n<p class=\"RichTextParagraph_richTextParagraph__Wxs3t undefined\">Uudistus tehostaa tartuntojen seurantaa vasta-ainetutkimuksilla, korostaa suunnitelmallista tautisuojausta sek\u00e4 v\u00e4h\u00e4riskist\u00e4 el\u00e4inkauppaa, ETT kertoo verkkosivuillaan. Uudistuksen my\u00f6t\u00e4 n\u00e4ytetutkimukset muuttuvat ja el\u00e4inl\u00e4\u00e4k\u00e4rik\u00e4yntien m\u00e4\u00e4r\u00e4 v\u00e4henee. <\/p>\n<p class=\"RichTextParagraph_richTextParagraph__Wxs3t undefined\">M. bovis eli mykoplasma -tilannetta seurataan vuosittaisilla terveydenhuoltok\u00e4ynneill\u00e4 sek\u00e4 vasta-ainetutkimuksilla verin\u00e4ytteist\u00e4 tai maidosta. Lis\u00e4ksi karjan tautitilannetta selvitet\u00e4\u00e4n vasikoiden sierainliman\u00e4ytteill\u00e4. <\/p>\n<p class=\"RichTextParagraph_richTextParagraph__Wxs3t undefined\">Vastustusohjelmassa aktiivisesti mukana olleet tilat jatkavat uudessa ohjelmassa ja A-tason edellytt\u00e4m\u00e4 vasta-ainetutkimus pit\u00e4\u00e4 tehd\u00e4 ennen seuraavaa myynti\u00e4.<\/p>\n<p class=\"RichTextParagraph_richTextParagraph__Wxs3t undefined\">Ohjelman ehdot ovat samat sek\u00e4 lypsy- ett\u00e4 emokarjoille. Vastustamisen ydin s\u00e4ilyy samana: hyv\u00e4 tautisuojaus ja A-tason tilojen v\u00e4linen hallittu el\u00e4inkauppa.<\/p>\n<p class=\"RichTextParagraph_richTextParagraph__Wxs3t undefined\">M.bovis on yksi t\u00e4rkeimmist\u00e4 ja yleisimmist\u00e4 naudan hengitystietulehdusten aiheuttajista maailmanlaajuisesti. Suomessa se on merkitt\u00e4v\u00e4 keuhkotulehduksen ja utaretulehduksen aiheuttaja. Lis\u00e4ksi se voi aiheuttaa nivel-, korva- ja silm\u00e4tulehdusta sek\u00e4 luomisia. Antibiootit tehoavat mykoplasmaan huonosti, oireet voivat olla vakavat ja tartunta saattaa j\u00e4\u00e4d\u00e4 karjaan piilev\u00e4ksi. <\/p>\n<p class=\"RichTextParagraph_richTextParagraph__Wxs3t undefined\">Bakteeri aiheuttaa suuria taloudellisia menetyksi\u00e4, koska se johtaa sairastuneiden el\u00e4inten v\u00e4hentyneeseen tuottavuuteen, hoitokustannuksiin ja mahdollisiin el\u00e4inten menetyksiin. Tauti lis\u00e4\u00e4 my\u00f6s tarvetta antibioottien k\u00e4yt\u00f6lle.<\/p>\n<p class=\"Blockquote_text___ueE4\">Antibiootit tehoavat mykoplasmaan huonosti, oireet voivat olla vakavat ja tartunta saattaa j\u00e4\u00e4d\u00e4 karjaan piilev\u00e4ksi. <\/p>\n<p class=\"RichTextParagraph_richTextParagraph__Wxs3t undefined\">Noin viidell\u00e4 prosentilla kansalliseen nautatilojen terveydenhuollon seurantaj\u00e4rjestelm\u00e4 Nasevaan kuuluvilla tiloilla on mykoplasma-tartunta. Viime vuosina uusia tartuntoja on todettu vuosittain noin 20\u201330 tilalla. Tartuntoja on l\u00f6ydetty p\u00e4\u00e4asiassa oireilevista el\u00e4imist\u00e4 otettujen n\u00e4ytteiden perusteella.<\/p>\n<p class=\"RichTextParagraph_richTextParagraph__Wxs3t undefined\">M.bovis -tartuntariski on v\u00e4h\u00e4inen, kun uudisel\u00e4imet hankitaan vastustusohjelman A-tasolle kuuluvilta tiloilta, ETT muistuttaa. A-tasolle kuuluvilla tiloilla on suunnitelmallinen tautisuojaus, s\u00e4\u00e4nn\u00f6lliset terveydenhuoltok\u00e4ynnit ja oireseuranta sek\u00e4 mykoplasma-tilanteesta kertovat n\u00e4ytetutkimukset.<\/p>\n<p class=\"RichTextParagraph_richTextParagraph__Wxs3t undefined\">ETT:n M. bovis -vastustusohjelma aloitettiin vuonna 2013 ja nyt siin\u00e4 on mukana 570 nautatilaa. <\/p>\n<p class=\"RichTextParagraph_richTextParagraph__Wxs3t undefined\">Ohjelmaan liittymist\u00e4 suositellaan kaikille tiloille, jotka myyv\u00e4t jalostus- tai pitoel\u00e4imi\u00e4. Ohjelmaan kuuluminen on edellytys esimerkiksi el\u00e4inn\u00e4yttelyihin osallistuvilta ja puhdasrotukasvattamoihin sonneja myyvilt\u00e4 tiloilta. <\/p>\n","protected":false},"excerpt":{"rendered":"Tavoitteena on tehostaa tartuntojen seurantaa, vahvistaa tautisuojasta ja parantaa el\u00e4inkaupan riskien hallintaa. Mykoplasman vastustusohjelma aloitettiin vuonna 2013 ja&hellip;\n","protected":false},"author":2,"featured_media":123639,"comment_status":"","ping_status":"","sticky":false,"template":"","format":"standard","meta":{"footnotes":""},"categories":[165],"tags":[33,31,30,166,32,167],"class_list":{"0":"post-123638","1":"post","2":"type-post","3":"status-publish","4":"format-standard","5":"has-post-thumbnail","7":"category-terveys","8":"tag-fi","9":"tag-finland","10":"tag-finnish","11":"tag-health","12":"tag-suomi","13":"tag-terveys"},"share_on_mastodon":{"url":"https:\/\/pubeurope.com\/@fi\/115766483186310894","error":""},"_links":{"self":[{"href":"https:\/\/www.europesays.com\/fi\/wp-json\/wp\/v2\/posts\/123638","targetHints":{"allow":["GET"]}}],"collection":[{"href":"https:\/\/www.europesays.com\/fi\/wp-json\/wp\/v2\/posts"}],"about":[{"href":"https:\/\/www.europesays.com\/fi\/wp-json\/wp\/v2\/types\/post"}],"author":[{"embeddable":true,"href":"https:\/\/www.europesays.com\/fi\/wp-json\/wp\/v2\/users\/2"}],"replies":[{"embeddable":true,"href":"https:\/\/www.europesays.com\/fi\/wp-json\/wp\/v2\/comments?post=123638"}],"version-history":[{"count":0,"href":"https:\/\/www.europesays.com\/fi\/wp-json\/wp\/v2\/posts\/123638\/revisions"}],"wp:featuredmedia":[{"embeddable":true,"href":"https:\/\/www.europesays.com\/fi\/wp-json\/wp\/v2\/media\/123639"}],"wp:attachment":[{"href":"https:\/\/www.europesays.com\/fi\/wp-json\/wp\/v2\/media?parent=123638"}],"wp:term":[{"taxonomy":"category","embeddable":true,"href":"https:\/\/www.europesays.com\/fi\/wp-json\/wp\/v2\/categories?post=123638"},{"taxonomy":"post_tag","embeddable":true,"href":"https:\/\/www.europesays.com\/fi\/wp-json\/wp\/v2\/tags?post=123638"}],"curies":[{"name":"wp","href":"https:\/\/api.w.org\/{rel}","templated":true}]}}