{"id":123642,"date":"2025-12-23T02:19:08","date_gmt":"2025-12-23T02:19:08","guid":{"rendered":"https:\/\/www.europesays.com\/fi\/123642\/"},"modified":"2025-12-23T02:19:08","modified_gmt":"2025-12-23T02:19:08","slug":"steven-spielberg-kieltaytyi-tyoskentelemasta-ben-affleckin-kanssa-taustalla-riita-uima-altaalla","status":"publish","type":"post","link":"https:\/\/www.europesays.com\/fi\/123642\/","title":{"rendered":"Steven Spielberg kielt\u00e4ytyi ty\u00f6skentelem\u00e4st\u00e4 Ben Affleckin kanssa \u2013 taustalla riita uima-altaalla"},"content":{"rendered":"<p>Ohjaaja ja k\u00e4sikirjoittaja <strong>Mike Binder <\/strong>kertoo, ett\u00e4 <strong>Steven Spielberg<\/strong> n\u00e4ytti parikymment\u00e4 vuotta sitten <strong>Ben Affleckille<\/strong> tylysti punaista ruksia, henkil\u00f6kohtaisten kaunojen takia.<\/p>\n<p>Spielberg oli alun perin kiinnostunut ohjaamaan Pomon p\u00e4iv\u00e4kirja (2006) -elokuvan. Binder oli tehnyt k\u00e4sikirjoituksen Spielbergin johtamalle DreamWorksille, mutta E.T.- ja Jurassic Park -mies tuli toisiin aatoksiin.<\/p>\n<p>Syyn\u00e4 oli riita uima-altaalla.<\/p>\n<p>Spielberg ja Affleck viettiv\u00e4t yhteist\u00e4 perhelomaa 1990-luvun lopulla, jolloin Spielbergin pieni poika t\u00f6n\u00e4isi t\u00e4ydess\u00e4 vaatetuksessa olleen Affleckin uima-altaaseen. Affleck ei ottanut asiaa huumorilla, vaan raivostui asiasta, nosti pojan ilmaan ja heitti h\u00e4net veteen, saaden t\u00e4m\u00e4n itkem\u00e4\u00e4n.<\/p>\n<p>Kun Binder tarjosi vuosia my\u00f6hemmin Affleckia Pomon p\u00e4iv\u00e4kirjan p\u00e4\u00e4osaan, Spielberg ei ollut unohtanut episodia.<\/p>\n<p>\u201cEn pid\u00e4 ty\u00f6skentelyst\u00e4 h\u00e4nen kanssaan\u2026 Etsi joku muu. Kuka tahansa muu kuin h\u00e4n\u201d, Spielberg tuhahti.<\/p>\n<p>Asenteeseen vaikuttivat Spielbergin mukaan Affleckin sen hetkisten elokuvien heikot tuotot, sek\u00e4 \u201dJ-Lo-juttu\u201d.<\/p>\n<p>Lue my\u00f6s: <a href=\"https:\/\/www.episodi.fi\/uutiset\/ben-affleckin-juurista-paljastui-synkka-menneisyys-halusi-piilottaa-asian\/\" title=\"Ben Affleckin juurista paljastui synkk\u00e4 menneisyys \u2013 halusi piilottaa asian\" class=\"underline-custom !font-montserrat !font-bold !underline-offset-4 !decoration-4 !decoration-episodi-blue !text-md\" rel=\"nofollow noopener\" target=\"_blank\">Ben Affleckin juurista paljastui synkk\u00e4 menneisyys \u2013 halusi piilottaa asian<\/a><\/p>\n<p>Lue my\u00f6s: <a href=\"https:\/\/www.episodi.fi\/uutiset\/ben-affleck-nayttelisi-vaikka-tarjoilijaa-jos-scorsese-pyytaisi-pitaa-christoper-nolania-yhtena-kaikkien-aikojen-parhaista-ohjaajista\/\" title=\"Ben Affleck n\u00e4yttelisi vaikka tarjoilijaa, jos Scorsese pyyt\u00e4isi \u2013\u00a0Pit\u00e4\u00e4 Christoper Nolania yhten\u00e4 kaikkien aikojen parhaista ohjaajista\" class=\"underline-custom !font-montserrat !font-bold !underline-offset-4 !decoration-4 !decoration-episodi-blue !text-md\" rel=\"nofollow noopener\" target=\"_blank\">Ben Affleck n\u00e4yttelisi vaikka tarjoilijaa, jos Scorsese pyyt\u00e4isi \u2013\u00a0Pit\u00e4\u00e4 Christoper Nolania yhten\u00e4 kaikkien aikojen parhaista ohjaajista<\/a><\/p>\n<p>Affleck arvasi kuitenkin saman tien, mik\u00e4 ohjaajalegendaa oikeasti hiersi: uima-allasepisodi.<\/p>\n<p>Lopulta Pomon p\u00e4iv\u00e4kirja tehtiin ilman DreamWorksin tukea ja julkaistiin Lionsgaten kautta. Elokuva meni suoraan DVD:lle ja kriitikot haukkuivat sen lyttyyn.<\/p>\n<p>Binder kertoo miesten sopineen riitansa my\u00f6hemmin Oscar-gaalassa, kun Affleckin Argo (2012) voitti parhaan elokuvan palkinnon Spielbergin Lincolnia vastaan. Spielberg tuntui p\u00e4\u00e4sseen asiasta yli, sill\u00e4 h\u00e4n l\u00e4hetti Affleckille viestin:<\/p>\n<p>\u201cT\u00e4n\u00e4 iltana voisit heitt\u00e4\u00e4 koko Spielbergin perheen altaaseen ja p\u00e4\u00e4st\u00e4 siit\u00e4 kuin koira ver\u00e4j\u00e4st\u00e4\u201d.<\/p>\n<p>L\u00e4hde: <a href=\"https:\/\/screenrant.com\/steven-spielberg-ben-affleck-fight-mike-binder\/\" rel=\"nofollow noopener\" target=\"_blank\">ScreenRant<\/a><\/p>\n<p>\u200b<\/p>\n<p>Lue my\u00f6s: <a href=\"https:\/\/www.episodi.fi\/uutiskirje\/?uutiskirjemainos=tekstilinkkimainos\" title=\"Tilaa Episodin uutiskirje ja voit voittaa leffalippuja! Nappaa tv-vinkit suoraan s\u00e4hk\u00f6postiin t\u00e4st\u00e4.\" class=\"underline-custom !font-montserrat !font-bold !underline-offset-4 !decoration-4 !decoration-episodi-blue !text-md\" rel=\"nofollow noopener\" target=\"_blank\">Tilaa Episodin uutiskirje ja voit voittaa leffalippuja! Nappaa katseluvinkit suoraan s\u00e4hk\u00f6postiin t\u00e4st\u00e4.<\/a><\/p>\n","protected":false},"excerpt":{"rendered":"Ohjaaja ja k\u00e4sikirjoittaja Mike Binder kertoo, ett\u00e4 Steven Spielberg n\u00e4ytti parikymment\u00e4 vuotta sitten Ben Affleckille tylysti punaista ruksia,&hellip;\n","protected":false},"author":2,"featured_media":123643,"comment_status":"","ping_status":"","sticky":false,"template":"","format":"standard","meta":{"footnotes":""},"categories":[130],"tags":[9244,137,33,31,30,177,32,109],"class_list":{"0":"post-123642","1":"post","2":"type-post","3":"status-publish","4":"format-standard","5":"has-post-thumbnail","7":"category-viihde","8":"tag-ben-affleck","9":"tag-entertainment","10":"tag-fi","11":"tag-finland","12":"tag-finnish","13":"tag-steven-spielberg","14":"tag-suomi","15":"tag-viihde"},"share_on_mastodon":{"url":"https:\/\/pubeurope.com\/@fi\/115766490799071439","error":""},"_links":{"self":[{"href":"https:\/\/www.europesays.com\/fi\/wp-json\/wp\/v2\/posts\/123642","targetHints":{"allow":["GET"]}}],"collection":[{"href":"https:\/\/www.europesays.com\/fi\/wp-json\/wp\/v2\/posts"}],"about":[{"href":"https:\/\/www.europesays.com\/fi\/wp-json\/wp\/v2\/types\/post"}],"author":[{"embeddable":true,"href":"https:\/\/www.europesays.com\/fi\/wp-json\/wp\/v2\/users\/2"}],"replies":[{"embeddable":true,"href":"https:\/\/www.europesays.com\/fi\/wp-json\/wp\/v2\/comments?post=123642"}],"version-history":[{"count":0,"href":"https:\/\/www.europesays.com\/fi\/wp-json\/wp\/v2\/posts\/123642\/revisions"}],"wp:featuredmedia":[{"embeddable":true,"href":"https:\/\/www.europesays.com\/fi\/wp-json\/wp\/v2\/media\/123643"}],"wp:attachment":[{"href":"https:\/\/www.europesays.com\/fi\/wp-json\/wp\/v2\/media?parent=123642"}],"wp:term":[{"taxonomy":"category","embeddable":true,"href":"https:\/\/www.europesays.com\/fi\/wp-json\/wp\/v2\/categories?post=123642"},{"taxonomy":"post_tag","embeddable":true,"href":"https:\/\/www.europesays.com\/fi\/wp-json\/wp\/v2\/tags?post=123642"}],"curies":[{"name":"wp","href":"https:\/\/api.w.org\/{rel}","templated":true}]}}