{"id":123664,"date":"2025-12-23T02:51:09","date_gmt":"2025-12-23T02:51:09","guid":{"rendered":"https:\/\/www.europesays.com\/fi\/123664\/"},"modified":"2025-12-23T02:51:09","modified_gmt":"2025-12-23T02:51:09","slug":"yhdysvallat-aikoo-rakentaa-uuden-trump-luokan-sotalaivaston","status":"publish","type":"post","link":"https:\/\/www.europesays.com\/fi\/123664\/","title":{"rendered":"Yhdysvallat aikoo rakentaa uuden \u201dTrump-luokan\u201d sotalaivaston"},"content":{"rendered":"<p>Yhdysvallat|Uudet \u201dTrump-luokan\u201d sota-alukset tulevat muodostamaan osan uudesta \u201dKultaisesta laivastosta\u201d, kertoi Trump julkistamistilaisuudessa Mara-a-Lagossa.<\/p>\n<p>Lue tiivistelm\u00e4<\/p>\n<p class=\"article-body mb-nof-24 px-nof-16 sndp-summary-bullet-point-font\">Yhdysvaltain presidentti Donald Trump julkisti maanantaina Floridassa uuden Trump-luokan sota-alusten rakentamisen merivoimille.<\/p>\n<p class=\"article-body mb-nof-24 px-nof-16 sndp-summary-bullet-point-font\">Trump kertoi, ett\u00e4 aluksia rakennetaan aluksi kaksi ja yhteens\u00e4 20\u201325 kappaletta, ja ne varustetaan hypersoonisilla aseilla, raidetykeill\u00e4 ja teko\u00e4lyll\u00e4.<\/p>\n<p class=\"article-body mb-nof-24 px-nof-16 sndp-summary-bullet-point-font\">Julkistustilaisuudessa Trump jatkoi Venezuelan presidentin Nicol\u00e1s Maduron painostusta ja kehotti t\u00e4t\u00e4 luopumaan vallasta.<\/p>\n<p class=\"article-body mb-nof-24 px-nof-16 sndp-summary-bullet-point-font\">Yhdysvallat on viime viikkoina takavarikoinut Venezuelan l\u00e4hist\u00f6ll\u00e4 \u00f6ljytankkereita ja toteuttanut talven mittaan kymmeni\u00e4 iskuja huumeiden kuljettamisesta ep\u00e4iltyihin aluksiin.<\/p>\n<p class=\"article-body mb-nof-24 px-nof-16\">Yhdysvallat aikoo rakentaa <a class=\"underline underline-offset-[0.12em] [text-decoration-thickness:var(--generic-link-underline-thickness)] [text-decoration-color:var(--generic-link-underline-color)] [text-decoration-skip-ink:var(--generic-link-underline-skip-ink)] break-words\" href=\"https:\/\/edition.cnn.com\/2025\/12\/22\/politics\/trump-shipbuilding-venezuela-tensions\" rel=\"nofollow noopener\" target=\"_blank\">uuden luokan sota-aluksia<\/a> merivoimille, kertoi presidentti <a class=\"article-personlink\" href=\"https:\/\/www.hs.fi\/haku\/?query=Donald%20Trump\" rel=\"nofollow noopener\" target=\"_blank\">Donald Trump<\/a> maanantaina Floridassa.<\/p>\n<p class=\"article-body mb-nof-24 px-nof-16\">Julkistustilaisuudessa yksityisell\u00e4 klubillaan Mar-a-Lagossa Palm Beachiss\u00e4 Trump kuvaili uusia aluksia \u201dylivertaisiksi\u201d taistelualuksiksi, jotka tulevat korvaamaan vanhentuneen laivaston.<\/p>\n<p class=\"article-body mb-nof-24 px-nof-16\">Uudet \u201dTrump-luokan\u201d alukset tulevat muodostamaan osan uudesta \u201dKultaisesta laivastosta\u201d, jonka presidentti on tilannut merivoimille, jotta Yhdysvallat olisi paremmin varustautunut Kiinaa ja muita vihollisia vastaan.<\/p>\n<p class=\"article-body mb-nof-24 px-nof-16\">Uusi laivasto tulee Trumpin mukaan my\u00f6s tyylilt\u00e4\u00e4n vastaamaan paremmin h\u00e4nen omia mieltymyksi\u00e4\u00e4n, sill\u00e4 h\u00e4n aikoo ottaa aktiivisen roolin niiden suunnittelussa.<\/p>\n<p class=\"article-body mb-nof-24 px-nof-16\">\u201dYhdysvaltain laivasto tulee johtajamaan suunnittelua minun rinnallani, sill\u00e4 olen hyvin esteettinen ihminen\u201d, Trump sanoi.<\/p>\n<p class=\"article-body mb-nof-24 px-nof-16\">Alukset tullaan Trumpin mukaan varustamaan ainakin hypersoonisilla aseilla, raidetykeill\u00e4, risteilyohjuksilla ja lasereilla.<\/p>\n<p><img decoding=\"async\" src=\"https:\/\/www.europesays.com\/fi\/wp-content\/uploads\/2025\/12\/1766458269_561_468.jpg\" alt=\"Suunnittelukuvissa uuden luokan alus on nimetty USS Defiantiksi. Ulkoministeri Marco Rubio ei viitannut uusiin aluksiin Trump-luokan aluksina, CNN kertoo.\" class=\"_Img_1rerz_1\" style=\"aspect-ratio:1.5\" loading=\"eager\"\/><\/p>\n<p class=\"article-picture-caption\">Suunnittelukuvissa uuden luokan alus on nimetty USS Defiantiksi. Ulkoministeri Marco Rubio ei viitannut uusiin aluksiin Trump-luokan aluksina, CNN kertoo. Kuva:\u00a0Jessica Koscielniak \/ Reuters<\/p>\n<p class=\"article-body mb-nof-24 px-nof-16\">\u201dAlukset tulevat olemaan vahvasti teko\u00e4lyll\u00e4 kontrolloitavia\u201d, h\u00e4n jatkoi tarjoamatta tarkennusta.<\/p>\n<p class=\"article-body mb-nof-24 px-nof-16\">Trump-luokan aluksia on tarkoitus rakentaa aluksi kaksi, mutta yhteens\u00e4 20\u201325, Trump kertoi.<\/p>\n<p class=\"article-body mb-nof-24 px-nof-16\">Samaan hengenvetoon uuden laivastoluokan julkistamisen j\u00e4lkeen Trump jatkoi Venezuelan presidentin <a class=\"article-personlink\" href=\"https:\/\/www.hs.fi\/haku\/?query=Nicol%C3%A1s%20Maduron\" rel=\"nofollow noopener\" target=\"_blank\">Nicol\u00e1s Maduron<\/a> painostusta kommentoimalla, ett\u00e4 Maduron olisi parempi luopua vallastaan.<\/p>\n<p class=\"article-body mb-nof-24 px-nof-16\">Lis\u00e4ksi Trump sanoi, ett\u00e4 Yhdysvallat voisi pit\u00e4\u00e4 tai myyd\u00e4 Venezuelan rannikolla viime viikkojen aikana takavarikoineensa \u00f6ljyn.<\/p>\n<p class=\"article-body mb-nof-24 px-nof-16\">\u201dJos h\u00e4n haluaa pelata kovaa, se on viimeinen kerta, kun h\u00e4n voi tehd\u00e4 niin\u201d, Trump sanoi Madurosta Reutersin mukaan.<\/p>\n<p class=\"article-body mb-nof-24 px-nof-16\">Trump kertoi, ett\u00e4 Yhdysvallat jatkaa edelleen aktiivisesti Bella 1 -\u00f6ljytankkerin tavoittelemista Venezuelan l\u00e4hist\u00f6ll\u00e4. Rannikkovartioston pyrkimyksist\u00e4 uutisoitiin sunnuntaina.<\/p>\n<p class=\"article-body mb-nof-24 px-nof-16\">Viime viikon tiistaina Trump ilmoitti m\u00e4\u00e4r\u00e4nneens\u00e4 \u201dt\u00e4ydellisen saarron kaikille pakotteiden alaisille \u00f6ljylaivoille, jotka menev\u00e4t Venezuelaan tai tulevat sielt\u00e4\u201d.<\/p>\n<p class=\"article-body mb-nof-24 px-nof-16\">Yhdysvallat on viime viikkojen aikana vallannut kaksi muuta \u00f6ljytankkeria Venezuelan l\u00e4hist\u00f6ll\u00e4. Se on my\u00f6s toteuttanut kymmeni\u00e4 iskuja Tyynell\u00e4 valtamerell\u00e4 ja Karibianmerell\u00e4 seilanneisiin aluksiin, joiden se on v\u00e4itt\u00e4nyt kuljettaneen huumeita.<\/p>\n<p class=\"article-body mb-nof-24 px-nof-16\">Rannikkovartioston lis\u00e4ksi Yhdysvaltain merivoimat on ollut operaatioissa mukana.<\/p>\n<p class=\"article-body mb-nof-24 px-nof-16\">Ainakin 100 ihmist\u00e4 on kuollut iskuissa.<\/p>\n<p class=\"article-body mb-nof-24 px-nof-16\">Vain muutama tunti my\u00f6hemmin Maduro vastasi Trumpin kommentteihin televisiol\u00e4hetyksess\u00e4 n\u00e4ytetyss\u00e4 puheessaan. Maduro kehotti, ett\u00e4 Trumpin olisi parempi keskitty\u00e4 oman maansa taloudellisiin ja sosiaalisiin ongelmiin kuin Venezuelan uhkailuun, uutistoimisto AFP kertoo.<\/p>\n<p class=\"article-body mb-nof-24 px-nof-16\">\u00d6ljytankkereiden lastaaminen hiipui maanantaina Venezuelassa Yhdysvaltain s\u00e4ili\u00f6aluksiin kohdistamien toimien vuoksi. Reutersin mukaan alukset siirsiv\u00e4t \u00f6ljylasteja p\u00e4\u00e4osin kotimaan satamien v\u00e4lill\u00e4. Lis\u00e4ksi valtion omistama \u00f6ljy-yhti\u00f6 PDVSA toipuu viel\u00e4 kyberiskusta, joka siihen kohdistettiin<a class=\"underline underline-offset-[0.12em] [text-decoration-thickness:var(--generic-link-underline-thickness)] [text-decoration-color:var(--generic-link-underline-color)] [text-decoration-skip-ink:var(--generic-link-underline-skip-ink)] break-words\" href=\"https:\/\/www.reuters.com\/world\/americas\/venezuelas-pdvsa-says-operations-unaffected-by-cyber-attack-blames-us-2025-12-15\/\" rel=\"nofollow noopener\" target=\"_blank\"> viime viikolla<\/a>.<\/p>\n<p class=\"article-body mb-nof-24 px-nof-16\">Lehdist\u00f6tilaisuudessa Trump toisti ukaasinsa Gr\u00f6nlannista.<\/p>\n<p class=\"article-body mb-nof-24 px-nof-16\">\u201dTarvitsemme sen kansallisen turvallisuuden t\u00e4hden. Meid\u00e4n t\u00e4ytyy saada se\u201d, Trump sanoi perustellen asiaa sill\u00e4, ett\u00e4 se on \u201dt\u00e4ynn\u00e4\u201d kiinalaisia ja ven\u00e4l\u00e4isi\u00e4 aluksia.<\/p>\n<p class=\"article-body mb-nof-24 px-nof-16\">Tanskan p\u00e4\u00e4ministeri <a class=\"article-personlink\" href=\"https:\/\/www.hs.fi\/haku\/?query=Mette%20Frederiksen\" rel=\"nofollow noopener\" target=\"_blank\">Mette Frederiksen<\/a> ja Gr\u00f6nlannin p\u00e4\u00e4ministeri <a class=\"article-personlink\" href=\"https:\/\/www.hs.fi\/haku\/?query=Jens%20Frederik-Nielsen\" rel=\"nofollow noopener\" target=\"_blank\">Jens Frederik-Nielsen<\/a> kommentoivat aiemmin julkaistussa lausunnossaan, ett\u00e4 Gr\u00f6nlanti kuuluu gr\u00f6nlantilaisille.<\/p>\n<p class=\"article-body mb-nof-24 px-nof-16\">\u201dToista maata ei voi ottaa haltuunsa. Ei edes kansainv\u00e4liseen turvallisuuteen vedoten.\u201d<\/p>\n<p class=\"article-body mb-nof-24 px-nof-16\">Kolumbian presidentti <a class=\"article-personlink\" href=\"https:\/\/www.hs.fi\/haku\/?query=Gustavo%20Petro\" rel=\"nofollow noopener\" target=\"_blank\">Gustavo Petro<\/a> sai Trumpin lehdist\u00f6tilaisuudessa niin ik\u00e4\u00e4n osansa. Gustavoa Trump kutsui \u201dhyvin pahaksi mieheksi\u201d ja syytti t\u00e4t\u00e4 kokaiinin kuljettamisen sallimisesta Yhdysvaltoihin.<\/p>\n<p class=\"article-body mb-nof-24 px-nof-16\">Trump on aiemminkin talven aikana esitt\u00e4nyt Petrosta vihamielisi\u00e4 kommentteja.<\/p>\n","protected":false},"excerpt":{"rendered":"Yhdysvallat|Uudet \u201dTrump-luokan\u201d sota-alukset tulevat muodostamaan osan uudesta \u201dKultaisesta laivastosta\u201d, kertoi Trump julkistamistilaisuudessa Mara-a-Lagossa. Lue tiivistelm\u00e4 Yhdysvaltain presidentti Donald&hellip;\n","protected":false},"author":2,"featured_media":123665,"comment_status":"","ping_status":"","sticky":false,"template":"","format":"standard","meta":{"footnotes":""},"categories":[5],"tags":[22,23,26,27,33,31,30,17,46,24,25,28,29,15,18,21,32,19,20,16],"class_list":{"0":"post-123664","1":"post","2":"type-post","3":"status-publish","4":"format-standard","5":"has-post-thumbnail","7":"category-otsikot","8":"tag-breaking-news","9":"tag-breakingnews","10":"tag-featured-news","11":"tag-featurednews","12":"tag-fi","13":"tag-finland","14":"tag-finnish","15":"tag-headlines","16":"tag-helsingin-sanomat","17":"tag-latest-news","18":"tag-latestnews","19":"tag-main-news","20":"tag-mainnews","21":"tag-news","22":"tag-otsikot","23":"tag-paauutiset","24":"tag-suomi","25":"tag-top-stories","26":"tag-topstories","27":"tag-uutiset"},"share_on_mastodon":{"url":"https:\/\/pubeurope.com\/@fi\/115766616722494569","error":""},"_links":{"self":[{"href":"https:\/\/www.europesays.com\/fi\/wp-json\/wp\/v2\/posts\/123664","targetHints":{"allow":["GET"]}}],"collection":[{"href":"https:\/\/www.europesays.com\/fi\/wp-json\/wp\/v2\/posts"}],"about":[{"href":"https:\/\/www.europesays.com\/fi\/wp-json\/wp\/v2\/types\/post"}],"author":[{"embeddable":true,"href":"https:\/\/www.europesays.com\/fi\/wp-json\/wp\/v2\/users\/2"}],"replies":[{"embeddable":true,"href":"https:\/\/www.europesays.com\/fi\/wp-json\/wp\/v2\/comments?post=123664"}],"version-history":[{"count":0,"href":"https:\/\/www.europesays.com\/fi\/wp-json\/wp\/v2\/posts\/123664\/revisions"}],"wp:featuredmedia":[{"embeddable":true,"href":"https:\/\/www.europesays.com\/fi\/wp-json\/wp\/v2\/media\/123665"}],"wp:attachment":[{"href":"https:\/\/www.europesays.com\/fi\/wp-json\/wp\/v2\/media?parent=123664"}],"wp:term":[{"taxonomy":"category","embeddable":true,"href":"https:\/\/www.europesays.com\/fi\/wp-json\/wp\/v2\/categories?post=123664"},{"taxonomy":"post_tag","embeddable":true,"href":"https:\/\/www.europesays.com\/fi\/wp-json\/wp\/v2\/tags?post=123664"}],"curies":[{"name":"wp","href":"https:\/\/api.w.org\/{rel}","templated":true}]}}