{"id":123677,"date":"2025-12-23T03:16:11","date_gmt":"2025-12-23T03:16:11","guid":{"rendered":"https:\/\/www.europesays.com\/fi\/123677\/"},"modified":"2025-12-23T03:16:11","modified_gmt":"2025-12-23T03:16:11","slug":"helppoa-suomea-tuettuja-lomia-on-ensi-vuonna-viimeista-kertaa-paikalliset","status":"publish","type":"post","link":"https:\/\/www.europesays.com\/fi\/123677\/","title":{"rendered":"Helppoa suomea | Tuettuja lomia on ensi vuonna viimeist\u00e4 kertaa | Paikalliset"},"content":{"rendered":"<p>Tuetut lomat loppuvat vuoden 2026 j\u00e4lkeen. Se johtuu siit\u00e4, ett\u00e4 STEA-rahoitusta v\u00e4hennet\u00e4\u00e4n. STEA on sosiaali- ja terveysj\u00e4rjest\u00f6jen avustuskeskus.<\/p>\n<p>Tuettuja lomia on esimerkiksi kylpyl\u00f6iss\u00e4 ymp\u00e4ri Suomea. Niiden aikana saa ruoat ja on ohjelmaa. Lomat kest\u00e4v\u00e4t nelj\u00e4 tai viisi p\u00e4iv\u00e4\u00e4.<\/p>\n<p>Tuettuja lomia j\u00e4rjest\u00e4v\u00e4t eri lomaj\u00e4rjest\u00f6t. Lomaj\u00e4rjest\u00f6j\u00e4 ovat Loma ja Terveys ry ja Hyvinvointilomat ry.<\/p>\n<p>Tuetulle lomalle voi p\u00e4\u00e4st\u00e4, jos lomaan ei ole muuten mahdollisuutta. Perheess\u00e4 voi olla esimerkiksi huono taloudellinen tilanne tai terveysongelmia.<\/p>\n<p>Loman omavastuuhinta on 25 euroa per vuorokausi. Alle 17-vuotiaat lomailevat maksutta.<\/p>\n<p>\t\t\t\tEnsi vuonna on lomia<\/p>\n<p>Loma ja Terveys ry yritt\u00e4\u00e4 j\u00e4rjest\u00e4\u00e4 ensi vuoden perhelomat, vaikka rahoitusta leikattiin.<\/p>\n<p>Ensi vuonna lapsiperheille on tarjolla tuettuja lomia eri aikoina, kertoo <strong>Liisa Moilanen<\/strong>. H\u00e4n on vertaislomien suunnittelija. Lomia on talvilomaviikoilla sek\u00e4 p\u00e4\u00e4si\u00e4isen ja kes\u00e4loman aikaan.<\/p>\n<p>Perhelomat on tarkoitettu perheille, joissa on kouluik\u00e4isi\u00e4 lapsia. Muksulomat on tarkoitettu perheille, joissa lapset ovat alle kouluik\u00e4isi\u00e4.<\/p>\n<p>Vertaislomilla perheit\u00e4 yhdist\u00e4\u00e4 sama sairaus, vamma tai el\u00e4m\u00e4ntilanne. Kes\u00e4ll\u00e4 j\u00e4rjestet\u00e4\u00e4n lomia kehitysvammaisten lasten perheille sek\u00e4 perheille, joissa joku perheenj\u00e4sen on omaishoitaja.<\/p>\n<p>Haettavana on esimerkiksi talviloma perheille, joissa on vaikeasti vammainen lapsi.<\/p>\n<p>\u2013 Asiakaspalvelumme auttaa. Voimme yhdess\u00e4 katsoa, l\u00f6ytyyk\u00f6 loma, joka sopii perheenne tilanteeseen, Moilanen sanoo.<\/p>\n<p>Lomahakemus kannattaa j\u00e4tt\u00e4\u00e4 ajoissa. Haku loppuu yleens\u00e4 kolme kuukautta ennen lomaa.<\/p>\n<p>Hakemuksissa ovat etusijalla perheet, jotka eiv\u00e4t ole olleet ennen tuetulla lomalla.<\/p>\n<p>\t\t\t\tLomaj\u00e4rjest\u00f6t j\u00e4rkyttyiv\u00e4t<\/p>\n<p>Lomaj\u00e4rjest\u00f6t kommentoivat rahoituksen leikkausta p\u00e4\u00e4t\u00f6ksen j\u00e4lkeen.<\/p>\n<p>\u2013 P\u00e4\u00e4t\u00f6s koskettaa tuhansia lapsiperheit\u00e4 ja aikuisia. Tuettu loma on ollut paljon enemm\u00e4n kuin tauko arjesta, sanottiin Hyvinvointilomat ry:n tiedotteessa.<\/p>\n","protected":false},"excerpt":{"rendered":"Tuetut lomat loppuvat vuoden 2026 j\u00e4lkeen. Se johtuu siit\u00e4, ett\u00e4 STEA-rahoitusta v\u00e4hennet\u00e4\u00e4n. STEA on sosiaali- ja terveysj\u00e4rjest\u00f6jen avustuskeskus.&hellip;\n","protected":false},"author":2,"featured_media":123678,"comment_status":"","ping_status":"","sticky":false,"template":"","format":"standard","meta":{"footnotes":""},"categories":[12],"tags":[22,23,26,27,33,31,30,17,395,706,99,24,25,2271,28,29,923,15,18,11858,21,98,32,19,20,16],"class_list":{"0":"post-123677","1":"post","2":"type-post","3":"status-publish","4":"format-standard","5":"has-post-thumbnail","7":"category-suomi","8":"tag-breaking-news","9":"tag-breakingnews","10":"tag-featured-news","11":"tag-featurednews","12":"tag-fi","13":"tag-finland","14":"tag-finnish","15":"tag-headlines","16":"tag-helppoa-suomea","17":"tag-kesa","18":"tag-lapset","19":"tag-latest-news","20":"tag-latestnews","21":"tag-loma","22":"tag-main-news","23":"tag-mainnews","24":"tag-matkustaminen","25":"tag-news","26":"tag-otsikot","27":"tag-paasiainen","28":"tag-paauutiset","29":"tag-perhe","30":"tag-suomi","31":"tag-top-stories","32":"tag-topstories","33":"tag-uutiset"},"share_on_mastodon":{"url":"https:\/\/pubeurope.com\/@fi\/115766714916747449","error":""},"_links":{"self":[{"href":"https:\/\/www.europesays.com\/fi\/wp-json\/wp\/v2\/posts\/123677","targetHints":{"allow":["GET"]}}],"collection":[{"href":"https:\/\/www.europesays.com\/fi\/wp-json\/wp\/v2\/posts"}],"about":[{"href":"https:\/\/www.europesays.com\/fi\/wp-json\/wp\/v2\/types\/post"}],"author":[{"embeddable":true,"href":"https:\/\/www.europesays.com\/fi\/wp-json\/wp\/v2\/users\/2"}],"replies":[{"embeddable":true,"href":"https:\/\/www.europesays.com\/fi\/wp-json\/wp\/v2\/comments?post=123677"}],"version-history":[{"count":0,"href":"https:\/\/www.europesays.com\/fi\/wp-json\/wp\/v2\/posts\/123677\/revisions"}],"wp:featuredmedia":[{"embeddable":true,"href":"https:\/\/www.europesays.com\/fi\/wp-json\/wp\/v2\/media\/123678"}],"wp:attachment":[{"href":"https:\/\/www.europesays.com\/fi\/wp-json\/wp\/v2\/media?parent=123677"}],"wp:term":[{"taxonomy":"category","embeddable":true,"href":"https:\/\/www.europesays.com\/fi\/wp-json\/wp\/v2\/categories?post=123677"},{"taxonomy":"post_tag","embeddable":true,"href":"https:\/\/www.europesays.com\/fi\/wp-json\/wp\/v2\/tags?post=123677"}],"curies":[{"name":"wp","href":"https:\/\/api.w.org\/{rel}","templated":true}]}}