{"id":123688,"date":"2025-12-23T03:41:08","date_gmt":"2025-12-23T03:41:08","guid":{"rendered":"https:\/\/www.europesays.com\/fi\/123688\/"},"modified":"2025-12-23T03:41:08","modified_gmt":"2025-12-23T03:41:08","slug":"bill-clintonin-kanslia-vaatii-epstein-aineiston-lapinakyvampaa-julkaisemista-trump-kommentoi-asiakirjoja-uutisia-lyhyesti","status":"publish","type":"post","link":"https:\/\/www.europesays.com\/fi\/123688\/","title":{"rendered":"Bill Clintonin kanslia vaatii Epstein-aineiston l\u00e4pin\u00e4kyv\u00e4mp\u00e4\u00e4 julkaisemista \u2013 Trump kommentoi asiakirjoja | Uutisia lyhyesti"},"content":{"rendered":"<p class=\"aw-1gybjub aw-5vja16 kEtdKx kmuxyA yle__article__paragraph\">Entisen presidentin tiedotteessa vaaditaan, ett\u00e4 oikeusministeri Pam Bondi julkaisee viivytyksett\u00e4 kaikki asiakirjat, joissa Clinton esiintyy.<\/p>\n<p><img decoding=\"async\" alt=\"Bill Clinton pit\u00e4\u00e4 puhetta.\" src=\"https:\/\/www.europesays.com\/fi\/wp-content\/uploads\/2025\/12\/39-133657266c6a4be9c64a.jpeg\" class=\"aw-1l9m598 hKVVvP\"\/><\/p>\n<p>Avaa kuvien katselu<\/p>\n<p>Yhdysvaltain entisen presidentin Bill Clintonin kanslia vaatii Epsteiniin liittyvien asiakirjojen l\u00e4pin\u00e4kyv\u00e4mp\u00e4\u00e4 julkaisua. Arkistokuva. Kuva: Caroline Brehman \/ AOP<\/p>\n<p class=\"aw-1gybjub aw-1p7kakr kEtdKx cEmitX yle__article__paragraph\">Yhdysvaltain entisen presidentin <strong class=\"aw-ak79eh KyCXm yle__article__strong\">Bill Clintonin<\/strong> kanslia vaatii seksuaalirikoksista tuomittuun <strong class=\"aw-ak79eh KyCXm yle__article__strong\">Jeffrey Epsteiniin<\/strong> liittyvien asiakirjojen l\u00e4pin\u00e4kyv\u00e4mp\u00e4\u00e4 julkaisua.<\/p>\n<p class=\"aw-1gybjub aw-1p7kakr kEtdKx cEmitX yle__article__paragraph\">Demokraattipresidentin tiedottaja julkaisi asiasta tiedotteen viestipalvelu X:ss\u00e4 paikallista aikaa maanantaina.<\/p>\n<p class=\"aw-1gybjub aw-1p7kakr kEtdKx cEmitX yle__article__paragraph\">Tiedotteessa vaaditaan, ett\u00e4 presidentti <strong class=\"aw-ak79eh KyCXm yle__article__strong\">Donald Trump<\/strong> m\u00e4\u00e4r\u00e4\u00e4 oikeusministerins\u00e4 <strong class=\"aw-ak79eh KyCXm yle__article__strong\">Pam Bondin<\/strong> viivytyksett\u00e4 julkaisemaan kaikki asiakirjat, joissa Clinton esiintyy.<\/p>\n<p class=\"aw-1gybjub aw-1p7kakr kEtdKx cEmitX yle__article__paragraph\">Tiedottajan mukaan t\u00e4st\u00e4 kielt\u00e4ytyminen vahvistaisi ep\u00e4ilyst\u00e4 siit\u00e4, ett\u00e4 oikeusministeri\u00f6 julkaisee materiaalia valikoidusti vihjaillakseen v\u00e4\u00e4rink\u00e4yt\u00f6ksist\u00e4.<\/p>\n<p class=\"aw-1gybjub aw-1p7kakr kEtdKx cEmitX yle__article__paragraph\">Presidentti Trump on kommentoinut Epsteiniin liittyvi\u00e4 asiakirjoja ensi kertaa sen j\u00e4lkeen, kun oikeusministeri\u00f6 alkoi julkaista aineistoa perjantaina.<\/p>\n<p class=\"aw-1gybjub aw-1p7kakr kEtdKx cEmitX yle__article__paragraph\">Trump sanoi toimittajille paikallista aikaa maanantaina, ett\u00e4 Epsteinin tavanneet ihmiset ovat vaarassa menett\u00e4\u00e4 maineensa tutkinta-asiakirjojen julkistamisen vuoksi.<\/p>\n<p class=\"aw-1gybjub aw-1p7kakr kEtdKx cEmitX yle__article__paragraph\">Trump my\u00f6s v\u00e4itti, ett\u00e4 koko Epstein-asian ymp\u00e4rill\u00e4 k\u00e4yty keskustelu on tapa yritt\u00e4\u00e4 k\u00e4\u00e4nt\u00e4\u00e4 huomio pois republikaanipuolueen menestyksest\u00e4.<\/p>\n","protected":false},"excerpt":{"rendered":"Entisen presidentin tiedotteessa vaaditaan, ett\u00e4 oikeusministeri Pam Bondi julkaisee viivytyksett\u00e4 kaikki asiakirjat, joissa Clinton esiintyy. Avaa kuvien katselu&hellip;\n","protected":false},"author":2,"featured_media":123689,"comment_status":"","ping_status":"","sticky":false,"template":"","format":"standard","meta":{"footnotes":""},"categories":[14],"tags":[2491,22,23,585,26,27,33,31,30,17,24,25,28,29,15,18,21,4353,32,19,20,56,16,59,60,61,619],"class_list":{"0":"post-123688","1":"post","2":"type-post","3":"status-publish","4":"format-standard","5":"has-post-thumbnail","7":"category-ulkomaat","8":"tag-bill-clinton","9":"tag-breaking-news","10":"tag-breakingnews","11":"tag-donald-trump","12":"tag-featured-news","13":"tag-featurednews","14":"tag-fi","15":"tag-finland","16":"tag-finnish","17":"tag-headlines","18":"tag-latest-news","19":"tag-latestnews","20":"tag-main-news","21":"tag-mainnews","22":"tag-news","23":"tag-otsikot","24":"tag-paauutiset","25":"tag-seksuaalirikokset","26":"tag-suomi","27":"tag-top-stories","28":"tag-topstories","29":"tag-ulkomaat","30":"tag-uutiset","31":"tag-world","32":"tag-world-news","33":"tag-worldnews","34":"tag-yhdysvallat"},"share_on_mastodon":{"url":"https:\/\/pubeurope.com\/@fi\/115766813440679541","error":""},"_links":{"self":[{"href":"https:\/\/www.europesays.com\/fi\/wp-json\/wp\/v2\/posts\/123688","targetHints":{"allow":["GET"]}}],"collection":[{"href":"https:\/\/www.europesays.com\/fi\/wp-json\/wp\/v2\/posts"}],"about":[{"href":"https:\/\/www.europesays.com\/fi\/wp-json\/wp\/v2\/types\/post"}],"author":[{"embeddable":true,"href":"https:\/\/www.europesays.com\/fi\/wp-json\/wp\/v2\/users\/2"}],"replies":[{"embeddable":true,"href":"https:\/\/www.europesays.com\/fi\/wp-json\/wp\/v2\/comments?post=123688"}],"version-history":[{"count":0,"href":"https:\/\/www.europesays.com\/fi\/wp-json\/wp\/v2\/posts\/123688\/revisions"}],"wp:featuredmedia":[{"embeddable":true,"href":"https:\/\/www.europesays.com\/fi\/wp-json\/wp\/v2\/media\/123689"}],"wp:attachment":[{"href":"https:\/\/www.europesays.com\/fi\/wp-json\/wp\/v2\/media?parent=123688"}],"wp:term":[{"taxonomy":"category","embeddable":true,"href":"https:\/\/www.europesays.com\/fi\/wp-json\/wp\/v2\/categories?post=123688"},{"taxonomy":"post_tag","embeddable":true,"href":"https:\/\/www.europesays.com\/fi\/wp-json\/wp\/v2\/tags?post=123688"}],"curies":[{"name":"wp","href":"https:\/\/api.w.org\/{rel}","templated":true}]}}