{"id":123690,"date":"2025-12-23T03:42:08","date_gmt":"2025-12-23T03:42:08","guid":{"rendered":"https:\/\/www.europesays.com\/fi\/123690\/"},"modified":"2025-12-23T03:42:08","modified_gmt":"2025-12-23T03:42:08","slug":"henkilo-joulun-seuratuin-suomalainen-on-hammastyttavan-mukava-mies-hs-fi","status":"publish","type":"post","link":"https:\/\/www.europesays.com\/fi\/123690\/","title":{"rendered":"Henkil\u00f6 | Joulun seuratuin suomalainen on h\u00e4mm\u00e4stytt\u00e4v\u00e4n mukava mies &#8211; HS.fi"},"content":{"rendered":"<ol>\n<li><a href=\"https:\/\/news.google.com\/rss\/articles\/CBMiW0FVX3lxTE5oczBaaDFEanRMMzFYczY1Z2d4WWg1cTFKb3hHWnpRaDdWVV96a0FVWlBjSXBQc0hpTW15b3A3eGVlYXlYeGNQVV9RazZyTmxjZi1TbU9BNjZBWnM?oc=5\" target=\"_blank\" rel=\"nofollow noopener\">Henkil\u00f6 | Joulun seuratuin suomalainen on h\u00e4mm\u00e4stytt\u00e4v\u00e4n mukava mies<\/a>&nbsp;&nbsp;HS.fi<\/li>\n<li><a href=\"https:\/\/news.google.com\/rss\/articles\/CBMiT0FVX3lxTE1FcjNHR2VmRGZKVUV3OGpPM1JYU2luMjBpVDNNcy1Zd0NYaHRlSXYtUmhET3NwQzhZS1VGdmtCSDNtam9sVkk4TEJiUE5FRWM?oc=5\" target=\"_blank\" rel=\"nofollow noopener\">Tapani Kunttu: Turkulaisesta joulurauhaperinteest\u00e4 kansakuntaa yhdist\u00e4v\u00e4 kokemus<\/a>&nbsp;&nbsp;ts.fi<\/li>\n<li><a href=\"https:\/\/news.google.com\/rss\/articles\/CBMiQkFVX3lxTE91eFFNc1JJOFlzVVNXcG9yTEhTX2lUX0lLeTVpVnU0a0F4QXNGYnBiREFGNTNUeldiaGExTDhhcWZ0dw?oc=5\" target=\"_blank\" rel=\"nofollow noopener\">Joulurauhan julistuksen uusi kapellimestari heitti tykinjytky-haasteen Tanskaan<\/a>&nbsp;&nbsp;Yle<\/li>\n<li><a href=\"https:\/\/news.google.com\/rss\/articles\/CBMizwFBVV95cUxNTVJvMUl5RzdhVzNMMWFiNFkxaVd5emp1NXZ5QTllSFNEZVJwQ3BkTEI0Rm0yOHl0bXNlbkR0WFJQaDBGckZsU2RmaTVVWWVpdDBPTlRRaVg5R3k2Vl9tdzNIQVFVaFc4endBVnJzWGtHQk1CVnJfSnNhSFVSS1lDTDc4ME51ZHk4ZE1lei1aU3J4aWZZWFplX2JvZjRneExFTzNieURMUy1Qbzd2aGliZ0Z6cE9SNmJxczZseXF6MjU0XzJmcEM5ZHZVbElzcHM?oc=5\" target=\"_blank\" rel=\"nofollow noopener\">Yksi joulurauhan julistus on j\u00e4\u00e4nyt Mika Akkasen mieleen: &#8221;Huomasin, ett\u00e4 oikea jalka t\u00e4risee&#8221;<\/a>&nbsp;&nbsp;mtvuutiset.fi<\/li>\n<li><a href=\"https:\/\/news.google.com\/rss\/articles\/CBMijgFBVV95cUxNUW5ONXZVWjlOd0VPWnp4QmRLTHJjRWZZZGlXNHI1QzZxcXNGbDZodnlZUWtBZzdEbUNGT29aN21wLVJwTk5zSkZUZjB3bWo1U1Q2MlNQNHJ2VWJ2aGV5UlRIeDJ3N3BMcmxJNDlMSFl6R2N3TmY2NUt6aDdkVGdXUjlfc0l0NVE5RVZ4bVB3?oc=5\" target=\"_blank\" rel=\"nofollow noopener\">T\u00e4llainen on joulunrauhan julistajan Mika Akkasen aatto<\/a>&nbsp;&nbsp;Apu360<\/li>\n<\/ol>\n","protected":false},"excerpt":{"rendered":"Henkil\u00f6 | Joulun seuratuin suomalainen on h\u00e4mm\u00e4stytt\u00e4v\u00e4n mukava mies&nbsp;&nbsp;HS.fi Tapani Kunttu: Turkulaisesta joulurauhaperinteest\u00e4 kansakuntaa yhdist\u00e4v\u00e4 kokemus&nbsp;&nbsp;ts.fi Joulurauhan julistuksen&hellip;\n","protected":false},"author":2,"featured_media":123691,"comment_status":"","ping_status":"","sticky":false,"template":"","format":"standard","meta":{"footnotes":""},"categories":[12],"tags":[22,23,26,27,33,31,30,17,46,24,25,28,29,15,18,21,32,19,20,16],"class_list":{"0":"post-123690","1":"post","2":"type-post","3":"status-publish","4":"format-standard","5":"has-post-thumbnail","7":"category-suomi","8":"tag-breaking-news","9":"tag-breakingnews","10":"tag-featured-news","11":"tag-featurednews","12":"tag-fi","13":"tag-finland","14":"tag-finnish","15":"tag-headlines","16":"tag-helsingin-sanomat","17":"tag-latest-news","18":"tag-latestnews","19":"tag-main-news","20":"tag-mainnews","21":"tag-news","22":"tag-otsikot","23":"tag-paauutiset","24":"tag-suomi","25":"tag-top-stories","26":"tag-topstories","27":"tag-uutiset"},"share_on_mastodon":{"url":"https:\/\/pubeurope.com\/@fi\/115766817235656539","error":""},"_links":{"self":[{"href":"https:\/\/www.europesays.com\/fi\/wp-json\/wp\/v2\/posts\/123690","targetHints":{"allow":["GET"]}}],"collection":[{"href":"https:\/\/www.europesays.com\/fi\/wp-json\/wp\/v2\/posts"}],"about":[{"href":"https:\/\/www.europesays.com\/fi\/wp-json\/wp\/v2\/types\/post"}],"author":[{"embeddable":true,"href":"https:\/\/www.europesays.com\/fi\/wp-json\/wp\/v2\/users\/2"}],"replies":[{"embeddable":true,"href":"https:\/\/www.europesays.com\/fi\/wp-json\/wp\/v2\/comments?post=123690"}],"version-history":[{"count":0,"href":"https:\/\/www.europesays.com\/fi\/wp-json\/wp\/v2\/posts\/123690\/revisions"}],"wp:featuredmedia":[{"embeddable":true,"href":"https:\/\/www.europesays.com\/fi\/wp-json\/wp\/v2\/media\/123691"}],"wp:attachment":[{"href":"https:\/\/www.europesays.com\/fi\/wp-json\/wp\/v2\/media?parent=123690"}],"wp:term":[{"taxonomy":"category","embeddable":true,"href":"https:\/\/www.europesays.com\/fi\/wp-json\/wp\/v2\/categories?post=123690"},{"taxonomy":"post_tag","embeddable":true,"href":"https:\/\/www.europesays.com\/fi\/wp-json\/wp\/v2\/tags?post=123690"}],"curies":[{"name":"wp","href":"https:\/\/api.w.org\/{rel}","templated":true}]}}