{"id":123696,"date":"2025-12-23T03:58:11","date_gmt":"2025-12-23T03:58:11","guid":{"rendered":"https:\/\/www.europesays.com\/fi\/123696\/"},"modified":"2025-12-23T03:58:11","modified_gmt":"2025-12-23T03:58:11","slug":"salatut-elamat-2025-nama-hahmot-poistuivat-sarjasta","status":"publish","type":"post","link":"https:\/\/www.europesays.com\/fi\/123696\/","title":{"rendered":"Salatut el\u00e4m\u00e4t 2025: N\u00e4m\u00e4 hahmot poistuivat sarjasta"},"content":{"rendered":"<p class=\"article-content article-content-width !bg-background\">Salatut el\u00e4m\u00e4t -ohjelman syyskausi saa p\u00e4\u00e4t\u00f6ksens\u00e4 23. joulukuuta. Vajaan muutaman viikon mittainen joulutauko p\u00e4\u00e4ttyy 5. tammikuuta, kun kev\u00e4tkausi starttaa.<\/p>\n<p class=\"font-weight-bold m-font-weight-bold article-content article-content-width !bg-background\">Video: Mikka Parikka paljastaa perhesuunnitelmansa.<\/p>\n<p class=\"article-content article-content-width !bg-background\">Kuluneen vuoden aikana sarjasta on poistunut useita katsojien suosikkihahmoja. Yksi suurimmista shokeista lienee, kun Anniina Aalto menehtyi.<\/p>\n<p class=\"article-content article-content-width !bg-background\"><a alt=\"Haku\" class=\"text-primary-red font-extrabold\" href=\"https:\/\/www.seiska.fi\/haku?q=Elina Niskasen\" rel=\"nofollow noopener\" target=\"_blank\">Elina Niskasen<\/a> n\u00e4yttelem\u00e4 hahmo saapui sarjaan Jiri Viitam\u00e4en (<a alt=\"Haku\" class=\"text-primary-red font-extrabold\" href=\"https:\/\/www.seiska.fi\/haku?q=Mikko Parikka\" rel=\"nofollow noopener\" target=\"_blank\">Mikko Parikka<\/a>) puolisona. Juuri Jiri l\u00f6ysi Anniinan kodistaan poisnukkuneena.<\/p>\n<p>                <img decoding=\"async\" src=\"https:\/\/www.europesays.com\/fi\/wp-content\/uploads\/2025\/12\/1766462290_851_1962876.webp\" width=\"576\" height=\"274\" title=\"Jirin ja Anniinan yhteinen taival p\u00e4\u00e4ttyi.\" alt=\"Salatut el\u00e4m\u00e4t Jiri ja Anniina (Mikko Parikka, Elina Niskanen)\" loading=\"lazy\" \/>            <\/p>\n<p>\n            Jirin ja Anniinan yhteinen taival p\u00e4\u00e4ttyi.<br \/>\n            MTV\n        <\/p>\n<p>Nella j\u00e4tti Henrikin alttarille<\/p>\n<p class=\"article-content article-content-width !bg-background\">Emma Nopasen n\u00e4yttelem\u00e4 Nella Tamminen j\u00e4tti sarjan kes\u00e4ll\u00e4 2026. Emma j\u00e4tti puolisonsa, Henrik Ekholmin (<a alt=\"Haku\" class=\"text-primary-red font-extrabold\" href=\"https:\/\/www.seiska.fi\/haku?q=Tuure Taskinen\" rel=\"nofollow noopener\" target=\"_blank\">Tuure Taskinen<\/a>) alttarille ja l\u00e4hti miljon\u00e4\u00e4rin kelkassa Lontooseen.<\/p>\n<p class=\"article-content article-content-width !bg-background\">Samalla l\u00e4hti my\u00f6s <a alt=\"Haku\" class=\"text-primary-red font-extrabold\" href=\"https:\/\/www.seiska.fi\/haku?q=Alexander Snow\u2019n\" rel=\"nofollow noopener\" target=\"_blank\">Alexander Snow\u2019n<\/a> n\u00e4yttelem\u00e4 Alex Martin. Tosin Alex teki paluun sarjaan 15. joulukuuta.<\/p>\n<p>                <img decoding=\"async\" src=\"https:\/\/www.europesays.com\/fi\/wp-content\/uploads\/2025\/12\/1282663.webp\" width=\"576\" height=\"274\" alt=\"Nellaa n\u00e4yttelev\u00e4 Emma kertoi Katsolle, ett\u00e4 h\u00e4nen oli aika kokeilla uusia asioita, ja siit\u00e4 syyst\u00e4 Salatut el\u00e4m\u00e4t saisi j\u00e4\u00e4d\u00e4 taakse.\" loading=\"lazy\" \/>            <\/p>\n<p>\n            Nellaa n\u00e4yttelev\u00e4 Emma kertoi Katsolle, ett\u00e4 h\u00e4nen oli aika kokeilla uusia asioita, ja siit\u00e4 syyst\u00e4 Salatut el\u00e4m\u00e4t saisi j\u00e4\u00e4d\u00e4 taakse.<br \/>\n            MTV\n        <\/p>\n<p>Kolme l\u00e4hti samalla autolla<\/p>\n<p class=\"article-content article-content-width !bg-background\">Joonatan Sievinen (<a alt=\"Haku\" class=\"text-primary-red font-extrabold\" href=\"https:\/\/www.seiska.fi\/haku?q=Markku Pulli\" rel=\"nofollow noopener\" target=\"_blank\">Markku Pulli<\/a>) yll\u00e4tti taannoin Sieviset perheillallisella. H\u00e4n ilmoitti muuttavansa Tallinaan. Joonatan ei en\u00e4\u00e4 jaksanut Helsinki\u00e4 ja kaupungin aiheuttamia pettymyksi\u00e4.<\/p>\n<p class=\"article-content article-content-width !bg-background\">Samalla sarjasta l\u00e4htiv\u00e4t my\u00f6s Eva Tamminen (<a alt=\"Haku\" class=\"text-primary-red font-extrabold\" href=\"https:\/\/www.seiska.fi\/haku?q=Tiia Elg\" rel=\"nofollow noopener\" target=\"_blank\">Tiia Elg<\/a>) ja h\u00e4nen Nadja-tytt\u00e4rens\u00e4 (<a alt=\"Haku\" class=\"text-primary-red font-extrabold\" href=\"https:\/\/www.seiska.fi\/haku?q=Sienna Nord\" rel=\"nofollow noopener\" target=\"_blank\">Sienna Nord<\/a>). Eva k\u00e4vi oikeustaistelua Nadjan huoltajuudesta Aaro Vaalanteen (<a alt=\"Haku\" class=\"text-primary-red font-extrabold\" href=\"https:\/\/www.seiska.fi\/haku?q=Teemu Lehtil\u00e4\" rel=\"nofollow noopener\" target=\"_blank\">Teemu Lehtil\u00e4<\/a>) kanssa. H\u00e4n ymm\u00e4rsi olevansa vaikeuksissa ja p\u00e4\u00e4tti paeta maasta.<\/p>\n<p class=\"article-content article-content-width !bg-background\">Joonatan lupasi vied\u00e4 kaksikon turvaan.<\/p>\n<p>                <img decoding=\"async\" src=\"https:\/\/www.europesays.com\/fi\/wp-content\/uploads\/2025\/12\/1997257.webp\" width=\"576\" height=\"274\" title=\"Jiri ja Kristian saivat selville, ett\u00e4 Eva on poistunut maasta Nadjan ja Joonatanin kanssa.\" alt=\"Salatut el\u00e4m\u00e4t\" loading=\"lazy\" \/>            <\/p>\n<p>\n            Jiri ja Kristian saivat selville, ett\u00e4 Eva on poistunut maasta Nadjan ja Joonatanin kanssa.<br \/>\n            MTV\n        <\/p>\n<p class=\"article-content article-content-width !bg-background\"><a alt=\"Haku\" class=\"text-primary-red font-extrabold\" href=\"https:\/\/www.seiska.fi\/haku?q=Aida Fanfanin\" rel=\"nofollow noopener\" target=\"_blank\">Aida Fanfanin<\/a> hahmo Erika Ekholm j\u00e4tti Pihlajakadun joulukuussa. N\u00e4yttelij\u00e4 kuvasi viimeiset kohtauksensa jo viime kev\u00e4\u00e4n\u00e4. H\u00e4n l\u00e4hti Yhdysvaltoihin.<\/p>\n<p>                <img decoding=\"async\" src=\"https:\/\/www.europesays.com\/fi\/wp-content\/uploads\/2025\/12\/2010280.webp\" width=\"576\" height=\"274\" title=\"Erika l\u00e4hti sarjassa Singaporeen.\" alt=\"Salatut el\u00e4m\u00e4t: Erika\" loading=\"lazy\" \/>            <\/p>\n<p>\n            Erika l\u00e4hti sarjassa Singaporeen.<br \/>\n            MTV\n        <\/p>\n<p class=\"italic m-italic article-content article-content-width !bg-background\">Salatut el\u00e4m\u00e4t jatkuu 5.1.2025 MTV3:lla ja MTV Katsomossa.<\/p>\n","protected":false},"excerpt":{"rendered":"Salatut el\u00e4m\u00e4t -ohjelman syyskausi saa p\u00e4\u00e4t\u00f6ksens\u00e4 23. joulukuuta. Vajaan muutaman viikon mittainen joulutauko p\u00e4\u00e4ttyy 5. tammikuuta, kun kev\u00e4tkausi&hellip;\n","protected":false},"author":2,"featured_media":112353,"comment_status":"","ping_status":"","sticky":false,"template":"","format":"standard","meta":{"footnotes":""},"categories":[133],"tags":[22034,137,33,31,30,18684,22123,22122,209,7145,4463,32,206,1318,156,109],"class_list":{"0":"post-123696","1":"post","2":"type-post","3":"status-publish","4":"format-standard","5":"has-post-thumbnail","7":"category-televisiot","8":"tag-anniina-aalto","9":"tag-entertainment","10":"tag-fi","11":"tag-finland","12":"tag-finnish","13":"tag-jiri-viitamaki","14":"tag-joonatan-sievinen","15":"tag-nella-tamminen","16":"tag-salatut-elamat","17":"tag-salatut-elamat-juonipaljastukset","18":"tag-salkkarit","19":"tag-suomi","20":"tag-televisiot","21":"tag-tv-ohjelma","22":"tag-tv","23":"tag-viihde"},"share_on_mastodon":{"url":"https:\/\/pubeurope.com\/@fi\/115766880638079543","error":""},"_links":{"self":[{"href":"https:\/\/www.europesays.com\/fi\/wp-json\/wp\/v2\/posts\/123696","targetHints":{"allow":["GET"]}}],"collection":[{"href":"https:\/\/www.europesays.com\/fi\/wp-json\/wp\/v2\/posts"}],"about":[{"href":"https:\/\/www.europesays.com\/fi\/wp-json\/wp\/v2\/types\/post"}],"author":[{"embeddable":true,"href":"https:\/\/www.europesays.com\/fi\/wp-json\/wp\/v2\/users\/2"}],"replies":[{"embeddable":true,"href":"https:\/\/www.europesays.com\/fi\/wp-json\/wp\/v2\/comments?post=123696"}],"version-history":[{"count":0,"href":"https:\/\/www.europesays.com\/fi\/wp-json\/wp\/v2\/posts\/123696\/revisions"}],"wp:featuredmedia":[{"embeddable":true,"href":"https:\/\/www.europesays.com\/fi\/wp-json\/wp\/v2\/media\/112353"}],"wp:attachment":[{"href":"https:\/\/www.europesays.com\/fi\/wp-json\/wp\/v2\/media?parent=123696"}],"wp:term":[{"taxonomy":"category","embeddable":true,"href":"https:\/\/www.europesays.com\/fi\/wp-json\/wp\/v2\/categories?post=123696"},{"taxonomy":"post_tag","embeddable":true,"href":"https:\/\/www.europesays.com\/fi\/wp-json\/wp\/v2\/tags?post=123696"}],"curies":[{"name":"wp","href":"https:\/\/api.w.org\/{rel}","templated":true}]}}