{"id":123697,"date":"2025-12-23T04:02:09","date_gmt":"2025-12-23T04:02:09","guid":{"rendered":"https:\/\/www.europesays.com\/fi\/123697\/"},"modified":"2025-12-23T04:02:09","modified_gmt":"2025-12-23T04:02:09","slug":"tuomas-iisalon-memphis-hankki-hataavuksi-ja-morantia-viime-kaudella-teloneen-kamerunilaissentterin-urheilua-lyhyesti","status":"publish","type":"post","link":"https:\/\/www.europesays.com\/fi\/123697\/","title":{"rendered":"Tuomas Iisalon Memphis hankki h\u00e4t\u00e4avuksi Ja Morantia viime kaudella teloneen kamerunilaissentterin | Urheilua lyhyesti"},"content":{"rendered":"<p class=\"aw-1gybjub aw-5vja16 kEtdKx kmuxyA yle__article__paragraph\">Memphis Grizzlies on tehnyt kymmenen p\u00e4iv\u00e4n p\u00e4tk\u00e4sopimuksen 213-senttisen korinaluspelaajan kanssa.<\/p>\n<p><img decoding=\"async\" alt=\"Los Angeles Lakersissa viime kaudella pelannut sentteri Christian Koloko on Tuomas Iisalon luotsaaman Memphis Grizzliesin uusin vahvistus. \" src=\"https:\/\/www.europesays.com\/fi\/wp-content\/uploads\/2025\/12\/39-1573777694970d633c86.jpeg\" class=\"aw-1l9m598 hKVVvP\"\/><\/p>\n<p>Avaa kuvien katselu<\/p>\n<p>Los Angeles Lakersissa viime kaudella pelannut sentteri Christian Koloko on Tuomas Iisalon luotsaaman Memphis Grizzliesin uusin vahvistus. Kuva: Denis Poroy-Imagn Images<\/p>\n<p class=\"aw-1gybjub aw-1p7kakr kEtdKx cEmitX yle__article__paragraph\">25-vuotias <strong class=\"aw-ak79eh KyCXm yle__article__strong\">Christian Koloko<\/strong> on sel\u00e4tt\u00e4nyt veritulppaongelmat ja liittyy <strong class=\"aw-ak79eh KyCXm yle__article__strong\">Tuomas Iisalon<\/strong> valmentamaan NBA-joukkueeseen, jonka kokoonpano on k\u00e4rsinyt alkukaudesta loukkaantumissumasta.<\/p>\n<p class=\"aw-1gybjub aw-1p7kakr kEtdKx cEmitX yle__article__paragraph\">Koloko teki viime kaudella LA Lakersissa vaatimattomat tilastot, mutta loisti kehitysliiga G Leaguessa tuplatuplillaan ja useilla kuuden blokin otteluilla.<\/p>\n<p class=\"aw-1gybjub aw-1p7kakr kEtdKx cEmitX yle__article__paragraph\">H\u00e4n on pelannut t\u00e4ll\u00e4 kaudella nelj\u00e4 ottelua G Leaguessa South Bay Lakersin ja Austin Spursin riveiss\u00e4. H\u00e4n teki niiss\u00e4 otteluissa keskim\u00e4\u00e4rin 7,8 pistett\u00e4, 7,5 levypalloa ja 2,3 torjuntaa.<\/p>\n<p class=\"aw-1gybjub aw-1p7kakr kEtdKx cEmitX yle__article__paragraph\">H\u00e4net valittiin NBA:n vuoden 2022 varaustilaisuudessa Toronto Raptorsiin toisen kierroksen varauksella (33. varausvuoro).<\/p>\n<p class=\"aw-1gybjub aw-1p7kakr kEtdKx cEmitX yle__article__paragraph\">Koloko tunnetaan erityisesti puolustuskyvyist\u00e4\u00e4n, kuten torjunnoista ja levypallopelist\u00e4 sek\u00e4 urheilullisuudestaan.<\/p>\n<p class=\"aw-1gybjub aw-1p7kakr kEtdKx cEmitX yle__article__paragraph\">Viime kaudella Koloko osallistui kiistanalaiseen tilanteeseen, jossa h\u00e4nen puolustustekonsa aiheutti <strong class=\"aw-ak79eh KyCXm yle__article__strong\">Ja Morantille<\/strong> lonkkavamman.<\/p>\n<p class=\"aw-1gybjub aw-1p7kakr kEtdKx cEmitX yle__article__paragraph\"><strong class=\"aw-ak79eh KyCXm yle__article__strong\">Jock Landale<\/strong> on ainut pelikuntoinen sentteri Memphisin miehist\u00f6ss\u00e4.<\/p>\n<p class=\"aw-1gybjub aw-1p7kakr kEtdKx cEmitX yle__article__paragraph\">Joukkueesta ovat sivussa muun muassa <strong class=\"aw-ak79eh KyCXm yle__article__strong\">Zach Edey,<\/strong> t\u00e4htitakamies Ja Morant sek\u00e4 <strong class=\"aw-ak79eh KyCXm yle__article__strong\">Brandon Clarke, Vince Williams Jr., John Konchar, Javon Small, Ty Jerome<\/strong> ja <strong class=\"aw-ak79eh KyCXm yle__article__strong\">Scotty Pippen Jr<\/strong>.<\/p>\n<p class=\"aw-1gybjub aw-1p7kakr kEtdKx cEmitX yle__article__paragraph\">NBA-kierroksen ottelut ja tulokset <a class=\"aw-iao6s4 iHOxEa yle__article__link\" href=\"https:\/\/yle.fi\/aihe\/tekstitv?P=277\" role=\"link\" rel=\"nofollow noopener\" target=\"_blank\">t\u00e4\u00e4lt\u00e4<\/a>, taulukot <a class=\"aw-iao6s4 iHOxEa yle__article__link\" href=\"https:\/\/yle.fi\/aihe\/tekstitv?P=279\" role=\"link\" rel=\"nofollow noopener\" target=\"_blank\">t\u00e4\u00e4lt\u00e4<\/a><\/p>\n","protected":false},"excerpt":{"rendered":"Memphis Grizzlies on tehnyt kymmenen p\u00e4iv\u00e4n p\u00e4tk\u00e4sopimuksen 213-senttisen korinaluspelaajan kanssa. Avaa kuvien katselu Los Angeles Lakersissa viime kaudella&hellip;\n","protected":false},"author":2,"featured_media":123698,"comment_status":"","ping_status":"","sticky":false,"template":"","format":"standard","meta":{"footnotes":""},"categories":[158],"tags":[33,31,30,1702,1704,12604,1703,3825,159,32,12603,160],"class_list":{"0":"post-123697","1":"post","2":"type-post","3":"status-publish","4":"format-standard","5":"has-post-thumbnail","7":"category-urheilu","8":"tag-fi","9":"tag-finland","10":"tag-finnish","11":"tag-koripallo","12":"tag-koripalloilijat","13":"tag-memphis-grizzlies","14":"tag-miesten-koripallo","15":"tag-nba","16":"tag-sports","17":"tag-suomi","18":"tag-tuomas-iisalo","19":"tag-urheilu"},"share_on_mastodon":{"url":"https:\/\/pubeurope.com\/@fi\/115766896228709496","error":""},"_links":{"self":[{"href":"https:\/\/www.europesays.com\/fi\/wp-json\/wp\/v2\/posts\/123697","targetHints":{"allow":["GET"]}}],"collection":[{"href":"https:\/\/www.europesays.com\/fi\/wp-json\/wp\/v2\/posts"}],"about":[{"href":"https:\/\/www.europesays.com\/fi\/wp-json\/wp\/v2\/types\/post"}],"author":[{"embeddable":true,"href":"https:\/\/www.europesays.com\/fi\/wp-json\/wp\/v2\/users\/2"}],"replies":[{"embeddable":true,"href":"https:\/\/www.europesays.com\/fi\/wp-json\/wp\/v2\/comments?post=123697"}],"version-history":[{"count":0,"href":"https:\/\/www.europesays.com\/fi\/wp-json\/wp\/v2\/posts\/123697\/revisions"}],"wp:featuredmedia":[{"embeddable":true,"href":"https:\/\/www.europesays.com\/fi\/wp-json\/wp\/v2\/media\/123698"}],"wp:attachment":[{"href":"https:\/\/www.europesays.com\/fi\/wp-json\/wp\/v2\/media?parent=123697"}],"wp:term":[{"taxonomy":"category","embeddable":true,"href":"https:\/\/www.europesays.com\/fi\/wp-json\/wp\/v2\/categories?post=123697"},{"taxonomy":"post_tag","embeddable":true,"href":"https:\/\/www.europesays.com\/fi\/wp-json\/wp\/v2\/tags?post=123697"}],"curies":[{"name":"wp","href":"https:\/\/api.w.org\/{rel}","templated":true}]}}