{"id":123703,"date":"2025-12-23T04:07:07","date_gmt":"2025-12-23T04:07:07","guid":{"rendered":"https:\/\/www.europesays.com\/fi\/123703\/"},"modified":"2025-12-23T04:07:07","modified_gmt":"2025-12-23T04:07:07","slug":"ainakin-viisi-kuoli-lentokoneen-syoksyttya-veteen-texasissa-uutisia-lyhyesti","status":"publish","type":"post","link":"https:\/\/www.europesays.com\/fi\/123703\/","title":{"rendered":"Ainakin viisi kuoli lentokoneen sy\u00f6ksytty\u00e4 veteen Texasissa | Uutisia lyhyesti"},"content":{"rendered":"<p class=\"aw-1gybjub aw-1p7kakr kEtdKx cEmitX yle__article__paragraph\">Yhdysvalloissa ainakin viisi ihmist\u00e4 on kuollut Meksikon laivastolle kuuluneen lentokoneen sy\u00f6ksytty\u00e4 veteen Texasissa, kertovat viranomaiset.<\/p>\n<p class=\"aw-1gybjub aw-1p7kakr kEtdKx cEmitX yle__article__paragraph\">Onnettomuus tapahtui maanantaina rannikolla l\u00e4hell\u00e4 Galvestonin kaupunkia, joka sijaitsee noin 80 kilometri\u00e4 kaakkoon Houstonista. Koneen kyydiss\u00e4 olleista matkustajista nelj\u00e4 oli siviilej\u00e4 ja nelj\u00e4 Meksikon merivoimien upseereita.<\/p>\n<p class=\"aw-1gybjub aw-1p7kakr kEtdKx cEmitX yle__article__paragraph\">Turmapaikalla on aloitettu selviytyneiden etsinn\u00e4t vedest\u00e4. Onnettomuuden syy ei ole toistaiseksi tiedossa.<\/p>\n<p class=\"aw-1gybjub aw-1p7kakr kEtdKx cEmitX yle__article__paragraph\">Saarella sijaitseva Galveston on suosittu rantakohde.<\/p>\n<p class=\"aw-1gybjub aw-1p7kakr kEtdKx cEmitX yle__article__paragraph\">L\u00e4hteet: AFP, AP<\/p>\n","protected":false},"excerpt":{"rendered":"Yhdysvalloissa ainakin viisi ihmist\u00e4 on kuollut Meksikon laivastolle kuuluneen lentokoneen sy\u00f6ksytty\u00e4 veteen Texasissa, kertovat viranomaiset. Onnettomuus tapahtui maanantaina&hellip;\n","protected":false},"author":2,"featured_media":74,"comment_status":"","ping_status":"","sticky":false,"template":"","format":"standard","meta":{"footnotes":""},"categories":[14],"tags":[22,23,26,27,33,31,30,17,24,25,4709,28,29,15,837,18,21,32,19,20,56,16,59,60,61,619],"class_list":{"0":"post-123703","1":"post","2":"type-post","3":"status-publish","4":"format-standard","5":"has-post-thumbnail","7":"category-ulkomaat","8":"tag-breaking-news","9":"tag-breakingnews","10":"tag-featured-news","11":"tag-featurednews","12":"tag-fi","13":"tag-finland","14":"tag-finnish","15":"tag-headlines","16":"tag-latest-news","17":"tag-latestnews","18":"tag-lento-onnettomuudet","19":"tag-main-news","20":"tag-mainnews","21":"tag-news","22":"tag-onnettomuudet","23":"tag-otsikot","24":"tag-paauutiset","25":"tag-suomi","26":"tag-top-stories","27":"tag-topstories","28":"tag-ulkomaat","29":"tag-uutiset","30":"tag-world","31":"tag-world-news","32":"tag-worldnews","33":"tag-yhdysvallat"},"share_on_mastodon":{"url":"https:\/\/pubeurope.com\/@fi\/115766915526672930","error":""},"_links":{"self":[{"href":"https:\/\/www.europesays.com\/fi\/wp-json\/wp\/v2\/posts\/123703","targetHints":{"allow":["GET"]}}],"collection":[{"href":"https:\/\/www.europesays.com\/fi\/wp-json\/wp\/v2\/posts"}],"about":[{"href":"https:\/\/www.europesays.com\/fi\/wp-json\/wp\/v2\/types\/post"}],"author":[{"embeddable":true,"href":"https:\/\/www.europesays.com\/fi\/wp-json\/wp\/v2\/users\/2"}],"replies":[{"embeddable":true,"href":"https:\/\/www.europesays.com\/fi\/wp-json\/wp\/v2\/comments?post=123703"}],"version-history":[{"count":0,"href":"https:\/\/www.europesays.com\/fi\/wp-json\/wp\/v2\/posts\/123703\/revisions"}],"wp:featuredmedia":[{"embeddable":true,"href":"https:\/\/www.europesays.com\/fi\/wp-json\/wp\/v2\/media\/74"}],"wp:attachment":[{"href":"https:\/\/www.europesays.com\/fi\/wp-json\/wp\/v2\/media?parent=123703"}],"wp:term":[{"taxonomy":"category","embeddable":true,"href":"https:\/\/www.europesays.com\/fi\/wp-json\/wp\/v2\/categories?post=123703"},{"taxonomy":"post_tag","embeddable":true,"href":"https:\/\/www.europesays.com\/fi\/wp-json\/wp\/v2\/tags?post=123703"}],"curies":[{"name":"wp","href":"https:\/\/api.w.org\/{rel}","templated":true}]}}