{"id":123704,"date":"2025-12-23T04:08:09","date_gmt":"2025-12-23T04:08:09","guid":{"rendered":"https:\/\/www.europesays.com\/fi\/123704\/"},"modified":"2025-12-23T04:08:09","modified_gmt":"2025-12-23T04:08:09","slug":"varastohalli-ilmiliekeissa-vantaalla-ilta-sanomat","status":"publish","type":"post","link":"https:\/\/www.europesays.com\/fi\/123704\/","title":{"rendered":"Varastohalli ilmiliekeiss\u00e4 Vantaalla &#8211; Ilta-Sanomat"},"content":{"rendered":"<p>H\u00e4lytys palosta oli tullut kello kolmelta aamuy\u00f6ll\u00e4.<\/p>\n<p class=\"article-body mb-nof-24 px-nof-16\">Vantaalla H\u00e4meenlinnanv\u00e4yl\u00e4n l\u00e4heisyydess\u00e4, Lammintiell\u00e4 palaa tyhjill\u00e4\u00e4n ollut varastorakennus.<\/p>\n<p class=\"article-body mb-nof-24 px-nof-16\">Keski-Uudenmaan pelastuslaitoksen p\u00e4ivyst\u00e4v\u00e4 palomestari arvioi hirsirakennuksen kooksi noin 100 neli\u00f6metri\u00e4. Tulipalo oli t\u00e4yden palon vaiheessa, kun pelastuslaitos p\u00e4\u00e4si paikalle.<\/p>\n<p class=\"article-body mb-nof-24 px-nof-16\">H\u00e4lytys palosta oli tullut kello kolmelta aamuy\u00f6ll\u00e4.<\/p>\n<p class=\"article-body mb-nof-24 px-nof-16\">Pelastuslaitoksen yksik\u00f6it\u00e4 oli viel\u00e4 tiistaiaamuna kello viiden j\u00e4lkeen paikalla sammuttamassa paloa ja valvomassa, ettei se levi\u00e4 l\u00e4himaastoon.<\/p>\n<p class=\"article-body mb-nof-24 px-nof-16\">Palon syttymissyy on pimennossa. Palosta ei aiheudu vaaraa tai h\u00e4iri\u00f6it\u00e4 liikenteelle.<\/p>\n","protected":false},"excerpt":{"rendered":"H\u00e4lytys palosta oli tullut kello kolmelta aamuy\u00f6ll\u00e4. Vantaalla H\u00e4meenlinnanv\u00e4yl\u00e4n l\u00e4heisyydess\u00e4, Lammintiell\u00e4 palaa tyhjill\u00e4\u00e4n ollut varastorakennus. Keski-Uudenmaan pelastuslaitoksen p\u00e4ivyst\u00e4v\u00e4&hellip;\n","protected":false},"author":2,"featured_media":1024,"comment_status":"","ping_status":"","sticky":false,"template":"","format":"standard","meta":{"footnotes":""},"categories":[12],"tags":[22,23,26,27,33,31,30,17,34,24,25,28,29,15,18,21,32,19,20,16],"class_list":{"0":"post-123704","1":"post","2":"type-post","3":"status-publish","4":"format-standard","5":"has-post-thumbnail","7":"category-suomi","8":"tag-breaking-news","9":"tag-breakingnews","10":"tag-featured-news","11":"tag-featurednews","12":"tag-fi","13":"tag-finland","14":"tag-finnish","15":"tag-headlines","16":"tag-ilta-sanomat","17":"tag-latest-news","18":"tag-latestnews","19":"tag-main-news","20":"tag-mainnews","21":"tag-news","22":"tag-otsikot","23":"tag-paauutiset","24":"tag-suomi","25":"tag-top-stories","26":"tag-topstories","27":"tag-uutiset"},"share_on_mastodon":{"url":"https:\/\/pubeurope.com\/@fi\/115766919581839201","error":""},"_links":{"self":[{"href":"https:\/\/www.europesays.com\/fi\/wp-json\/wp\/v2\/posts\/123704","targetHints":{"allow":["GET"]}}],"collection":[{"href":"https:\/\/www.europesays.com\/fi\/wp-json\/wp\/v2\/posts"}],"about":[{"href":"https:\/\/www.europesays.com\/fi\/wp-json\/wp\/v2\/types\/post"}],"author":[{"embeddable":true,"href":"https:\/\/www.europesays.com\/fi\/wp-json\/wp\/v2\/users\/2"}],"replies":[{"embeddable":true,"href":"https:\/\/www.europesays.com\/fi\/wp-json\/wp\/v2\/comments?post=123704"}],"version-history":[{"count":0,"href":"https:\/\/www.europesays.com\/fi\/wp-json\/wp\/v2\/posts\/123704\/revisions"}],"wp:featuredmedia":[{"embeddable":true,"href":"https:\/\/www.europesays.com\/fi\/wp-json\/wp\/v2\/media\/1024"}],"wp:attachment":[{"href":"https:\/\/www.europesays.com\/fi\/wp-json\/wp\/v2\/media?parent=123704"}],"wp:term":[{"taxonomy":"category","embeddable":true,"href":"https:\/\/www.europesays.com\/fi\/wp-json\/wp\/v2\/categories?post=123704"},{"taxonomy":"post_tag","embeddable":true,"href":"https:\/\/www.europesays.com\/fi\/wp-json\/wp\/v2\/tags?post=123704"}],"curies":[{"name":"wp","href":"https:\/\/api.w.org\/{rel}","templated":true}]}}