{"id":123708,"date":"2025-12-23T04:24:08","date_gmt":"2025-12-23T04:24:08","guid":{"rendered":"https:\/\/www.europesays.com\/fi\/123708\/"},"modified":"2025-12-23T04:24:08","modified_gmt":"2025-12-23T04:24:08","slug":"mika-poutala-teki-kohupaatoksen-parasta-mita-voin-ministerina-tehda","status":"publish","type":"post","link":"https:\/\/www.europesays.com\/fi\/123708\/","title":{"rendered":"Mika Poutala teki kohup\u00e4\u00e4t\u00f6ksen \u2013 \u201dParasta, mit\u00e4 voin ministerin\u00e4 tehd\u00e4\u201d"},"content":{"rendered":"<p>Liikuntaministeri Mika Poutala paljastaa Ukkola-ohjelmassa, miksi l\u00e4hti mukaan tositelevisioon. <\/p>\n<p class=\"paragraph\">Liikunta-, urheilu- ja nuorisoministeri <strong>Mika Poutala<\/strong> (kd) kertoo Iltalehden Ukkola-ohjelmassa, mink\u00e4 takia l\u00e4hti mukaan Erikoisjoukot-televisiosarjaan.<\/p>\n<p class=\"paragraph\">Poutala voitti fyysisest\u00e4 rasittavuudestaan tunnetun tv-kilpailun viime torstaina.<\/p>\n<p class=\"paragraph\">P\u00e4\u00e4ministeri <strong>Petteri Orpo<\/strong> (kok) <a href=\"https:\/\/www.iltalehti.fi\/politiikka\/7c099dc8-a31d-4969-b586-5f7de72b1cb2\" rel=\"nofollow noopener\" target=\"_blank\">on aiemmin kritisoinut<\/a> ministereiden ja kansanedustajien osallistumista tosi-tv-ohjelmiin. My\u00f6s puhemiesneuvosto <a href=\"https:\/\/www.iltalehti.fi\/politiikka\/13f98e87-640e-4680-b6d0-bea3b68db5c7\" rel=\"nofollow noopener\" target=\"_blank\">on pit\u00e4nyt<\/a> kansanedustajien pitki\u00e4 poissaoloja ongelmallisina.<\/p>\n<p class=\"paragraph\">\u2013 Jossain vaiheessa mietin, ett\u00e4 minusta olisi ihan hyv\u00e4, ett\u00e4 joka ikinen ensimm\u00e4isen kauden kansanedustaja k\u00e4visi jossain tosi-tv-ohjelmassa, Poutala sanoo.<\/p>\n<p class=\"paragraph\">Poutala paljastaa toimittaja <strong>Sanna Ukkolalle<\/strong>, ett\u00e4 h\u00e4nell\u00e4 j\u00e4i v\u00e4liin kuusi t\u00e4ysistuntoa ohjelman takia. Ohjelma kuvattiin toukokuussa 2025, jolloin Poutala oli viel\u00e4 kansanedustaja. Poutala katsoo, ett\u00e4 saattoi ohjelman avulla innostaa ihmisi\u00e4 liikkumaan ennen ministerinpesti\u00e4\u00e4n.<\/p>\n<p class=\"paragraph\">\u2013 Olen edelleen tosi tyytyv\u00e4inen, ett\u00e4 l\u00e4hdin t\u00e4nne [ohjelmaan]. T\u00e4m\u00e4 on parasta, mit\u00e4 voin ministerin\u00e4 tehd\u00e4, Poutala sanoo.<\/p>\n<p class=\"paragraph\">Alun perin <a href=\"https:\/\/www.iltalehti.fi\/politiikka\/589a4d25-41b4-4f0a-9657-ac19e11f8853\" rel=\"nofollow noopener\" target=\"_blank\">kohu nousi<\/a> t\u00e4n\u00e4 syksyn\u00e4 kansanedustaja <strong>Miapetra Kumpula-Natrin<\/strong> (sd) osallistumisesta Suuri seikkailu -ohjelmaan ja siit\u00e4 johtuvista poissaoloista.<\/p>\n","protected":false},"excerpt":{"rendered":"Liikuntaministeri Mika Poutala paljastaa Ukkola-ohjelmassa, miksi l\u00e4hti mukaan tositelevisioon. Liikunta-, urheilu- ja nuorisoministeri Mika Poutala (kd) kertoo Iltalehden&hellip;\n","protected":false},"author":2,"featured_media":123709,"comment_status":"","ping_status":"","sticky":false,"template":"","format":"standard","meta":{"footnotes":""},"categories":[133],"tags":[35,137,33,31,30,142,637,888,885,887,32,206,156,109],"class_list":{"0":"post-123708","1":"post","2":"type-post","3":"status-publish","4":"format-standard","5":"has-post-thumbnail","7":"category-televisiot","8":"tag-24h","9":"tag-entertainment","10":"tag-fi","11":"tag-finland","12":"tag-finnish","13":"tag-poliitikot","14":"tag-politiikka","15":"tag-suomalaiset-poliitikot","16":"tag-suomen-poliittiset-puolueet","17":"tag-suomen-politiikka","18":"tag-suomi","19":"tag-televisiot","20":"tag-tv","21":"tag-viihde"},"share_on_mastodon":{"url":"https:\/\/pubeurope.com\/@fi\/115766982270359954","error":""},"_links":{"self":[{"href":"https:\/\/www.europesays.com\/fi\/wp-json\/wp\/v2\/posts\/123708","targetHints":{"allow":["GET"]}}],"collection":[{"href":"https:\/\/www.europesays.com\/fi\/wp-json\/wp\/v2\/posts"}],"about":[{"href":"https:\/\/www.europesays.com\/fi\/wp-json\/wp\/v2\/types\/post"}],"author":[{"embeddable":true,"href":"https:\/\/www.europesays.com\/fi\/wp-json\/wp\/v2\/users\/2"}],"replies":[{"embeddable":true,"href":"https:\/\/www.europesays.com\/fi\/wp-json\/wp\/v2\/comments?post=123708"}],"version-history":[{"count":0,"href":"https:\/\/www.europesays.com\/fi\/wp-json\/wp\/v2\/posts\/123708\/revisions"}],"wp:featuredmedia":[{"embeddable":true,"href":"https:\/\/www.europesays.com\/fi\/wp-json\/wp\/v2\/media\/123709"}],"wp:attachment":[{"href":"https:\/\/www.europesays.com\/fi\/wp-json\/wp\/v2\/media?parent=123708"}],"wp:term":[{"taxonomy":"category","embeddable":true,"href":"https:\/\/www.europesays.com\/fi\/wp-json\/wp\/v2\/categories?post=123708"},{"taxonomy":"post_tag","embeddable":true,"href":"https:\/\/www.europesays.com\/fi\/wp-json\/wp\/v2\/tags?post=123708"}],"curies":[{"name":"wp","href":"https:\/\/api.w.org\/{rel}","templated":true}]}}