{"id":123807,"date":"2025-12-23T07:11:13","date_gmt":"2025-12-23T07:11:13","guid":{"rendered":"https:\/\/www.europesays.com\/fi\/123807\/"},"modified":"2025-12-23T07:11:13","modified_gmt":"2025-12-23T07:11:13","slug":"tyottomyysluvut-synkkenivat-uuteen-ennatykseen-yle","status":"publish","type":"post","link":"https:\/\/www.europesays.com\/fi\/123807\/","title":{"rendered":"Ty\u00f6tt\u00f6myysluvut synkkeniv\u00e4t uuteen enn\u00e4tykseen &#8211; Yle"},"content":{"rendered":"<ol>\n<li><a href=\"https:\/\/news.google.com\/rss\/articles\/CBMiQkFVX3lxTE9DYUNsV0VScEx6NGxtZFYya2YwTG51NDB4ekFrN2tScDRObURoRFlzQWZzbXhIS2FtYXpOUTZqQzZxZw?oc=5\" target=\"_blank\" rel=\"nofollow noopener\">Ty\u00f6tt\u00f6myysluvut synkkeniv\u00e4t uuteen enn\u00e4tykseen<\/a>&nbsp;&nbsp;Yle<\/li>\n<li><a href=\"https:\/\/news.google.com\/rss\/articles\/CBMif0FVX3lxTE9ZZnlwQVNwTk10dmpMdU5vMlAxLWFzQ3k0M0NrLTlFalA1M2JEZlZQeDNzZzRJZWJZb3hXYWdieml5TFFxVkQ4aHJyUlhkbGN6TEJRX2h4SGs1THdzLWdZSGZYbGZkOWlWRTNnaEt1X0ZIQTFJcEJNWnpqRzhoWDQ?oc=5\" target=\"_blank\" rel=\"nofollow noopener\">Tuoreet luvut julki: Ty\u00f6llisten m\u00e4\u00e4r\u00e4n kasvu tyss\u00e4si<\/a>&nbsp;&nbsp;Iltalehti<\/li>\n<li><a href=\"https:\/\/news.google.com\/rss\/articles\/CBMiZEFVX3lxTE1XbUdJTEFmNWpnb3NzUElheTFiYVYwVk42NlNpMWl2b3pianFZVlFxZlppTE9rMlJ2ckQ1OGZLSjI4Ykxybk1wUXJJdl9ORTY1dFZLZjlrUFpyVjAxZFA1RnZhLXE?oc=5\" target=\"_blank\" rel=\"nofollow noopener\">Karu luku julki \u2013 n\u00e4in paljon ty\u00f6tt\u00f6myys kasvoi<\/a>&nbsp;&nbsp;Ilta-Sanomat<\/li>\n<li><a href=\"https:\/\/news.google.com\/rss\/articles\/CBMiW0FVX3lxTE43dEJwNWxWV04wY2oxZEw0dnZmUDhXcjFqREJOMEQ0aUpQMUpMeEtFN2ZYcFBraXpYcUFMTWJlamUyQlRGMnBoV2tMMXVUTEFPNU4tcXJBdjRKQXM?oc=5\" target=\"_blank\" rel=\"nofollow noopener\">Pohjois-\u200bSavon rumat ty\u00f6t\u00adt\u00f6\u00admyys\u00adluvut jatkoivat kasvua<\/a>&nbsp;&nbsp;Savon Sanomat<\/li>\n<li><a href=\"https:\/\/news.google.com\/rss\/articles\/CBMiXEFVX3lxTFBHZlBpWE52X3l6UDBRVU84a0xiRTJ3QmJzMGZFOVFSZDB3UDBoSTF2QzJjYzk0ZWRWdEhmZGNGQTRZeVdkeThNLWtqX3lDYUJhSXc4YmI5bzZlbkxC?oc=5\" target=\"_blank\" rel=\"nofollow noopener\">Ty\u00f6tt\u00f6myys kasvaa Suomessa eniten Pirkanmaalla \u2013 T\u00e4m\u00e4 oli tilanne marraskuussa<\/a>&nbsp;&nbsp;Tamperelainen<\/li>\n<\/ol>\n","protected":false},"excerpt":{"rendered":"Ty\u00f6tt\u00f6myysluvut synkkeniv\u00e4t uuteen enn\u00e4tykseen&nbsp;&nbsp;Yle Tuoreet luvut julki: Ty\u00f6llisten m\u00e4\u00e4r\u00e4n kasvu tyss\u00e4si&nbsp;&nbsp;Iltalehti Karu luku julki \u2013 n\u00e4in paljon ty\u00f6tt\u00f6myys&hellip;\n","protected":false},"author":2,"featured_media":123808,"comment_status":"","ping_status":"","sticky":false,"template":"","format":"standard","meta":{"footnotes":""},"categories":[5],"tags":[22,23,26,27,33,31,30,17,71,24,25,28,29,15,18,21,32,78,19,20,860,862,1955,16],"class_list":{"0":"post-123807","1":"post","2":"type-post","3":"status-publish","4":"format-standard","5":"has-post-thumbnail","7":"category-otsikot","8":"tag-breaking-news","9":"tag-breakingnews","10":"tag-featured-news","11":"tag-featurednews","12":"tag-fi","13":"tag-finland","14":"tag-finnish","15":"tag-headlines","16":"tag-kotimaa","17":"tag-latest-news","18":"tag-latestnews","19":"tag-main-news","20":"tag-mainnews","21":"tag-news","22":"tag-otsikot","23":"tag-paauutiset","24":"tag-suomi","25":"tag-talous","26":"tag-top-stories","27":"tag-topstories","28":"tag-tyoelama","29":"tag-tyollisyys","30":"tag-tyottomyys","31":"tag-uutiset"},"share_on_mastodon":{"url":"https:\/\/pubeurope.com\/@fi\/115767638877468824","error":""},"_links":{"self":[{"href":"https:\/\/www.europesays.com\/fi\/wp-json\/wp\/v2\/posts\/123807","targetHints":{"allow":["GET"]}}],"collection":[{"href":"https:\/\/www.europesays.com\/fi\/wp-json\/wp\/v2\/posts"}],"about":[{"href":"https:\/\/www.europesays.com\/fi\/wp-json\/wp\/v2\/types\/post"}],"author":[{"embeddable":true,"href":"https:\/\/www.europesays.com\/fi\/wp-json\/wp\/v2\/users\/2"}],"replies":[{"embeddable":true,"href":"https:\/\/www.europesays.com\/fi\/wp-json\/wp\/v2\/comments?post=123807"}],"version-history":[{"count":0,"href":"https:\/\/www.europesays.com\/fi\/wp-json\/wp\/v2\/posts\/123807\/revisions"}],"wp:featuredmedia":[{"embeddable":true,"href":"https:\/\/www.europesays.com\/fi\/wp-json\/wp\/v2\/media\/123808"}],"wp:attachment":[{"href":"https:\/\/www.europesays.com\/fi\/wp-json\/wp\/v2\/media?parent=123807"}],"wp:term":[{"taxonomy":"category","embeddable":true,"href":"https:\/\/www.europesays.com\/fi\/wp-json\/wp\/v2\/categories?post=123807"},{"taxonomy":"post_tag","embeddable":true,"href":"https:\/\/www.europesays.com\/fi\/wp-json\/wp\/v2\/tags?post=123807"}],"curies":[{"name":"wp","href":"https:\/\/api.w.org\/{rel}","templated":true}]}}