{"id":123811,"date":"2025-12-23T07:30:14","date_gmt":"2025-12-23T07:30:14","guid":{"rendered":"https:\/\/www.europesays.com\/fi\/123811\/"},"modified":"2025-12-23T07:30:14","modified_gmt":"2025-12-23T07:30:14","slug":"lauri-markkanen-palasi-tyrmays","status":"publish","type":"post","link":"https:\/\/www.europesays.com\/fi\/123811\/","title":{"rendered":"Lauri Markkanen palasi \u2013 Tyrm\u00e4ys"},"content":{"rendered":"<p>Nuggets tyrm\u00e4si Jazzin jo avausnelj\u00e4nneksell\u00e4.<\/p>\n<p><img decoding=\"async\" class=\"image image-show image-preview\" src=\"https:\/\/www.europesays.com\/fi\/wp-content\/uploads\/2025\/12\/b0e41d792fc3c0da83714f29ebfd1b27240992465fad2a5c48c547d536c02c10.jpg\" alt=\"\"\/><img decoding=\"async\" class=\"image image-show\" src=\"https:\/\/www.europesays.com\/fi\/wp-content\/uploads\/2025\/12\/1766475014_557_b0e41d792fc3c0da83714f29ebfd1b27240992465fad2a5c48c547d536c02c10.jpg\" alt=\"\"\/><\/p>\n<p>T\u00e4htipelaajat Lauri Markkanen ja Denver Nuggetsin Nikola Jokic kohtasivat j\u00e4lleen. AOP<\/p>\n<p class=\"paragraph\">Kaksi ottelua sivussa ollut NBA-koripalloilija <strong>Lauri Markkanen<\/strong> palasi pelaamaan, kun h\u00e4nen edustamansa Utah Jazz kohtasi Suomen aikaa varhain tiistaina aamulla Denver Nuggetsin.<\/p>\n<p class=\"paragraph\">Markkasen paluu ei auttanut Jazzia palaamaan voittojen tielle, vaan Nuggets n\u00e4ytti kaapin paikan heti avausnelj\u00e4nneksell\u00e4.<\/p>\n<p class=\"paragraph\">Nuggets otti heti johtoaseman, k\u00e4vi l\u00e4hes 30 pisteen johdossa ja p\u00e4\u00e4tti ensimm\u00e4isen nelj\u00e4nneksen 25 pisteen johdossa. Jazz ei t\u00e4st\u00e4 toipunut.<\/p>\n<p class=\"paragraph\">\u2013\u2009Peli l\u00e4hti k\u00e4sist\u00e4 varsin aikaisin, Jazzin p\u00e4\u00e4valmentaja <strong>Will Hardy<\/strong> my\u00f6nsi.<\/p>\n<p class=\"paragraph\">Loppulukemat olivat Nuggets 135, Jazz 112.<\/p>\n<p class=\"paragraph\">\u2013\u2009Teimme joitakin asioita hyvin t\u00e4n\u00e4\u00e4n. Voitimme pisteit\u00e4 korin alla, mik\u00e4 oli painopiste peliin l\u00e4hdett\u00e4ess\u00e4. Pelin alussa jouduimme asemaan, jossa on vaikea voittaa, Hardy sanoi.<\/p>\n<p class=\"paragraph\">Markkanen upotti 27 pistett\u00e4. Hardy kehui suomalaisen taistelutahtoa, ammattimaisuutta ja johtajuutta.<\/p>\n<p class=\"paragraph\">Jazz on h\u00e4vinnyt kolme peli\u00e4 putkeen ja on valahtanut l\u00e4ntisess\u00e4 konferenssissa sijalle 12\/15.<\/p>\n","protected":false},"excerpt":{"rendered":"Nuggets tyrm\u00e4si Jazzin jo avausnelj\u00e4nneksell\u00e4. T\u00e4htipelaajat Lauri Markkanen ja Denver Nuggetsin Nikola Jokic kohtasivat j\u00e4lleen. AOP Kaksi ottelua&hellip;\n","protected":false},"author":2,"featured_media":123812,"comment_status":"","ping_status":"","sticky":false,"template":"","format":"standard","meta":{"footnotes":""},"categories":[158],"tags":[35,3289,33,31,30,41,1703,5037,159,32,160,161],"class_list":{"0":"post-123811","1":"post","2":"type-post","3":"status-publish","4":"format-standard","5":"has-post-thumbnail","7":"category-urheilu","8":"tag-24h","9":"tag-ammattilaiskoripallo","10":"tag-fi","11":"tag-finland","12":"tag-finnish","13":"tag-liikunta-ja-urheilu","14":"tag-miesten-koripallo","15":"tag-national-basketball-association-nba","16":"tag-sports","17":"tag-suomi","18":"tag-urheilu","19":"tag-urheilutapahtumat"},"share_on_mastodon":{"url":"https:\/\/pubeurope.com\/@fi\/115767714105084945","error":""},"_links":{"self":[{"href":"https:\/\/www.europesays.com\/fi\/wp-json\/wp\/v2\/posts\/123811","targetHints":{"allow":["GET"]}}],"collection":[{"href":"https:\/\/www.europesays.com\/fi\/wp-json\/wp\/v2\/posts"}],"about":[{"href":"https:\/\/www.europesays.com\/fi\/wp-json\/wp\/v2\/types\/post"}],"author":[{"embeddable":true,"href":"https:\/\/www.europesays.com\/fi\/wp-json\/wp\/v2\/users\/2"}],"replies":[{"embeddable":true,"href":"https:\/\/www.europesays.com\/fi\/wp-json\/wp\/v2\/comments?post=123811"}],"version-history":[{"count":0,"href":"https:\/\/www.europesays.com\/fi\/wp-json\/wp\/v2\/posts\/123811\/revisions"}],"wp:featuredmedia":[{"embeddable":true,"href":"https:\/\/www.europesays.com\/fi\/wp-json\/wp\/v2\/media\/123812"}],"wp:attachment":[{"href":"https:\/\/www.europesays.com\/fi\/wp-json\/wp\/v2\/media?parent=123811"}],"wp:term":[{"taxonomy":"category","embeddable":true,"href":"https:\/\/www.europesays.com\/fi\/wp-json\/wp\/v2\/categories?post=123811"},{"taxonomy":"post_tag","embeddable":true,"href":"https:\/\/www.europesays.com\/fi\/wp-json\/wp\/v2\/tags?post=123811"}],"curies":[{"name":"wp","href":"https:\/\/api.w.org\/{rel}","templated":true}]}}