{"id":123813,"date":"2025-12-23T07:31:10","date_gmt":"2025-12-23T07:31:10","guid":{"rendered":"https:\/\/www.europesays.com\/fi\/123813\/"},"modified":"2025-12-23T07:31:10","modified_gmt":"2025-12-23T07:31:10","slug":"heli-palsanmaki-liikuttuu-kyyneliin-arja-korisevan-jouluyllatyksesta-suomen-huutokauppakeisarissa","status":"publish","type":"post","link":"https:\/\/www.europesays.com\/fi\/123813\/","title":{"rendered":"Heli Palsanm\u00e4ki liikuttuu kyyneliin Arja Korisevan jouluyll\u00e4tyksest\u00e4 Suomen huutokauppakeisarissa"},"content":{"rendered":"<p>\n            20220817, Helsinki. Nelosen ohjelmiston syyspressi. Kuvassa Heli Palsanm\u00e4ki.<br \/>\n            TIMO KORHONEN\n        <\/p>\n<p class=\"subtitle \">Aki ja Heli Palsanm\u00e4ki ajavat iskelm\u00e4t\u00e4hden luokse Toivakkaan.<\/p>\n<p class=\"article-content article-content-width !bg-background\"> ja  tekev\u00e4t kauppoja iskelm\u00e4laulaja  kanssa.\u00a0<\/p>\n<p class=\"article-content article-content-width !bg-background\">Suomen huutokauppakeisarin 11. tuotantokauden p\u00e4\u00e4t\u00f6sjakso esitet\u00e4\u00e4n uusintana 23. joulukuuta Nelosella ja Ruudussa.<\/p>\n<p class=\"article-content article-content-width !bg-background\">Huutokauppapari tuo Arjalle joulukukkia. Arja puolestaan on kutonut Helille ja Akille joulut\u00f6pp\u00f6set. H\u00e4n on valinnut Helille t\u00e4m\u00e4n lempiv\u00e4rin. Heli liikuttuu eleest\u00e4. H\u00e4n pyyhkii kyyneleit\u00e4\u00e4n.<\/p>\n<p class=\"article-content article-content-width !bg-background\">\u2013 Olen ihan rakkaudella teit\u00e4 ajatellen tehnyt, Arja kertoo.<\/p>\n<p class=\"article-content article-content-width !bg-background\">\u2013 Min\u00e4kin pukeudun lilaan kunniaksesi ja valitsin ne v\u00e4rit n\u00e4ihin, koska ajattelin, ett\u00e4 se on niin selke\u00e4sti sinun lempiv\u00e4risi, h\u00e4n sanoo Helille.<\/p>\n<p>        <a itemprop=\"url\" href=\"https:\/\/www.seiska.fi\/katso\/heli-palsanmaki-hammentyy-etupenkin-erkin-toiminnasta-ei-taalla-ole-kukaan-ennen\/1982035\" rel=\"nofollow noopener\" target=\"_blank\"><\/p>\n<p>\nHeli Palsanm\u00e4ki\n<\/p>\n<p class=\"section-date\">\n        <strong class=\"article-section\" data-section=\"katso\"><br \/>\n            katso<br \/>\n        <\/strong><br \/>\n        4.11. 10:11\n    <\/p>\n<p>Heli Palsanm\u00e4ki h\u00e4mmentyy Etupenkin Erkin toiminnasta: &#8221;Ei t\u00e4\u00e4ll\u00e4 ole kukaan ennen&#8230;&#8221;\n    <\/p>\n<p itemprop=\"description\" class=\"subtitle \">\n    Aki Palsanm\u00e4ki ja Etupenkin Erkki riehaantuvat Suomen huutokauppakeisarissa.\n<\/p>\n<p>        <\/a><\/p>\n<p>                <img decoding=\"async\" src=\"https:\/\/www.europesays.com\/fi\/wp-content\/uploads\/2025\/12\/2029508.webp\" width=\"576\" height=\"274\" title=\"Jouluisessa jaksossa Arja Koriseva kauppaa esineit\u00e4 ja vaatteita uransa varrelta.\" alt=\"Suomen huutokauppakeisari: Arja Koriseva, Aki Palsanm\u00e4ki ja Heli Palsanm\u00e4ki\" loading=\"lazy\" \/>            <\/p>\n<p>\n            Jouluisessa jaksossa Arja Koriseva kauppaa esineit\u00e4 ja vaatteita uransa varrelta.<br \/>\n            Sanoma\n        <\/p>\n<p class=\"article-content article-content-width !bg-background\">Arja kertoo parin olleen jokaisella pistolla h\u00e4nen mieless\u00e4\u00e4n. Heli kiittelee Arjaa kyyneleet silmiss\u00e4.<\/p>\n<p class=\"article-content article-content-width !bg-background\">\u2013 Minulle tuli yll\u00e4tyksen\u00e4 se, ett\u00e4 Heli herkistyi tossuista. Minulle tuli sellainen olo, ett\u00e4 h\u00e4n oikeasti arvostaa ja ymm\u00e4rt\u00e4\u00e4, mit\u00e4 se tarkoittaa, kun valmistat toiselle jotain. Ja aina kun teet niin, ajattelet h\u00e4nt\u00e4, kenelle teet ne, Arja sanoo kameralle ja jatkaa:<\/p>\n<p class=\"article-content article-content-width !bg-background\">\u2013 Kun k\u00e4vin ostamassa langat, ajattelin ett\u00e4 joulunvihre\u00e4\u00e4 Akille ja lilanpunaista Helille.<\/p>\n<p>        <a itemprop=\"url\" href=\"https:\/\/www.seiska.fi\/katso\/salatut-elamat-paattyy-nama-hahmot-jattivat-sarjan\/2025913\" rel=\"nofollow noopener\" target=\"_blank\"><\/p>\n<p>\nSalatut el\u00e4m\u00e4t p\u00e4\u00e4ttyy\n<\/p>\n<p class=\"section-date\">\n        <strong class=\"article-section\" data-section=\"katso\"><br \/>\n            katso<br \/>\n        <\/strong><br \/>\n        05:15\n    <\/p>\n<p>Salatut el\u00e4m\u00e4t p\u00e4\u00e4ttyy \u2013 n\u00e4m\u00e4 hahmot j\u00e4ttiv\u00e4t sarjan\n    <\/p>\n<p itemprop=\"description\" class=\"subtitle \">\n    Salatut el\u00e4m\u00e4t -sarjan ikonisella Pihlajakadulla ovi on k\u00e4ynyt j\u00e4lleen tiuhahkoon tahtiin vuonna 2025.\n<\/p>\n<p>        <\/a><\/p>\n<p>&#8221;Tarvitaankohan nessuja taas?&#8221;<\/p>\n<p class=\"article-content article-content-width !bg-background\">Kun kaupat on saatu hierottua, Arjalla on viel\u00e4 toinenkin joululahja Helille ja Akille. H\u00e4n pyyt\u00e4\u00e4 paria istumaan alas.<\/p>\n<p class=\"article-content article-content-width !bg-background\">\u2013 Tarvitaankohan nessuja taas? Heli pohtii.<\/p>\n<p class=\"article-content article-content-width !bg-background\">\u2013 Meill\u00e4 on ollut kiireinen vuosi, niin ajattelin, ett\u00e4 vaikka kuinka toinen toisillemme joulu rakennamme ja haluamme sit\u00e4 viett\u00e4\u00e4, niin se syd\u00e4men joulun jokainen rakennamme itse, Arja kertoo.<\/p>\n<p class=\"article-content article-content-width !bg-background\">T\u00e4st\u00e4 syyt\u00e4 Arja haluaa laulaa Helille ja Akille kappaleen Syd\u00e4meeni joulun teen. Heli liikuttuu kyyneliin.<\/p>\n<p class=\"italic m-italic article-content article-content-width !bg-background\">Suomen huutokauppakeisarin 11. tuotantokauden p\u00e4\u00e4t\u00f6sjakso esitet\u00e4\u00e4n uusintana 23. joulukuuta Nelosella, katsottavissa my\u00f6s Ruudussa.<\/p>\n<p>        <a itemprop=\"url\" href=\"https:\/\/www.seiska.fi\/katso\/karu-totuus-lumiukko-animaatiosta\/2010343\" rel=\"nofollow noopener\" target=\"_blank\"><\/p>\n<p>\nLumiukko-animaatio\n<\/p>\n<p class=\"section-date\">\n        <strong class=\"article-section\" data-section=\"katso\"><br \/>\n            katso<br \/>\n        <\/strong><br \/>\n        08:15\n    <\/p>\n<p>Karu totuus Lumiukko-animaatiosta\n    <\/p>\n<p itemprop=\"description\" class=\"subtitle \">\n    Walking in the Air -kappaleen laulaneen pojan nime\u00e4 ei n\u00e4hty vuosiin animaation lopputeksteiss\u00e4.\n<\/p>\n<p>        <\/a><\/p>\n","protected":false},"excerpt":{"rendered":"20220817, Helsinki. Nelosen ohjelmiston syyspressi. Kuvassa Heli Palsanm\u00e4ki. TIMO KORHONEN Aki ja Heli Palsanm\u00e4ki ajavat iskelm\u00e4t\u00e4hden luokse Toivakkaan.&hellip;\n","protected":false},"author":2,"featured_media":123814,"comment_status":"","ping_status":"","sticky":false,"template":"","format":"standard","meta":{"footnotes":""},"categories":[130],"tags":[9516,10020,137,33,31,30,9515,5856,1758,2158,6612,32,1318,109],"class_list":{"0":"post-123813","1":"post","2":"type-post","3":"status-publish","4":"format-standard","5":"has-post-thumbnail","7":"category-viihde","8":"tag-aki-palsanmaki","9":"tag-arja-koriseva","10":"tag-entertainment","11":"tag-fi","12":"tag-finland","13":"tag-finnish","14":"tag-heli-palsanmaki","15":"tag-joulu","16":"tag-nelonen","17":"tag-ruutu","18":"tag-suomen-huutokauppakeisari","19":"tag-suomi","20":"tag-tv-ohjelma","21":"tag-viihde"},"share_on_mastodon":{"url":"https:\/\/pubeurope.com\/@fi\/115767717689904612","error":""},"_links":{"self":[{"href":"https:\/\/www.europesays.com\/fi\/wp-json\/wp\/v2\/posts\/123813","targetHints":{"allow":["GET"]}}],"collection":[{"href":"https:\/\/www.europesays.com\/fi\/wp-json\/wp\/v2\/posts"}],"about":[{"href":"https:\/\/www.europesays.com\/fi\/wp-json\/wp\/v2\/types\/post"}],"author":[{"embeddable":true,"href":"https:\/\/www.europesays.com\/fi\/wp-json\/wp\/v2\/users\/2"}],"replies":[{"embeddable":true,"href":"https:\/\/www.europesays.com\/fi\/wp-json\/wp\/v2\/comments?post=123813"}],"version-history":[{"count":0,"href":"https:\/\/www.europesays.com\/fi\/wp-json\/wp\/v2\/posts\/123813\/revisions"}],"wp:featuredmedia":[{"embeddable":true,"href":"https:\/\/www.europesays.com\/fi\/wp-json\/wp\/v2\/media\/123814"}],"wp:attachment":[{"href":"https:\/\/www.europesays.com\/fi\/wp-json\/wp\/v2\/media?parent=123813"}],"wp:term":[{"taxonomy":"category","embeddable":true,"href":"https:\/\/www.europesays.com\/fi\/wp-json\/wp\/v2\/categories?post=123813"},{"taxonomy":"post_tag","embeddable":true,"href":"https:\/\/www.europesays.com\/fi\/wp-json\/wp\/v2\/tags?post=123813"}],"curies":[{"name":"wp","href":"https:\/\/api.w.org\/{rel}","templated":true}]}}