{"id":123817,"date":"2025-12-23T07:35:07","date_gmt":"2025-12-23T07:35:07","guid":{"rendered":"https:\/\/www.europesays.com\/fi\/123817\/"},"modified":"2025-12-23T07:35:07","modified_gmt":"2025-12-23T07:35:07","slug":"donald-trump-vahvisti-etta-yhdysvallat-haluaa-gronlannin","status":"publish","type":"post","link":"https:\/\/www.europesays.com\/fi\/123817\/","title":{"rendered":"Donald Trump vahvisti, ett\u00e4 Yhdysvallat haluaa Gr\u00f6nlannin"},"content":{"rendered":"<p>Trumpin mukaan liittolaismaa Tanskan itsehallintoalue on olennainen Yhdysvaltojen kansalliselle turvallisuudelle.<\/p>\n<p class=\"article-body mb-nof-24 px-nof-16\">Yhdysvaltain presidentti <a class=\"article-personlink\" href=\"https:\/\/www.is.fi\/haku\/?query=Donald%20Trump\" rel=\"nofollow noopener\" target=\"_blank\">Donald Trump<\/a> vahvisti maanantaina, ett\u00e4 Yhdysvaltojen on saatava Gr\u00f6nlanti kansallisen turvallisuutensa vuoksi. Reutersin mukaan Trump sanoi, ett\u00e4 h\u00e4nen nimitt\u00e4m\u00e4ns\u00e4 erityisl\u00e4hettil\u00e4s johtaa projektia.<\/p>\n<p class=\"article-body mb-nof-24 px-nof-16\">Trump nimitti Gr\u00f6nlannin-erityisl\u00e4hettil\u00e4\u00e4kseen sunnuntaina Louisianan kuvern\u00f6\u00f6rin <a class=\"article-personlink\" href=\"https:\/\/www.is.fi\/haku\/?query=Jeff%20Landryn\" rel=\"nofollow noopener\" target=\"_blank\">Jeff Landryn<\/a>, joka on aiemmin tukenut voimakkaasti presidentin aikeita liitt\u00e4\u00e4 Gr\u00f6nlanti Yhdysvaltoihin.<\/p>\n<p class=\"article-body mb-nof-24 px-nof-16\">Landryn nimitys sai tanskalaiset ja my\u00f6s monet muut p\u00f6yristym\u00e4\u00e4n. Gr\u00f6nlanti on Yhdysvaltain Nato-liittolaiselle Tanskalle kuuluva itsehallintoalue.<\/p>\n<p class=\"article-body mb-nof-24 px-nof-16\">\u2013 Tarvitsemme Gr\u00f6nlannin kansallisen turvallisuuden, ei mineraalien vuoksi&#8230; Jos Gr\u00f6nlantia tarkastellaan ja katsotaan rannikkoa, siell\u00e4 on ven\u00e4l\u00e4isi\u00e4 ja kiinalaisia laivoja kaikkialla. Tarvitsemme sen kansallisen turvallisuuden vuoksi. Meid\u00e4n on saatava se, Trump sanoi toimittajille Floridan Palm Beachissa.<\/p>\n<p class=\"article-body mb-nof-24 px-nof-16\">Aiemmin Trump on ilmaissut kiinnostustaan my\u00f6s Gr\u00f6nlannin mineraaleja kohtaan.<\/p>\n<p class=\"article-body mb-nof-24 px-nof-16\">Lue lis\u00e4\u00e4: <a class=\"underline underline-offset-[0.12em] [text-decoration-thickness:var(--generic-link-underline-thickness)] [text-decoration-color:var(--generic-link-underline-color)] [text-decoration-skip-ink:var(--generic-link-underline-skip-ink)] break-words\" href=\"https:\/\/www.is.fi\/ulkomaat\/art-2000011709063.html\" rel=\"nofollow noopener\" target=\"_blank\">Trumpin tuore erityisl\u00e4hettil\u00e4s: Yhdysvallat haluaa Gr\u00f6nlannin \u2013 Tanska \u00e4l\u00e4hti<\/a><\/p>\n<p class=\"article-body mb-nof-24 px-nof-16\">Tanskan p\u00e4\u00e4ministeri <a class=\"article-personlink\" href=\"https:\/\/www.is.fi\/haku\/?query=Mette%20Frederiksen\" rel=\"nofollow noopener\" target=\"_blank\">Mette Frederiksen<\/a> ja Gr\u00f6nlannin p\u00e4\u00e4ministeri <a class=\"article-personlink\" href=\"https:\/\/www.is.fi\/haku\/?query=Jens-Frederik%20Nielsen\" rel=\"nofollow noopener\" target=\"_blank\">Jens-Frederik Nielsen<\/a> julkaisivat jo aiemmin yhteisen lausunnon, jossa he korostivat Gr\u00f6nlannin kuuluvan gr\u00f6nlantilaisille.<\/p>\n<p class=\"article-body mb-nof-24 px-nof-16\">\u2013 Toista maata ei voi ottaa haltuun. Ei edes kansainv\u00e4liseen turvallisuuteen liittyvill\u00e4 argumenteilla. Gr\u00f6nlanti kuuluu gr\u00f6nlantilaisille, eik\u00e4 Yhdysvallat ota Gr\u00f6nlantia, p\u00e4\u00e4ministerit ilmoittivat.<\/p>\n<p class=\"article-body mb-nof-24 px-nof-16\">Nielsen kommentoi my\u00f6s Trumpin maanantaisia puheita tuoreeltaan Facebookissa.<\/p>\n<p class=\"article-body mb-nof-24 px-nof-16\">\u2013 Olemme j\u00e4lleen her\u00e4nneet uuteen ilmoitukseen Yhdysvaltain presidentilt\u00e4. T\u00e4m\u00e4 voi kuulostaa isolta, mutta se ei muuta mit\u00e4\u00e4n meid\u00e4n kannaltamme. Me p\u00e4\u00e4t\u00e4mme itse omasta tulevaisuudestamme, h\u00e4n sanoi.<\/p>\n<p class=\"article-body mb-nof-24 px-nof-16\">Reutersin mukaan Trump lis\u00e4si painetta Tanskaa kohtaan peruuttamalla luvat viidelt\u00e4 isolta Yhdysvaltain it\u00e4rannikon tuulivoimaprojektilta, joista kahdessa on mukana Tanskan suurin energiayhti\u00f6 Orsted.<\/p>\n<p class=\"article-body mb-nof-24 px-nof-16\">Tanskan ulkoministeri <a class=\"article-personlink\" href=\"https:\/\/www.is.fi\/haku\/?query=Lars%20L%C3%B8kke%20Rasmussen\" rel=\"nofollow noopener\" target=\"_blank\">Lars L\u00f8kke Rasmussen<\/a> kertoi maanantaina kutsuvansa Yhdysvaltain suurl\u00e4hettil\u00e4\u00e4n <a class=\"article-personlink\" href=\"https:\/\/www.is.fi\/haku\/?query=Kenneth%20Howeryn\" rel=\"nofollow noopener\" target=\"_blank\">Kenneth Howeryn<\/a> puhutteluun asian vuoksi. Howery lupasi \u201dmolemminpuolista kunnioitusta\u201d vieraillessaan hiljattain Gr\u00f6nlannissa.<\/p>\n<p class=\"article-body mb-nof-24 px-nof-16\">\u2013 Aivan tyhj\u00e4st\u00e4 ilmestyi Yhdysvaltain uusi presidentillinen erityisl\u00e4hettil\u00e4s, joka on omien sanojensa mukaan saanut teht\u00e4v\u00e4kseen Gr\u00f6nlannin valtaamisen. T\u00e4t\u00e4 on tietenkin t\u00e4ysin mahdotonta hyv\u00e4ksy\u00e4, Rasmussen sanoi Tanskan TV2:n haastattelussa.<\/p>\n<p class=\"article-body mb-nof-24 px-nof-16\">H\u00e4n viittasi Landryn kommenttiin, jossa t\u00e4m\u00e4 kertoi teht\u00e4v\u00e4ns\u00e4 tavoitteeksi Gr\u00f6lannin liitt\u00e4misen osaksi Yhdysvaltoja.<\/p>\n","protected":false},"excerpt":{"rendered":"Trumpin mukaan liittolaismaa Tanskan itsehallintoalue on olennainen Yhdysvaltojen kansalliselle turvallisuudelle. Yhdysvaltain presidentti Donald Trump vahvisti maanantaina, ett\u00e4 Yhdysvaltojen&hellip;\n","protected":false},"author":2,"featured_media":123818,"comment_status":"","ping_status":"","sticky":false,"template":"","format":"standard","meta":{"footnotes":""},"categories":[14],"tags":[22,23,26,27,33,31,30,17,34,24,25,28,29,15,18,21,32,19,20,56,16,59,60,61],"class_list":{"0":"post-123817","1":"post","2":"type-post","3":"status-publish","4":"format-standard","5":"has-post-thumbnail","7":"category-ulkomaat","8":"tag-breaking-news","9":"tag-breakingnews","10":"tag-featured-news","11":"tag-featurednews","12":"tag-fi","13":"tag-finland","14":"tag-finnish","15":"tag-headlines","16":"tag-ilta-sanomat","17":"tag-latest-news","18":"tag-latestnews","19":"tag-main-news","20":"tag-mainnews","21":"tag-news","22":"tag-otsikot","23":"tag-paauutiset","24":"tag-suomi","25":"tag-top-stories","26":"tag-topstories","27":"tag-ulkomaat","28":"tag-uutiset","29":"tag-world","30":"tag-world-news","31":"tag-worldnews"},"share_on_mastodon":{"url":"https:\/\/pubeurope.com\/@fi\/115767733404451903","error":""},"_links":{"self":[{"href":"https:\/\/www.europesays.com\/fi\/wp-json\/wp\/v2\/posts\/123817","targetHints":{"allow":["GET"]}}],"collection":[{"href":"https:\/\/www.europesays.com\/fi\/wp-json\/wp\/v2\/posts"}],"about":[{"href":"https:\/\/www.europesays.com\/fi\/wp-json\/wp\/v2\/types\/post"}],"author":[{"embeddable":true,"href":"https:\/\/www.europesays.com\/fi\/wp-json\/wp\/v2\/users\/2"}],"replies":[{"embeddable":true,"href":"https:\/\/www.europesays.com\/fi\/wp-json\/wp\/v2\/comments?post=123817"}],"version-history":[{"count":0,"href":"https:\/\/www.europesays.com\/fi\/wp-json\/wp\/v2\/posts\/123817\/revisions"}],"wp:featuredmedia":[{"embeddable":true,"href":"https:\/\/www.europesays.com\/fi\/wp-json\/wp\/v2\/media\/123818"}],"wp:attachment":[{"href":"https:\/\/www.europesays.com\/fi\/wp-json\/wp\/v2\/media?parent=123817"}],"wp:term":[{"taxonomy":"category","embeddable":true,"href":"https:\/\/www.europesays.com\/fi\/wp-json\/wp\/v2\/categories?post=123817"},{"taxonomy":"post_tag","embeddable":true,"href":"https:\/\/www.europesays.com\/fi\/wp-json\/wp\/v2\/tags?post=123817"}],"curies":[{"name":"wp","href":"https:\/\/api.w.org\/{rel}","templated":true}]}}