{"id":123823,"date":"2025-12-23T07:47:33","date_gmt":"2025-12-23T07:47:33","guid":{"rendered":"https:\/\/www.europesays.com\/fi\/123823\/"},"modified":"2025-12-23T07:47:33","modified_gmt":"2025-12-23T07:47:33","slug":"laakinnalliset-laitteet-md-tyoryhma-lokakuu","status":"publish","type":"post","link":"https:\/\/www.europesays.com\/fi\/123823\/","title":{"rendered":"L\u00e4\u00e4kinn\u00e4lliset laitteet (MD) -ty\u00f6ryhm\u00e4 lokakuu"},"content":{"rendered":"<p>\t\t\t\t\t  \t\t\t\t\t\t\t\t\t\t    Tapahtuman tiedot    Tapahtuman tiedot  Ajankohta <\/p>\n<p>28.10.2025 at 13:30 &#8211; 16:00<\/p>\n<p>           <img loading=\"lazy\" decoding=\"async\" width=\"968\" height=\"507\" src=\"https:\/\/www.europesays.com\/fi\/wp-content\/uploads\/2025\/12\/MD-lokakuu-968x507.png\" class=\"attachment-large size-large wp-post-image\" alt=\"L\u00e4\u00e4kinn\u00e4lliset laitteet -ty\u00f6ryhm\u00e4 lokakuu\"\/><br \/>\n28.10.2025 Taso 1: Verifiointi ja validointi \u200b<\/p>\n<p>13:30 Avataan Teams<br \/>13:30-13:45 Kokouksen avaus \/ <strong>Satu P\u00e4iv\u00e4l\u00e4ine<\/strong>n, Innokas<br \/>13:45-14:30 verifiointi ja validointi \/ <strong>Leena Kuukasj\u00e4rvi<\/strong>, Innokas \u200b<br \/>14:30-14:45 Tauko\u200b<br \/>14:45-15:30 From Simulation to Submission: Establishing Robust Clinical Evidence for AI Medical Device Software \/ <strong>Daniel Mork Engen<\/strong>, Augere Medical<br \/>15:30-16:00 EU-hankkeiden yhteisty\u00f6mahdollisuudet yrityksille \/ <strong>Sylvia Syv\u00e4nen,<\/strong> Clinipower Finland Oy<\/p>\n<p>16:00 Tapaaminen p\u00e4\u00e4ttyy<\/p>\n<p>Ilmoitathan paikalla osallistumisestasi (paivi.ahlgren (at) teknologiateollisuus.fi), jotta osaamme ilmoittaa oikean m\u00e4\u00e4r\u00e4n osallistujia Neuvottelukeskukselle. <\/p>\n<p>Ty\u00f6ryhm\u00e4n osallistujat voivat ehdottaa aiheita tai puhujia suoraa Terveysteknologia ry:n yhteyshenkil\u00f6ille tai ty\u00f6ryhm\u00e4n puheenjohtajalle. <\/p>\n<p>S\u00e4\u00e4d\u00f6sty\u00f6ryhm\u00e4t ovat avoimia ja maksuttomia j\u00e4senyritysten kaikille ty\u00f6ntekij\u00f6ille. Ryhmiin osallistuminen ei edellyt\u00e4 etuk\u00e4teisvalmistautumista eik\u00e4 niiss\u00e4 anneta kotiteht\u00e4vi\u00e4. Keskustelu on vapaamuotoista ja ajatuksia voidaan vaihtaa matalalla kynnyksell\u00e4.<\/p>\n<p>Ty\u00f6ryhm\u00e4t j\u00e4rjestet\u00e4\u00e4n aina hybridin\u00e4, osallistua voi paikalla Etel\u00e4ranta 10, Helsingiss\u00e4 tai et\u00e4n\u00e4 Teamsin kautta. J\u00e4rjest\u00e4mme toisinaan tapaamisia my\u00f6s muissa kaupungeissa, kuin Helsingiss\u00e4. N\u00e4iden tapaamisten j\u00e4rjestelyiss\u00e4 ovat j\u00e4senyrityksemme suuressa roolissa.<\/p>\n<p>Erilliset kalenterikutsut sek\u00e4 osallistumislinkit l\u00e4hetet\u00e4\u00e4n jokaiselle ty\u00f6ryhmien postituslistoille ilmoittautuneelle henkil\u00f6lle.\u00a0Osallistumislinkit on tallennettu lis\u00e4ksi j\u00e4sensivustollemme. J\u00e4senyritystemme henkil\u00f6st\u00f6 saa rajoituksetta osallistua ty\u00f6ryhmiin ilmoittautumalla n\u00e4ist\u00e4 joko yhteen tai useampaan.\u00a0<\/p>\n<p><img loading=\"lazy\" decoding=\"async\" width=\"968\" height=\"232\" src=\"https:\/\/www.europesays.com\/fi\/wp-content\/uploads\/2025\/12\/HealthtechFi-1-968x232.png\" alt=\"HealthtechFi logo\" class=\"wp-image-4315\"  \/><\/p>\n","protected":false},"excerpt":{"rendered":"Tapahtuman tiedot Tapahtuman tiedot Ajankohta 28.10.2025 at 13:30 &#8211; 16:00 28.10.2025 Taso 1: Verifiointi ja validointi \u200b 13:30&hellip;\n","protected":false},"author":2,"featured_media":123824,"comment_status":"","ping_status":"","sticky":false,"template":"","format":"standard","meta":{"footnotes":""},"categories":[86],"tags":[420,33,31,30,421,32,91,92],"class_list":{"0":"post-123823","1":"post","2":"type-post","3":"status-publish","4":"format-standard","5":"has-post-thumbnail","7":"category-laitteet","8":"tag-equipment","9":"tag-fi","10":"tag-finland","11":"tag-finnish","12":"tag-laitteet","13":"tag-suomi","14":"tag-technology","15":"tag-teknologia"},"share_on_mastodon":{"url":"https:\/\/pubeurope.com\/@fi\/115767780867394741","error":""},"_links":{"self":[{"href":"https:\/\/www.europesays.com\/fi\/wp-json\/wp\/v2\/posts\/123823","targetHints":{"allow":["GET"]}}],"collection":[{"href":"https:\/\/www.europesays.com\/fi\/wp-json\/wp\/v2\/posts"}],"about":[{"href":"https:\/\/www.europesays.com\/fi\/wp-json\/wp\/v2\/types\/post"}],"author":[{"embeddable":true,"href":"https:\/\/www.europesays.com\/fi\/wp-json\/wp\/v2\/users\/2"}],"replies":[{"embeddable":true,"href":"https:\/\/www.europesays.com\/fi\/wp-json\/wp\/v2\/comments?post=123823"}],"version-history":[{"count":0,"href":"https:\/\/www.europesays.com\/fi\/wp-json\/wp\/v2\/posts\/123823\/revisions"}],"wp:featuredmedia":[{"embeddable":true,"href":"https:\/\/www.europesays.com\/fi\/wp-json\/wp\/v2\/media\/123824"}],"wp:attachment":[{"href":"https:\/\/www.europesays.com\/fi\/wp-json\/wp\/v2\/media?parent=123823"}],"wp:term":[{"taxonomy":"category","embeddable":true,"href":"https:\/\/www.europesays.com\/fi\/wp-json\/wp\/v2\/categories?post=123823"},{"taxonomy":"post_tag","embeddable":true,"href":"https:\/\/www.europesays.com\/fi\/wp-json\/wp\/v2\/tags?post=123823"}],"curies":[{"name":"wp","href":"https:\/\/api.w.org\/{rel}","templated":true}]}}