{"id":123827,"date":"2025-12-23T07:49:08","date_gmt":"2025-12-23T07:49:08","guid":{"rendered":"https:\/\/www.europesays.com\/fi\/123827\/"},"modified":"2025-12-23T07:49:08","modified_gmt":"2025-12-23T07:49:08","slug":"janne-kataja-nain-rakkaustarina-alkoi","status":"publish","type":"post","link":"https:\/\/www.europesays.com\/fi\/123827\/","title":{"rendered":"Janne Kataja: n\u00e4in rakkaustarina alkoi"},"content":{"rendered":"<p>\n            20250115, Helsinki. MTV Uskoisitko? -pressi. Kuvassa Janne Kataja.<br \/>\n            Timo Korhonen\n        <\/p>\n<p class=\"subtitle \">Kaksikon rakkaustarina alkoi hyvin yll\u00e4tt\u00e4v\u00e4ll\u00e4 tavalla.<\/p>\n<p class=\"article-content article-content-width !bg-background\">N\u00e4yttelij\u00e4-juontaja , 45, on kolmen lapsen is\u00e4.<\/p>\n<p class=\"font-weight-bold m-font-weight-bold article-content article-content-width !bg-background\">Katso video \u2013 Krisse Salminen jakaa hauskan tarinan junamatkastaan:<\/p>\n<p>Nallekarhumainen olemus hurmasi<\/p>\n<p class=\"article-content article-content-width !bg-background\">Janne erosi vuonna 2018 kahden teini-ik\u00e4isen tytt\u00e4rens\u00e4 \u00e4idist\u00e4. Nykyisen puolisonsa , joka on my\u00f6s pariskunnan vuoden ik\u00e4isen lapsen \u00e4iti, Janne tapasi vuonna 2022.<\/p>\n<p class=\"article-content article-content-width !bg-background\"><a href=\"https:\/\/www.is.fi\/menaiset\/ihmiset-ja-suhteet\/art-2000011623270.html\" target=\"_blank\" rel=\"nofollow noopener\">Janne ja Krista kertovat Me Naisille antamassaan yhteishaastattelussa, kuinka kaksikon rakkaustarina sai alkunsa<\/a>.<\/p>\n<p class=\"article-content article-content-width !bg-background\">Syksyll\u00e4 2022 sek\u00e4 Jannen ett\u00e4 Kristan puhelimeen kilahti viesti osumasta deittisovellus Tinderiss\u00e4.\u00a0<\/p>\n<p>        <a itemprop=\"url\" href=\"https:\/\/www.seiska.fi\/katso\/amazing-race-kilpailijoilta-paljastuksia-kulissien-takaa-paljonpuhuva-kuva\/2022519\" rel=\"nofollow noopener\" target=\"_blank\"><\/p>\n<p>\nT\u00e4t\u00e4 et n\u00e4hnyt tv:ss\u00e4!\n<\/p>\n<p class=\"section-date\">\n        <strong class=\"article-section\" data-section=\"katso\"><br \/>\n            katso<br \/>\n        <\/strong><br \/>\n        17.12. 11:15\n    <\/p>\n<p>Amazing Race -kilpailijoilta paljastuksia kulissien takaa: Paljonpuhuva kuva\n    <\/p>\n<p itemprop=\"description\" class=\"subtitle \">\n    Tuomas Peltom\u00e4ki tunnustaa p\u00e4\u00e4hinevarkauden ja Karoliina Tuominen poseeraa toplessina.\n<\/p>\n<p>        <\/a><\/p>\n<p class=\"article-content article-content-width !bg-background\">Harvakseltaan deittisovellusta k\u00e4ytt\u00e4v\u00e4 Janne huomasi sovelluksena sijaintirajoituksen rajaavan etsinn\u00e4n parin kilometrin s\u00e4teelle, ja ainoaksi ehdokkaaksi j\u00e4i Krista, jonka profiilissa ei ollut edes kasvokuvaa.<\/p>\n<p class=\"article-content article-content-width !bg-background\">\u2013\u00a0Ajattelin, ett\u00e4 t\u00e4m\u00e4 on hauska juttu, pyyd\u00e4np\u00e4s h\u00e4net meille kahville, koska kyseess\u00e4 olisi varmasti joku tuttuni, Janne kertoo Me Naisille.<\/p>\n<p class=\"article-content article-content-width !bg-background\">\u2013\u00a0Min\u00e4 taas mietin, ett\u00e4 Janne n\u00e4ytt\u00e4\u00e4 mukavalta ja nallekarhumaiselta. Sellaiselta, jonka viereen olisi kiva k\u00e4perty\u00e4, Krista paljastaa haastattelussa.<\/p>\n<p class=\"article-content article-content-width !bg-background\">Kaksikolla synkkasi heti ensitapaamisesta l\u00e4htien.<\/p>\n<p>Pitk\u00e4 ura viihteen monitoimimiehen\u00e4<\/p>\n<p class=\"article-content article-content-width !bg-background\">Janne nousi suuren yleis\u00f6n tietoisuuteen vuonna 2007 juontaessaan Idols Extraa.\u00a0<\/p>\n<p class=\"article-content article-content-width !bg-background\">\u2013\u00a0Minun piti kehitell\u00e4 ohjelmaan jokin oma juttu, joten p\u00e4\u00e4tin turvautua kehitt\u00e4m\u00e4\u00e4ni pingviinitanssiin. Ajattelin, ett\u00e4 se sopisi my\u00f6s\u00a0Idols Extran\u00a0-l\u00e4hetyksiin, Janne kertoi Loppuunmyyty \u2013 Janne Kataja\u00a0-muistelmateoksessaan.<\/p>\n<p class=\"article-content article-content-width !bg-background\">Koko Suomen hauskuuttajana nykyisin tunnetun Jannen pingviinitanssi nousi ilmi\u00f6ksi ja teki h\u00e4nest\u00e4 suomalaisen television vakiokasvon.<\/p>\n<p class=\"article-content article-content-width !bg-background\">Viime vuosina Janne on ollut suurelle yleis\u00f6lle tuttu etenkin koko perheen Masked Singer Suomi -ohjelman etsiv\u00e4n\u00e4.<\/p>\n<p>        <a itemprop=\"url\" href=\"https:\/\/www.seiska.fi\/katso\/masked-singer-voittaja-sebastian-rejmanilta-paljastus-salassapitorikkomuksesta\/2001748\" rel=\"nofollow noopener\" target=\"_blank\"><\/p>\n<p>\nMasked Singer Suomi\n<\/p>\n<p class=\"section-date\">\n        <strong class=\"article-section\" data-section=\"katso\"><br \/>\n            katso<br \/>\n        <\/strong><br \/>\n        24.11. 11:20\n    <\/p>\n<p>Masked Singer -voittaja Sebastian Rejmanilta paljastus salassapitorikkomuksesta\n    <\/p>\n<p itemprop=\"description\" class=\"subtitle \">\n    Pierumies eli Sebastian Rejman pokkasi voiton Masked Singer Suomessa. H\u00e4n kertoo Huomenta Suomen haastattelussa, miten sai s\u00e4ilytetty\u00e4 salaisuuden lapsiltaan.\n<\/p>\n<p>        <\/a><\/p>\n<p class=\"article-content article-content-width !bg-background\">Jannen el\u00e4m\u00e4ss\u00e4 on ollut my\u00f6s taloushaasteita. H\u00e4n oli yksi konkurssiin hakeutuneen Hihhihhii Oy -tuotantoyhti\u00f6n osakkaista. Konkurssin seurauksena p\u00e4\u00e4ttyi my\u00f6s Jannen luotsaaman Pienen lelukaupan yritystoiminta.\u00a0<\/p>\n<p class=\"article-content article-content-width !bg-background\">Jannen yhti\u00f6kumppanina oli h\u00e4nen yst\u00e4v\u00e4ns\u00e4 ja n\u00e4yttelij\u00e4kollegansa <\/p>\n<p>        <a itemprop=\"url\" href=\"https:\/\/www.seiska.fi\/katso\/kultainen-venla-ehdokkuudet-julki-yksi-suosikki-puuttuu\/1998406\" rel=\"nofollow noopener\" target=\"_blank\"><\/p>\n<p>\nVenla-ehdokkuudet julki\n<\/p>\n<p class=\"section-date\">\n        <strong class=\"article-section\" data-section=\"katso\"><br \/>\n            katso<br \/>\n        <\/strong><br \/>\n        20.11. 11:39\n    <\/p>\n<p>Kultainen Venla -ehdokkuudet julki \u2013 yksi suosikki puuttuu\n    <\/p>\n<p itemprop=\"description\" class=\"subtitle \">\n    Kultainen Venla -ehdokkuuksien short list on julkaistu.\n<\/p>\n<p>        <\/a><\/p>\n","protected":false},"excerpt":{"rendered":"20250115, Helsinki. MTV Uskoisitko? -pressi. Kuvassa Janne Kataja. Timo Korhonen Kaksikon rakkaustarina alkoi hyvin yll\u00e4tt\u00e4v\u00e4ll\u00e4 tavalla. N\u00e4yttelij\u00e4-juontaja ,&hellip;\n","protected":false},"author":2,"featured_media":123828,"comment_status":"","ping_status":"","sticky":false,"template":"","format":"standard","meta":{"footnotes":""},"categories":[136],"tags":[407,10580,137,33,31,30,2366,408,22134,1876,3151,32,16833,109],"class_list":{"0":"post-123827","1":"post","2":"type-post","3":"status-publish","4":"format-standard","5":"has-post-thumbnail","7":"category-julkkikset","8":"tag-celebrities","9":"tag-deittisovellus","10":"tag-entertainment","11":"tag-fi","12":"tag-finland","13":"tag-finnish","14":"tag-janne-kataja","15":"tag-julkkikset","16":"tag-krista","17":"tag-masked-singer-suomi","18":"tag-rakkaustarina","19":"tag-suomi","20":"tag-tinder","21":"tag-viihde"},"share_on_mastodon":{"url":"https:\/\/pubeurope.com\/@fi\/115767788407091776","error":""},"_links":{"self":[{"href":"https:\/\/www.europesays.com\/fi\/wp-json\/wp\/v2\/posts\/123827","targetHints":{"allow":["GET"]}}],"collection":[{"href":"https:\/\/www.europesays.com\/fi\/wp-json\/wp\/v2\/posts"}],"about":[{"href":"https:\/\/www.europesays.com\/fi\/wp-json\/wp\/v2\/types\/post"}],"author":[{"embeddable":true,"href":"https:\/\/www.europesays.com\/fi\/wp-json\/wp\/v2\/users\/2"}],"replies":[{"embeddable":true,"href":"https:\/\/www.europesays.com\/fi\/wp-json\/wp\/v2\/comments?post=123827"}],"version-history":[{"count":0,"href":"https:\/\/www.europesays.com\/fi\/wp-json\/wp\/v2\/posts\/123827\/revisions"}],"wp:featuredmedia":[{"embeddable":true,"href":"https:\/\/www.europesays.com\/fi\/wp-json\/wp\/v2\/media\/123828"}],"wp:attachment":[{"href":"https:\/\/www.europesays.com\/fi\/wp-json\/wp\/v2\/media?parent=123827"}],"wp:term":[{"taxonomy":"category","embeddable":true,"href":"https:\/\/www.europesays.com\/fi\/wp-json\/wp\/v2\/categories?post=123827"},{"taxonomy":"post_tag","embeddable":true,"href":"https:\/\/www.europesays.com\/fi\/wp-json\/wp\/v2\/tags?post=123827"}],"curies":[{"name":"wp","href":"https:\/\/api.w.org\/{rel}","templated":true}]}}