{"id":123842,"date":"2025-12-23T08:02:12","date_gmt":"2025-12-23T08:02:12","guid":{"rendered":"https:\/\/www.europesays.com\/fi\/123842\/"},"modified":"2025-12-23T08:02:12","modified_gmt":"2025-12-23T08:02:12","slug":"harrastushulinat-palokassa-tule-kokeilemaan-ja-loytamaan-oma-lajisi","status":"publish","type":"post","link":"https:\/\/www.europesays.com\/fi\/123842\/","title":{"rendered":"HarrastusHulinat Palokassa &#8211; tule kokeilemaan ja l\u00f6yt\u00e4m\u00e4\u00e4n oma lajisi!"},"content":{"rendered":"<p>HarrastusHulinat-tapahtuma tarjoaa hauskaa ja liikunnallista tekemist\u00e4 peruskouluik\u00e4isille jyv\u00e4skyl\u00e4l\u00e4isille lapsille ja nuorille. Tapahtumassa p\u00e4\u00e4see kokeilemaan eri voimistelulajeja, lentopalloa, salibandy\u00e4, pehmomiekkailua ja yleisurheilua.<\/p>\n<p>Osallistujat p\u00e4\u00e4sev\u00e4t kiert\u00e4m\u00e4\u00e4n kahden tunnin aikana Palokan voimisteluhallissa pidett\u00e4vi\u00e4 lajipisteit\u00e4, jotka aloittavat toimintansa tasatunnein ja puolelta. Aloittelijoille sopivilla lajipisteill\u00e4 p\u00e4\u00e4see ohjatusti testaamaan lajia 20 minuutin ajan ja kokemaan mink\u00e4laista lajin harrastaminen oikeasti on. Kaupungin harrastusohjaajat ovat my\u00f6s paikalla auttamassa osallistujia sopivan harrastuksen l\u00f6yt\u00e4misess\u00e4. Kaikille avoimeen ja maksuttomaan HarrastusHulinat-tapahtumaan suositellaan varautumaan liikunnallisella vaatetuksella ja jalkineilla.\u00a0<\/p>\n<p>Mukana olevat toimijat esittelev\u00e4t samalla alkuvuodesta k\u00e4ynnistyvi\u00e4 HarrastusStartti -ryhmi\u00e4. N\u00e4m\u00e4 ryhm\u00e4t ovat edullisia, matalan kynnyksen harrastusryhmi\u00e4, joiden kautta on helppoa aloittaa liikuntaharrastus ja p\u00e4\u00e4st\u00e4 mukaan seurojen harrastustoimintaan. Ilmoittautuminen jyv\u00e4skyl\u00e4l\u00e4isten liikunta- ja urheiluseurojen kanssa yhteisty\u00f6ss\u00e4 j\u00e4rjestett\u00e4viin 20 HarrastusStartti-ryhm\u00e4\u00e4n on k\u00e4ynniss\u00e4. Ryhmien tarkemmat tiedot ja ilmoittautumisohjeet l\u00f6ytyv\u00e4t <a href=\"https:\/\/www.jyvaskyla.fi\/liikunta\/ohjattu-liikunta\/lasten-ja-nuorten-liikunta\/harrastusstartti\" data-entity-type=\"node\" data-entity-uuid=\"9df579c7-ccfd-477a-af60-5ff407203d2e\" data-entity-substitution=\"canonical\" rel=\"nofollow noopener\" target=\"_blank\"><strong>HarrastusStartti-verkkosivuilta<\/strong><\/a>.<\/p>\n<p>HarrastusHulinat-tapahtuman j\u00e4rjest\u00e4\u00e4 Jyv\u00e4skyl\u00e4n kaupungin liikuntapalvelut yhdess\u00e4 tapahtumassa mukana olevien liikunta- ja urheiluseurojen kanssa. Tapahtumassa ovat mukana: Jyv\u00e4skyl\u00e4n Kentt\u00e4urheilijat ry, Jyv\u00e4skyl\u00e4n Tanssi- ja Naisvoimisteluseura ry, Jyv\u00e4sLentis ry, Keski-Suomen Pehmomiekkailijat ry (Jyv\u00e4smiekka), O2-Jyv\u00e4skyl\u00e4 ry, Palokan Ilo ry sek\u00e4 Tanssi- ja voimisteluseura Illusion ry.<\/p>\n<p>Palokassa j\u00e4rjestett\u00e4v\u00e4t HarrastusHulinat-tapahtuma on osa Harrastuspolku seuratoimintaan -hanketta, joka saanut on rahoitusavustuksen Opetus- ja kulttuuriministeri\u00f6n Suomi liikkeelle -ohjelman kehitt\u00e4misavustuksesta.\u00a0<\/p>\n<p>\u00a0<\/p>\n<p><strong>Lis\u00e4tietoja: \u00a0\u00a0<\/strong><\/p>\n<p>-liikuntasuunnittelija Heli Sohkanen, p. 050 381 9560, heli.sohkanen[a]jyvaskyla.fi\u00a0<\/p>\n","protected":false},"excerpt":{"rendered":"HarrastusHulinat-tapahtuma tarjoaa hauskaa ja liikunnallista tekemist\u00e4 peruskouluik\u00e4isille jyv\u00e4skyl\u00e4l\u00e4isille lapsille ja nuorille. Tapahtumassa p\u00e4\u00e4see kokeilemaan eri voimistelulajeja, lentopalloa, salibandy\u00e4,&hellip;\n","protected":false},"author":2,"featured_media":123843,"comment_status":"","ping_status":"","sticky":false,"template":"","format":"standard","meta":{"footnotes":""},"categories":[12],"tags":[22,23,26,27,33,31,30,17,24,25,28,29,15,18,21,32,19,20,16],"class_list":{"0":"post-123842","1":"post","2":"type-post","3":"status-publish","4":"format-standard","5":"has-post-thumbnail","7":"category-suomi","8":"tag-breaking-news","9":"tag-breakingnews","10":"tag-featured-news","11":"tag-featurednews","12":"tag-fi","13":"tag-finland","14":"tag-finnish","15":"tag-headlines","16":"tag-latest-news","17":"tag-latestnews","18":"tag-main-news","19":"tag-mainnews","20":"tag-news","21":"tag-otsikot","22":"tag-paauutiset","23":"tag-suomi","24":"tag-top-stories","25":"tag-topstories","26":"tag-uutiset"},"share_on_mastodon":{"url":"https:\/\/pubeurope.com\/@fi\/115767839643639858","error":""},"_links":{"self":[{"href":"https:\/\/www.europesays.com\/fi\/wp-json\/wp\/v2\/posts\/123842","targetHints":{"allow":["GET"]}}],"collection":[{"href":"https:\/\/www.europesays.com\/fi\/wp-json\/wp\/v2\/posts"}],"about":[{"href":"https:\/\/www.europesays.com\/fi\/wp-json\/wp\/v2\/types\/post"}],"author":[{"embeddable":true,"href":"https:\/\/www.europesays.com\/fi\/wp-json\/wp\/v2\/users\/2"}],"replies":[{"embeddable":true,"href":"https:\/\/www.europesays.com\/fi\/wp-json\/wp\/v2\/comments?post=123842"}],"version-history":[{"count":0,"href":"https:\/\/www.europesays.com\/fi\/wp-json\/wp\/v2\/posts\/123842\/revisions"}],"wp:featuredmedia":[{"embeddable":true,"href":"https:\/\/www.europesays.com\/fi\/wp-json\/wp\/v2\/media\/123843"}],"wp:attachment":[{"href":"https:\/\/www.europesays.com\/fi\/wp-json\/wp\/v2\/media?parent=123842"}],"wp:term":[{"taxonomy":"category","embeddable":true,"href":"https:\/\/www.europesays.com\/fi\/wp-json\/wp\/v2\/categories?post=123842"},{"taxonomy":"post_tag","embeddable":true,"href":"https:\/\/www.europesays.com\/fi\/wp-json\/wp\/v2\/tags?post=123842"}],"curies":[{"name":"wp","href":"https:\/\/api.w.org\/{rel}","templated":true}]}}