{"id":123850,"date":"2025-12-23T08:15:10","date_gmt":"2025-12-23T08:15:10","guid":{"rendered":"https:\/\/www.europesays.com\/fi\/123850\/"},"modified":"2025-12-23T08:15:10","modified_gmt":"2025-12-23T08:15:10","slug":"eveliina-uosukainen-menee-naimisiin-nain-joni-rakas-kosi-kultaansa","status":"publish","type":"post","link":"https:\/\/www.europesays.com\/fi\/123850\/","title":{"rendered":"Eveliina Uosukainen menee naimisiin! N\u00e4in Joni-rakas kosi kultaansa"},"content":{"rendered":"<p>            Timo Korhonen\n        <\/p>\n<p class=\"subtitle \">Joni laskeutui yhden polven varaan hyyt\u00e4viss\u00e4 maisemissa.<\/p>\n<p class=\"article-content article-content-width !bg-background\">Hyvinvointivaikuttaja , 29, on mennyt -rakkaansa kanssa kihloihin. Asia selvi\u00e4\u00e4 pariskunnan somekanavilta.<\/p>\n<p class=\"font-weight-bold m-font-weight-bold article-content article-content-width !bg-background\">Eveliina ja Joni kertovat Seiskalle ensitapaamisestaan:<\/p>\n<p class=\"article-content article-content-width !bg-background\">Eveliina ja Joni viett\u00e4v\u00e4t parhaillaan aikaa Lapissa. Matkalla onkin tapahtunut varsin romanttinen hetki Jonin toimesta. Pariskunta julkaisi maanantaina (22.12.) Instagram-kanavilleen videon, jossa Joni polvistuu rakkaansa eteen talvisessa tunturimaisemassa.<\/p>\n<p class=\"article-content article-content-width !bg-background\">\u2013 Meid\u00e4n toiminnan t\u00e4yteinen ja vaihderikas vuosi sai parhaan mahdollisen p\u00e4\u00e4t\u00f6ksen, kun mun pitk\u00e4\u00e4n hautunut ajatus kosia Eve\u00e4 vihdoinkin tapahtui ja sain my\u00f6nt\u00e4v\u00e4n vastauksen! Joni kirjoittaa iloisena.<\/p>\n<p>        <a itemprop=\"url\" href=\"https:\/\/www.seiska.fi\/kotimaa\/vau-eveliina-uosukainen-hehkuu-raskausonnea-kuvat\/2023321\" rel=\"nofollow noopener\" target=\"_blank\"><\/p>\n<p>\nKuvat!\n<\/p>\n<p class=\"section-date\">\n        <strong class=\"article-section\" data-section=\"kotimaa\"><br \/>\n            kotimaa<br \/>\n        <\/strong><br \/>\n        16.12. 15:27\n    <\/p>\n<p>Vau! Eveliina Uosukainen hehkuu raskausonnea \u2013 kuvat\n    <\/p>\n<p itemprop=\"description\" class=\"subtitle \">\n    Esikoistaan odottava Eveliina s\u00e4v\u00e4ytt\u00e4\u00e4 treenivideoillaan.\n<\/p>\n<p>        <\/a><\/p>\n<p class=\"article-content article-content-width !bg-background\">Joni esitt\u00e4\u00e4 videolla kysymyksens\u00e4, jonka j\u00e4lkeen Eve sy\u00f6ksyy suutelemaan rakastaan. Videolla esitell\u00e4\u00e4n my\u00f6s kihlasormusta, jonka Joni on hankkinut rakkaalleen yhteisty\u00f6n\u00e4 Malmin korupajan kanssa.<\/p>\n<p class=\"article-content article-content-width !bg-background\">\u2013 Halusin Evelle jotain mik\u00e4 sopisi hyvin Even s\u00e4ihkyv\u00e4\u00e4n ja energiseen luonteeseen, joten l\u00e4hdin yhteisty\u00f6ss\u00e4 Malmin Korupajan kanssa suunnittelemaan sormusta, jota ei tule vastaan toista samanlaista (sormus-emoji) Siin\u00e4 onnistuttiin ja sormuksesta tuli viel\u00e4 paljon kauniimpi, kun mit\u00e4 osasin edes toivoa.<\/p>\n<p>        <a itemprop=\"url\" href=\"https:\/\/www.seiska.fi\/terveys\/raskaana-oleva-eveliina-uosukainen-avoimena-kaipaan-hoikkaa-kehoani\/1997910\" rel=\"nofollow noopener\" target=\"_blank\"><\/p>\n<p>\nEveliina Uosukainen avoimena\n<\/p>\n<p class=\"section-date\">\n        <strong class=\"article-section\" data-section=\"terveys\"><br \/>\n            terveys<br \/>\n        <\/strong><br \/>\n        19.11. 19:30\n    <\/p>\n<p>Raskaana oleva Eveliina Uosukainen avoimena: Kaipaan hoikkaa kehoani\n    <\/p>\n<p itemprop=\"description\" class=\"subtitle \">\n    Eve purkaa ajatuksiaan raskauden tuomista muutoksista kehossaan.\n<\/p>\n<p>        <\/a><\/p>\n<p>Unelmien sormus<\/p>\n<p class=\"article-content article-content-width !bg-background\">Joni runoilee, kuinka ihmiset odottavat tavallisesti lottovoittoa, mutta Even el\u00e4m\u00e4\u00e4n saatuaan h\u00e4n on jo voittaja.\u00a0<\/p>\n<p class=\"article-content article-content-width !bg-background\">My\u00f6s Eveliina intoilee kihlaustaan omassa Instagram-p\u00e4ivityksess\u00e4\u00e4n.<\/p>\n<p class=\"article-content article-content-width !bg-background\">\u2013 T\u00e4n\u00e4\u00e4n yksi unelm\u00e4 k\u00e4vi toteen, h\u00e4n kirjoittaa.<\/p>\n<p class=\"article-content article-content-width !bg-background\">\u2013 Ja mik\u00e4 unelmien sormus, Eve jatkaa.<\/p>\n<p>        <a itemprop=\"url\" href=\"https:\/\/www.seiska.fi\/kotimaa\/esikoistaan-odottava-eveliina-uosukainen-sai-koskettavan-yllatyksen\/1994568\" rel=\"nofollow noopener\" target=\"_blank\"><\/p>\n<p>\nL\u00e4hipiiri yll\u00e4tti\n<\/p>\n<p class=\"section-date\">\n        <strong class=\"article-section\" data-section=\"kotimaa\"><br \/>\n            kotimaa<br \/>\n        <\/strong><br \/>\n        17.11. 08:56\n    <\/p>\n<p>Esikoistaan odottava Eveliina Uosukainen sai koskettavan yll\u00e4tyksen\n    <\/p>\n<p itemprop=\"description\" class=\"subtitle \">\n    Esikoistaan odottava Eveliina on kertonut avoimesti lapsen saaneen alkunsa tv-kameroiden l\u00e4sn\u00e4 ollessa.\n<\/p>\n<p>        <\/a><\/p>\n<p class=\"article-content article-content-width !bg-background\">Eveliina ja Joni ovat pit\u00e4neet yht\u00e4 noin vuoden p\u00e4iv\u00e4t. Temptation Island Suomi -ohjelmasta alunperin tutuksi tullut Eveliina kertoi iloisesta rakkausuutisestaan ensimm\u00e4isen kerran helmikuussa.<\/p>\n<p class=\"article-content article-content-width !bg-background\">T\u00e4m\u00e4n j\u00e4lkeen kaksikko on n\u00e4ytt\u00e4ytynyt esimerkiksi Selviytyj\u00e4t Suomi -ohjelmassa, miss\u00e4 sai v\u00e4itetysti alkunsa my\u00f6s parin ensimm\u00e4inen yhteinen lapsi. Vauvan on tarkoitus synty\u00e4 maailmaan tammikuussa.<\/p>\n<p>        <a itemprop=\"url\" href=\"https:\/\/www.seiska.fi\/kotimaa\/jopas-nain-bile-daniin-yhdistetty-toimittajakaunotar-kommentoi-suhdetta-podcastissa\/1996938\" rel=\"nofollow noopener\" target=\"_blank\"><\/p>\n<p>\nBile-Danin uusi onni\n<\/p>\n<p class=\"section-date\">\n        <strong class=\"article-section\" data-section=\"kotimaa\"><br \/>\n            kotimaa<br \/>\n        <\/strong><br \/>\n        19.11. 17:00\n    <\/p>\n<p>Jopas! N\u00e4in Bile-Daniin yhdistetty toimittajakaunotar kommentoi suhdetta podcastissa\n    <\/p>\n<p itemprop=\"description\" class=\"subtitle \">\n    Seiska paljasti Daniel Lehtosen toimittajarakkaan.\n<\/p>\n<p>        <\/a><\/p>\n<p class=\"article-content article-content-width !bg-background\">Jonilla on lapsia my\u00f6s aiemmasta suhteestaan, joten pari on opetellut el\u00e4m\u00e4\u00e4n uusioperhearkea. T\u00e4ll\u00e4 hetkell\u00e4 perhe valmistautuu aloittamaan taloprojektin Espoossa. He kertoivat tekemist\u00e4\u00e4n tonttikaupoista viime viikolla.<\/p>\n","protected":false},"excerpt":{"rendered":"Timo Korhonen Joni laskeutui yhden polven varaan hyyt\u00e4viss\u00e4 maisemissa. Hyvinvointivaikuttaja , 29, on mennyt -rakkaansa kanssa kihloihin. Asia&hellip;\n","protected":false},"author":2,"featured_media":123851,"comment_status":"","ping_status":"","sticky":false,"template":"","format":"standard","meta":{"footnotes":""},"categories":[136],"tags":[407,137,2657,33,31,30,2656,408,5412,2423,22137,651,32,2929,4593,1461,109],"class_list":{"0":"post-123850","1":"post","2":"type-post","3":"status-publish","4":"format-standard","5":"has-post-thumbnail","7":"category-julkkikset","8":"tag-celebrities","9":"tag-entertainment","10":"tag-eveliina-uosukainen","11":"tag-fi","12":"tag-finland","13":"tag-finnish","14":"tag-joni-rintala","15":"tag-julkkikset","16":"tag-kihlat","17":"tag-kihlaus","18":"tag-malmin-korupaja","19":"tag-suhteet","20":"tag-suomi","21":"tag-temptation-island-suomi","22":"tag-uusioperhe","23":"tag-vauva","24":"tag-viihde"},"share_on_mastodon":{"url":"https:\/\/pubeurope.com\/@fi\/115767890619624296","error":""},"_links":{"self":[{"href":"https:\/\/www.europesays.com\/fi\/wp-json\/wp\/v2\/posts\/123850","targetHints":{"allow":["GET"]}}],"collection":[{"href":"https:\/\/www.europesays.com\/fi\/wp-json\/wp\/v2\/posts"}],"about":[{"href":"https:\/\/www.europesays.com\/fi\/wp-json\/wp\/v2\/types\/post"}],"author":[{"embeddable":true,"href":"https:\/\/www.europesays.com\/fi\/wp-json\/wp\/v2\/users\/2"}],"replies":[{"embeddable":true,"href":"https:\/\/www.europesays.com\/fi\/wp-json\/wp\/v2\/comments?post=123850"}],"version-history":[{"count":0,"href":"https:\/\/www.europesays.com\/fi\/wp-json\/wp\/v2\/posts\/123850\/revisions"}],"wp:featuredmedia":[{"embeddable":true,"href":"https:\/\/www.europesays.com\/fi\/wp-json\/wp\/v2\/media\/123851"}],"wp:attachment":[{"href":"https:\/\/www.europesays.com\/fi\/wp-json\/wp\/v2\/media?parent=123850"}],"wp:term":[{"taxonomy":"category","embeddable":true,"href":"https:\/\/www.europesays.com\/fi\/wp-json\/wp\/v2\/categories?post=123850"},{"taxonomy":"post_tag","embeddable":true,"href":"https:\/\/www.europesays.com\/fi\/wp-json\/wp\/v2\/tags?post=123850"}],"curies":[{"name":"wp","href":"https:\/\/api.w.org\/{rel}","templated":true}]}}