{"id":123856,"date":"2025-12-23T08:23:08","date_gmt":"2025-12-23T08:23:08","guid":{"rendered":"https:\/\/www.europesays.com\/fi\/123856\/"},"modified":"2025-12-23T08:23:08","modified_gmt":"2025-12-23T08:23:08","slug":"tapani-kansan-juhlakiertuetta-koskeva-riita-ratkesi","status":"publish","type":"post","link":"https:\/\/www.europesays.com\/fi\/123856\/","title":{"rendered":"Tapani Kansan juhlakiertuetta koskeva riita ratkesi"},"content":{"rendered":"<p>Tapani Kansan juhlakonsertit j\u00e4rjestettiin vuonna 2018, mutta tapaus ratkesi oikeudessa vasta nyt.<\/p>\n<p class=\"article-body mb-nof-24 px-nof-16\">Laulaja <a class=\"article-personlink\" href=\"https:\/\/www.is.fi\/haku\/?query=Tapani%20Kansan\" rel=\"nofollow noopener\" target=\"_blank\">Tapani Kansan<\/a> 50-vuotisjuhlakiertueseen liittynyt oikeuskiista on tullut p\u00e4\u00e4t\u00f6kseens\u00e4.<\/p>\n<p class=\"article-body mb-nof-24 px-nof-16\">Sotku koski kahta tapahtuma-alan yrityst\u00e4, Fantastico Music Oy:ta ja Fantastico Production Oy:ta, jotka riiteliv\u00e4t Tapani Kansan juhlakonsertin palkkiorahoista.<\/p>\n<p class=\"article-body mb-nof-24 px-nof-16\">Kansa teki vuoden 2018 kiertueen j\u00e4rjest\u00e4misest\u00e4 sopimuksen Fantastico Musicin kanssa, jolla oli kaksi tasaosaista omistajaa. Toinen omistajista, joka toimi yrityksen puheenjohtajana, perusti Fantastico Productionin ja teki Tapani Kansan yrityksen kanssa sopimuksen, jolla alkuper\u00e4inen Fantastico Musicin kanssa tehty sopimus siirtyi Fantastico Productionille.<\/p>\n<p class=\"article-body mb-nof-24 px-nof-16\">Tapani Kansan Kansanviihde Oy -niminen yritys oli sopimuksen mukaan velvollinen maksamaan tapahtumaj\u00e4rjest\u00e4j\u00e4lle 15 prosenttia kiertueen nettotuloista tai v\u00e4hint\u00e4\u00e4n 20\u202f000 euron palkkion ennen arvonlis\u00e4veroa. Kiertue oli tappiollinen ja dilemmaksi syntyi se, kumpi tapahtuma-alan yritys on oikeutettu palkkioihin.<\/p>\n<p class=\"article-body mb-nof-24 px-nof-16\">Ensin Fantastico Production nosti velkomuskanteen Kansanviihde Oy:ta vastaan vaatien 24\u202f8000 euron palkkiota maksettavaksi. Fantastico Music ly\u00f6tt\u00e4ytyi kiistaan mukaan esitt\u00e4en, ett\u00e4 palkkio tulisi maksaa sille.<\/p>\n<p class=\"article-body mb-nof-24 px-nof-16\">L\u00e4nsi-Uudenmaan k\u00e4r\u00e4j\u00e4oikeus linjasi toukokuussa, ett\u00e4 palkkio kuuluu Fantastico Musicille. K\u00e4r\u00e4j\u00e4oikeuden mukaan alkuper\u00e4isen sopimuksen siirto Fantastico Productionille oli \u201dosakeyhti\u00f6lain varojenjakos\u00e4\u00e4nn\u00f6sten vastainen ja siten p\u00e4tem\u00e4t\u00f6n\u201d.<\/p>\n<p class=\"article-body mb-nof-24 px-nof-16\">Fantastico Production haki tuomioon muutosta ylemm\u00e4lt\u00e4 oikeusasteelta. Hovioikeus on nyt linjannut, ettei k\u00e4r\u00e4j\u00e4oikeuden ratkaisun oikeellisuutta ole perusteita ep\u00e4ill\u00e4 valituksessa esitettyjen seikkojen perusteella. K\u00e4r\u00e4j\u00e4oikeuden antama tuomio j\u00e4\u00e4 siis voimaan.<\/p>\n<p class=\"article-body mb-nof-24 px-nof-16\">Fantastico Production joutuu korvaamaan Fantastico Musicille oikeudenk\u00e4yntikuluja 15\u202f844 euroa.<\/p>\n<p class=\"article-body mb-nof-24 px-nof-16\">Tapani Kansa kuoli maaliskuussa 2025 76-vuotiaana.<\/p>\n","protected":false},"excerpt":{"rendered":"Tapani Kansan juhlakonsertit j\u00e4rjestettiin vuonna 2018, mutta tapaus ratkesi oikeudessa vasta nyt. Laulaja Tapani Kansan 50-vuotisjuhlakiertueseen liittynyt oikeuskiista&hellip;\n","protected":false},"author":2,"featured_media":123857,"comment_status":"","ping_status":"","sticky":false,"template":"","format":"standard","meta":{"footnotes":""},"categories":[130],"tags":[137,33,31,30,34,32,109],"class_list":{"0":"post-123856","1":"post","2":"type-post","3":"status-publish","4":"format-standard","5":"has-post-thumbnail","7":"category-viihde","8":"tag-entertainment","9":"tag-fi","10":"tag-finland","11":"tag-finnish","12":"tag-ilta-sanomat","13":"tag-suomi","14":"tag-viihde"},"share_on_mastodon":{"url":"https:\/\/pubeurope.com\/@fi\/115767922025063458","error":""},"_links":{"self":[{"href":"https:\/\/www.europesays.com\/fi\/wp-json\/wp\/v2\/posts\/123856","targetHints":{"allow":["GET"]}}],"collection":[{"href":"https:\/\/www.europesays.com\/fi\/wp-json\/wp\/v2\/posts"}],"about":[{"href":"https:\/\/www.europesays.com\/fi\/wp-json\/wp\/v2\/types\/post"}],"author":[{"embeddable":true,"href":"https:\/\/www.europesays.com\/fi\/wp-json\/wp\/v2\/users\/2"}],"replies":[{"embeddable":true,"href":"https:\/\/www.europesays.com\/fi\/wp-json\/wp\/v2\/comments?post=123856"}],"version-history":[{"count":0,"href":"https:\/\/www.europesays.com\/fi\/wp-json\/wp\/v2\/posts\/123856\/revisions"}],"wp:featuredmedia":[{"embeddable":true,"href":"https:\/\/www.europesays.com\/fi\/wp-json\/wp\/v2\/media\/123857"}],"wp:attachment":[{"href":"https:\/\/www.europesays.com\/fi\/wp-json\/wp\/v2\/media?parent=123856"}],"wp:term":[{"taxonomy":"category","embeddable":true,"href":"https:\/\/www.europesays.com\/fi\/wp-json\/wp\/v2\/categories?post=123856"},{"taxonomy":"post_tag","embeddable":true,"href":"https:\/\/www.europesays.com\/fi\/wp-json\/wp\/v2\/tags?post=123856"}],"curies":[{"name":"wp","href":"https:\/\/api.w.org\/{rel}","templated":true}]}}