{"id":123858,"date":"2025-12-23T08:26:18","date_gmt":"2025-12-23T08:26:18","guid":{"rendered":"https:\/\/www.europesays.com\/fi\/123858\/"},"modified":"2025-12-23T08:26:18","modified_gmt":"2025-12-23T08:26:18","slug":"lukijoilta-arhakkaa-palautetta-sastamalan-koulukyytihankinnasta-nain-vastaa-sivistysjohtaja","status":"publish","type":"post","link":"https:\/\/www.europesays.com\/fi\/123858\/","title":{"rendered":"Lukijoilta \u00e4rh\u00e4kk\u00e4\u00e4 palautetta Sastamalan koulukyytihankinnasta \u2013 N\u00e4in vastaa sivistysjohtaja"},"content":{"rendered":"<p>Tyrv\u00e4\u00e4n Sanomien lukijat kommentoivat Sastamalan kaupungin koulukuljetushankintaa ahkerasti verkossa. Pyysimme vastauksia kommentteihin Sastamalan sivistysjohtajalta Pekka Karekselta.<\/p>\n<p class=\"article-body mb-nof-24 px-nof-16\">Sastamalan kaupungin koulukuljetusten kilpailutus her\u00e4tt\u00e4\u00e4 kipakkaa keskustelua ja h\u00e4mm\u00e4stely\u00e4 Tyrv\u00e4\u00e4n Sanomien verkossa.<\/p>\n<p class=\"article-body mb-nof-24 px-nof-16\">Keskustelu alkoi, kun Sastamalan sivistyslautakunta valitsi viime viikolla kilpailutuksen perusteella koulukuljetusten j\u00e4rjest\u00e4j\u00e4ksi liikenn\u00f6itsij\u00e4vetoisella mallilla vantaalaisen Hakija Kuljetukset oy:n vuosiksi 2026-2030.<\/p>\n","protected":false},"excerpt":{"rendered":"Tyrv\u00e4\u00e4n Sanomien lukijat kommentoivat Sastamalan kaupungin koulukuljetushankintaa ahkerasti verkossa. Pyysimme vastauksia kommentteihin Sastamalan sivistysjohtajalta Pekka Karekselta. Sastamalan kaupungin&hellip;\n","protected":false},"author":2,"featured_media":123859,"comment_status":"","ping_status":"","sticky":false,"template":"","format":"standard","meta":{"footnotes":""},"categories":[76],"tags":[79,77,33,31,30,32,78,3885],"class_list":{"0":"post-123858","1":"post","2":"type-post","3":"status-publish","4":"format-standard","5":"has-post-thumbnail","7":"category-talous","8":"tag-business","9":"tag-economy","10":"tag-fi","11":"tag-finland","12":"tag-finnish","13":"tag-suomi","14":"tag-talous","15":"tag-tyrvaan-sanomat"},"share_on_mastodon":{"url":"https:\/\/pubeurope.com\/@fi\/115767933960828821","error":""},"_links":{"self":[{"href":"https:\/\/www.europesays.com\/fi\/wp-json\/wp\/v2\/posts\/123858","targetHints":{"allow":["GET"]}}],"collection":[{"href":"https:\/\/www.europesays.com\/fi\/wp-json\/wp\/v2\/posts"}],"about":[{"href":"https:\/\/www.europesays.com\/fi\/wp-json\/wp\/v2\/types\/post"}],"author":[{"embeddable":true,"href":"https:\/\/www.europesays.com\/fi\/wp-json\/wp\/v2\/users\/2"}],"replies":[{"embeddable":true,"href":"https:\/\/www.europesays.com\/fi\/wp-json\/wp\/v2\/comments?post=123858"}],"version-history":[{"count":0,"href":"https:\/\/www.europesays.com\/fi\/wp-json\/wp\/v2\/posts\/123858\/revisions"}],"wp:featuredmedia":[{"embeddable":true,"href":"https:\/\/www.europesays.com\/fi\/wp-json\/wp\/v2\/media\/123859"}],"wp:attachment":[{"href":"https:\/\/www.europesays.com\/fi\/wp-json\/wp\/v2\/media?parent=123858"}],"wp:term":[{"taxonomy":"category","embeddable":true,"href":"https:\/\/www.europesays.com\/fi\/wp-json\/wp\/v2\/categories?post=123858"},{"taxonomy":"post_tag","embeddable":true,"href":"https:\/\/www.europesays.com\/fi\/wp-json\/wp\/v2\/tags?post=123858"}],"curies":[{"name":"wp","href":"https:\/\/api.w.org\/{rel}","templated":true}]}}