{"id":123861,"date":"2025-12-23T08:28:08","date_gmt":"2025-12-23T08:28:08","guid":{"rendered":"https:\/\/www.europesays.com\/fi\/123861\/"},"modified":"2025-12-23T08:28:08","modified_gmt":"2025-12-23T08:28:08","slug":"turvanasi-jouluna-tonttupolku-ja-puurojuhla-luovat-taianomaisia-hetkia-ikaihmisille","status":"publish","type":"post","link":"https:\/\/www.europesays.com\/fi\/123861\/","title":{"rendered":"Turvanasi jouluna \u2013 tonttupolku ja puurojuhla luovat taianomaisia hetki\u00e4 ik\u00e4ihmisille"},"content":{"rendered":"<p>Riihikodilla p\u00e4\u00e4tettiin t\u00e4n\u00e4 vuonna luoda joulun tunnelmaa her\u00e4ttelem\u00e4ll\u00e4 jouluisia muistoja eri aistien kautta. Riihikodin aulaan on rakennettu jouluinen tila ja aisti-\/tonttupolku, joka jatkuu aina sis\u00e4pihalle asti. Ulkoilemaan p\u00e4\u00e4see oikeaan kuusimets\u00e4\u00e4n, jota koristavat jouluiset valot, lyhdyt ja tontut.\u00a0<\/p>\n<p>Riihikodin aistipolulla\u00a0joulu kuuluu, tuoksuu, maistuu ja n\u00e4kyy; on kellon kilin\u00e4\u00e4, piparin makua, havujen, kanelin ja\u00a0kardemumman\u00a0tuoksua\u00a0sek\u00e4 jouluinen postikorttisein\u00e4. Ne her\u00e4tt\u00e4v\u00e4t muistelemaan, millaisia muistoja\u00a0asukkailla on omista t\u00e4rkeist\u00e4 jouluista vuosien varrelta.\u00a0Joulutunnelma\u00a0ja tonttupolku\u00a0on saanut asukkailta ihastuneen vastaanoton.\u00a0<\/p>\n<p>\u2013 Me menimme joka joulu reell\u00e4 kirkkoon, er\u00e4s asukas tokaisi, kun kuuli kilisev\u00e4n joulukellon \u00e4\u00e4nen.\u00a0<\/p>\n<p>Aulasta l\u00f6ytyy my\u00f6s\u00a0jouluinen\u00a0valokuvanurkkaus, jossa voi k\u00e4yd\u00e4 ottamassa valokuvia yhdess\u00e4 l\u00e4heisten tai hoitajien kanssa \u2013 ja moni asukas onkin\u00a0hy\u00f6dynt\u00e4nyt tilaisuutta.\u00a0Jouluinen aula\u00a0on rakennettu\u00a0Riihikodin virikeohjaajan ohjauksella yhdess\u00e4 asukkaiden ja Villavan yksik\u00f6n\u00a0tettil\u00e4isten\u00a0kanssa.\u00a0<\/p>\n<p>\u2013 Jouluiseen tonttupolkuun saatiin lahjoituksena joulukoristeita, joulukuusia sek\u00e4 jouluvaloja riihim\u00e4kel\u00e4isist\u00e4 sosiaalisen median ryhmist\u00e4. Todella moni Riihim\u00e4kel\u00e4inen halusi olla mukana ilahduttamassa ja rakentamassa joulun tunnelmaa Riihikodin ik\u00e4ihmisille. He kokivat auttamisen tuovan joulumielt\u00e4 itselleenkin,\u00a0l\u00e4hijohtaja <strong>Tiia Santala<\/strong>\u00a0kiittelee.\u00a0<\/p>\n<p>Lammin puurojuhlalla on\u00a0vuosien\u00a0perinteet\u00a0<\/p>\n<p>Lammilla Pellavakodin ja Sinipellavan puurojuhlalla on pitk\u00e4t perinteet &#8211; eik\u00e4 t\u00e4n\u00e4k\u00e4\u00e4n vuonna siit\u00e4\u00a0ole\u00a0tingitty. Jo ennen joulua vietett\u00e4v\u00e4t puurojuhlat ovat pidettyj\u00e4 ja odotettuja tapahtumia sek\u00e4 asukkaille ett\u00e4 heid\u00e4n omaisilleen. Juhlatila koristellaan jouluiseen tunnelmaan yhdess\u00e4 asukkaiden kanssa\u00a0ja puurojuhlassa tarjoillaan perinteist\u00e4 riisipuuroa, rusinasoppaa sek\u00e4 gl\u00f6gi\u00e4 ja pipareita. Ohjelmassa on joululauluja, yhteislaulua ja jouluinen tietovisailu.\u00a0<\/p>\n<p>Puurojuhlalla on vuosien perinteet; se oli jo aikaisemmalla vanhainkodilla t\u00e4rke\u00e4 kokoontumisjuhla, jossa saatiin olla yhdess\u00e4 ja jota arvostettiin paljon. Juhlavieraita oli joka joulu ihastuttamassa joulutunnelman lis\u00e4ksi joulukuusi, joka koristeltiin yhdess\u00e4 asukkaiden kanssa.\u00a0\u00a0<\/p>\n<p>Puurojuhlan j\u00e4lkeen asumisyksik\u00f6iss\u00e4 laskeudutaan joulun viettoon.\u00a0Jouluaatto Sinipellavassa ja Pellavakodilla sujuu rauhallisissa merkeiss\u00e4 joulun tunnelmasta ja yhdess\u00e4olosta nauttien.\u00a0\u00a0<\/p>\n<p>Joulutunnelmaa luo\u00a0Porkkalan kartanolta\u00a0lahjoituksina saadut\u00a0joulukukat, sek\u00e4 lukuisat joulukoristeet ja kynttelik\u00f6t. Ruokasalissa soi\u00a0aattop\u00e4iv\u00e4n ajan\u00a0klassiset\u00a0joululaulut\u00a0ja puolen p\u00e4iv\u00e4n aikaan\u00a0asukkaat kuuntelevat\u00a0perinteisen\u00a0joulurauhanjulistuksen,\u00a0nauttivat\u00a0maukkaan\u00a0jouluaterian\u00a0laatikoineen ja kinkkuineen kiireett\u00f6m\u00e4sti.\u00a0Lammin seurakunta k\u00e4y\u00a0joka joulu\u00a0tervehtim\u00e4ss\u00e4 asukkaita jouluhartauden merkeiss\u00e4 ja toivottamassa kaikille hyv\u00e4\u00e4 joulua.\u00a0<\/p>\n<p>\u2013 P\u00e4iv\u00e4kahvin aikaan asukkaille on tarjolla herkullisia joulutorttuja ja pipareita, ja joulupukkikin vierailee lahjojen kera. P\u00e4iv\u00e4llisell\u00e4 herkuttelemme yhdess\u00e4 joulupuurolla ja rusinasopalla. Joulupyhien aikaa rauhoitetaan yhdess\u00e4 ololle ja vietet\u00e4\u00e4n aikaa l\u00e4heisten kanssa, sanoo\u00a0ohjaaja <strong>Virpi\u00a0Peippola<\/strong>.\u00a0<\/p>\n<p>Joulun vieraina Panzo-poni ja joulupukki<\/p>\n<p>Hattulassa\u00a0Willa\u00a0Katinalassa jouluun laskeudutaan koristelemalla yksikk\u00f6 jouluvaloilla ja koristelamalla joulukuusi.\u00a0Asukkaat p\u00e4\u00e4sev\u00e4t laulamaan joululauluja ja leipomaan jouluherkkuja.\u00a0\u00a0<\/p>\n<p>Joulun perinteisiin kuuluu vuosittain ensimm\u00e4isen adventin Hattulan seurakunnan jouluhartaus sek\u00e4 Lions Clubin vuosittain lahjoittamat herkulliset t\u00e4ytekakut.\u00a0<\/p>\n<p>\u2013 Pikkujouluja vietet\u00e4\u00e4n kaikissa ryhm\u00e4kodeissa, joissa perinteisesti kuullaan Hattulan Pyh\u00e4n Ristin kuoron esitykset, joulupukki vierailee ja t\u00e4n\u00e4 vuonna meill\u00e4 oli my\u00f6s meill\u00e4 usein vieraileva\u00a0Panzo-poni mukana. Omaiset ja l\u00e4heiset ovat l\u00e4mpim\u00e4sti tervetulleita tilaisuuksiin, kertoo\u00a0l\u00e4hijohtaja <strong>P\u00e4ivi Luopaj\u00e4rvi<\/strong>.\u00a0<\/p>\n<p><strong>Oma H\u00e4meen asumisyksik\u00f6t toivottavat kaikille\u00a0l\u00e4mmint\u00e4 joulua!\u00a0<\/strong><\/p>\n","protected":false},"excerpt":{"rendered":"Riihikodilla p\u00e4\u00e4tettiin t\u00e4n\u00e4 vuonna luoda joulun tunnelmaa her\u00e4ttelem\u00e4ll\u00e4 jouluisia muistoja eri aistien kautta. Riihikodin aulaan on rakennettu jouluinen&hellip;\n","protected":false},"author":2,"featured_media":123862,"comment_status":"","ping_status":"","sticky":false,"template":"","format":"standard","meta":{"footnotes":""},"categories":[12],"tags":[22,23,26,27,33,31,30,17,24,25,28,29,15,18,21,32,19,20,16],"class_list":{"0":"post-123861","1":"post","2":"type-post","3":"status-publish","4":"format-standard","5":"has-post-thumbnail","7":"category-suomi","8":"tag-breaking-news","9":"tag-breakingnews","10":"tag-featured-news","11":"tag-featurednews","12":"tag-fi","13":"tag-finland","14":"tag-finnish","15":"tag-headlines","16":"tag-latest-news","17":"tag-latestnews","18":"tag-main-news","19":"tag-mainnews","20":"tag-news","21":"tag-otsikot","22":"tag-paauutiset","23":"tag-suomi","24":"tag-top-stories","25":"tag-topstories","26":"tag-uutiset"},"share_on_mastodon":{"url":"https:\/\/pubeurope.com\/@fi\/115767941873432839","error":""},"_links":{"self":[{"href":"https:\/\/www.europesays.com\/fi\/wp-json\/wp\/v2\/posts\/123861","targetHints":{"allow":["GET"]}}],"collection":[{"href":"https:\/\/www.europesays.com\/fi\/wp-json\/wp\/v2\/posts"}],"about":[{"href":"https:\/\/www.europesays.com\/fi\/wp-json\/wp\/v2\/types\/post"}],"author":[{"embeddable":true,"href":"https:\/\/www.europesays.com\/fi\/wp-json\/wp\/v2\/users\/2"}],"replies":[{"embeddable":true,"href":"https:\/\/www.europesays.com\/fi\/wp-json\/wp\/v2\/comments?post=123861"}],"version-history":[{"count":0,"href":"https:\/\/www.europesays.com\/fi\/wp-json\/wp\/v2\/posts\/123861\/revisions"}],"wp:featuredmedia":[{"embeddable":true,"href":"https:\/\/www.europesays.com\/fi\/wp-json\/wp\/v2\/media\/123862"}],"wp:attachment":[{"href":"https:\/\/www.europesays.com\/fi\/wp-json\/wp\/v2\/media?parent=123861"}],"wp:term":[{"taxonomy":"category","embeddable":true,"href":"https:\/\/www.europesays.com\/fi\/wp-json\/wp\/v2\/categories?post=123861"},{"taxonomy":"post_tag","embeddable":true,"href":"https:\/\/www.europesays.com\/fi\/wp-json\/wp\/v2\/tags?post=123861"}],"curies":[{"name":"wp","href":"https:\/\/api.w.org\/{rel}","templated":true}]}}