{"id":123866,"date":"2025-12-23T08:44:07","date_gmt":"2025-12-23T08:44:07","guid":{"rendered":"https:\/\/www.europesays.com\/fi\/123866\/"},"modified":"2025-12-23T08:44:07","modified_gmt":"2025-12-23T08:44:07","slug":"ylen-hittisarja-jatkuu-tammikuussa-voice-fi","status":"publish","type":"post","link":"https:\/\/www.europesays.com\/fi\/123866\/","title":{"rendered":"Ylen hittisarja jatkuu tammikuussa &#8211; Voice.fi"},"content":{"rendered":"<p>Suursuosioon noussut, ja muun muassa Kultaisella Venlalla palkittu Modernit miehet -sarja jatkuu viidennen tuotantokauden voimin tammikuussa.<\/p>\n<p>Ylen tiedotteen mukaan luvassa on j\u00e4lleen moninaisia haasteita niin parisuhteiden, ty\u00f6n kuin vanhemmuudenkin saroilla. <\/p>\n<p>Lue my\u00f6s: <a href=\"https:\/\/www.voice.fi\/viihde\/a-228312\" title=\"Mikko T\u00f6yssy muistelee ensitapaamistaan Kaija Koon kanssa \u2013 p\u00e4\u00e4tyi pukukoppiin yl\u00e4osa paljaana\" class=\"underline-custom !font-montserrat !font-bold !underline-offset-4 !decoration-4 !decoration-tilt-light !text-md\" rel=\"nofollow noopener\" target=\"_blank\">Mikko T\u00f6yssy muistelee ensitapaamistaan Kaija Koon kanssa \u2013 p\u00e4\u00e4tyi pukukoppiin yl\u00e4osa paljaana<\/a><\/p>\n<p>Tulevalla kaudella moderneina miehin\u00e4 n\u00e4hd\u00e4\u00e4n viime kaudelta tutut kasvot, eli Matti (<strong>Iikka Forss)<\/strong>, Mika (<strong>Mikko T\u00f6yssy<\/strong>), Pete (<strong>Jarkko Niemi<\/strong>) ja Tuomas (<strong>Tommi Rantam\u00e4ki<\/strong>). <\/p>\n<p>Ylen alkuper\u00e4issarjan viidennen kauden ovat k\u00e4sikirjoittaneet\u00a0<strong>Jarno Lindemark<\/strong>,\u00a0<strong>Olga Palo<\/strong>\u00a0ja\u00a0<strong>Tuukka Vartiainen<\/strong>. Kauden on ohjannut\u00a0<strong>J\u00e4ppi Savolainen<\/strong>.<\/p>\n<p>Viidennen kauden jaksot julkaistaan Ylen mukaan Areenassa 13. tammikuuta. Kaikkiaan uusi kausi sis\u00e4lt\u00e4\u00e4 10 jaksoa. <\/p>\n","protected":false},"excerpt":{"rendered":"Suursuosioon noussut, ja muun muassa Kultaisella Venlalla palkittu Modernit miehet -sarja jatkuu viidennen tuotantokauden voimin tammikuussa. Ylen tiedotteen&hellip;\n","protected":false},"author":2,"featured_media":123867,"comment_status":"","ping_status":"","sticky":false,"template":"","format":"standard","meta":{"footnotes":""},"categories":[133],"tags":[137,33,31,30,17721,32,206,156,109,1149],"class_list":{"0":"post-123866","1":"post","2":"type-post","3":"status-publish","4":"format-standard","5":"has-post-thumbnail","7":"category-televisiot","8":"tag-entertainment","9":"tag-fi","10":"tag-finland","11":"tag-finnish","12":"tag-modernit-miehet","13":"tag-suomi","14":"tag-televisiot","15":"tag-tv","16":"tag-viihde","17":"tag-yle"},"share_on_mastodon":{"url":"https:\/\/pubeurope.com\/@fi\/115768004719494177","error":""},"_links":{"self":[{"href":"https:\/\/www.europesays.com\/fi\/wp-json\/wp\/v2\/posts\/123866","targetHints":{"allow":["GET"]}}],"collection":[{"href":"https:\/\/www.europesays.com\/fi\/wp-json\/wp\/v2\/posts"}],"about":[{"href":"https:\/\/www.europesays.com\/fi\/wp-json\/wp\/v2\/types\/post"}],"author":[{"embeddable":true,"href":"https:\/\/www.europesays.com\/fi\/wp-json\/wp\/v2\/users\/2"}],"replies":[{"embeddable":true,"href":"https:\/\/www.europesays.com\/fi\/wp-json\/wp\/v2\/comments?post=123866"}],"version-history":[{"count":0,"href":"https:\/\/www.europesays.com\/fi\/wp-json\/wp\/v2\/posts\/123866\/revisions"}],"wp:featuredmedia":[{"embeddable":true,"href":"https:\/\/www.europesays.com\/fi\/wp-json\/wp\/v2\/media\/123867"}],"wp:attachment":[{"href":"https:\/\/www.europesays.com\/fi\/wp-json\/wp\/v2\/media?parent=123866"}],"wp:term":[{"taxonomy":"category","embeddable":true,"href":"https:\/\/www.europesays.com\/fi\/wp-json\/wp\/v2\/categories?post=123866"},{"taxonomy":"post_tag","embeddable":true,"href":"https:\/\/www.europesays.com\/fi\/wp-json\/wp\/v2\/tags?post=123866"}],"curies":[{"name":"wp","href":"https:\/\/api.w.org\/{rel}","templated":true}]}}