{"id":123871,"date":"2025-12-23T08:49:07","date_gmt":"2025-12-23T08:49:07","guid":{"rendered":"https:\/\/www.europesays.com\/fi\/123871\/"},"modified":"2025-12-23T08:49:07","modified_gmt":"2025-12-23T08:49:07","slug":"olli-herman-ja-tytti-rakas-menivat-kihloihin","status":"publish","type":"post","link":"https:\/\/www.europesays.com\/fi\/123871\/","title":{"rendered":"Olli Herman ja Tytti-rakas meniv\u00e4t kihloihin"},"content":{"rendered":"<p>            ATTE KAJOVA\n        <\/p>\n<p class=\"subtitle \">Olli ja Tytti ovat seurustelleet seitsem\u00e4n vuotta.<\/p>\n<p class=\"article-content article-content-width !bg-background\">Popedan laulaja  ja h\u00e4nen pitk\u00e4aikainen kumppaninsa  ovat menneet kihloihin.<\/p>\n<p class=\"font-weight-bold m-font-weight-bold article-content article-content-width !bg-background\">Katso arkistovideo: Olli Herman kertoo isyydest\u00e4<\/p>\n<p class=\"article-content article-content-width !bg-background\">Pariskunta kertoo joulun ilouutisen Instagramissa. He julkaisivat my\u00f6h\u00e4\u00e4n maanantai-iltana (22.12.) yhteisp\u00e4ivityksen, joka sis\u00e4lt\u00e4\u00e4 useita romanttisia kuvia pariskunnasta.\u00a0<\/p>\n<p class=\"article-content article-content-width !bg-background\">Harvinaisen tyylikk\u00e4\u00e4sti pukeutunut kaksikko tepastelee otoksissa ymp\u00e4ri It\u00e4vallan p\u00e4\u00e4kaupunkia.<\/p>\n<p class=\"article-content article-content-width !bg-background\">\u2013 K\u00e4vimme Wieniss\u00e4. Menimme kihloihin, joimme viini\u00e4, n\u00e4imme oopperaa, s\u00f6imme hyvin ja shoppailimme joulumarketeissa, pari kirjoittaa yhteisp\u00e4ivityksess\u00e4\u00e4n vapaasti suomennettuna.<\/p>\n<p class=\"article-content article-content-width !bg-background\">\u2013 Se oli wundersch\u00f6n (suom. &#8221;kaunista&#8221;).<\/p>\n<p>        <a itemprop=\"url\" href=\"https:\/\/www.seiska.fi\/kotimaa\/olli-herman-ja-tytti-rakas-viettivat-poikansa-ristiaisia-vahva-ja-perinteikas-nimi\/1495456\" rel=\"nofollow noopener\" target=\"_blank\"><\/p>\n<p class=\"section-date\">\n        <strong class=\"article-section\" data-section=\"kotimaa\"><br \/>\n            kotimaa<br \/>\n        <\/strong><br \/>\n        22.10.2024 08:57\n    <\/p>\n<p>Olli Herman ja Tytti-rakas viettiv\u00e4t poikansa risti\u00e4isi\u00e4: &#8221;Vahva ja perinteik\u00e4s nimi&#8221;\n    <\/p>\n<p itemprop=\"description\" class=\"subtitle \">\n    Parin ensimm\u00e4isen lapsen nimi on Robin. Arvaatko toisen pojan nimen?\n<\/p>\n<p>        <\/a><\/p>\n<p>Kahden lapsen vanhemmat<\/p>\n<p class=\"article-content article-content-width !bg-background\">Olli ja Tytti alkoivat seurustella syyskuussa 2018 eli he ovat seurustelleet reilut seitsem\u00e4n vuotta.\u00a0<\/p>\n<p class=\"article-content article-content-width !bg-background\">Pariskunnalla on kaksi pient\u00e4 lasta. Heid\u00e4n esikoisensa  syntyi vuonna 2022, kun taas kuopus  vuonna 2024.<\/p>\n<p>        <a itemprop=\"url\" href=\"https:\/\/www.seiska.fi\/kotimaa\/olli-hermanin-keikkaleskeksi-usein-jaava-rakas-avautuu-vauva-arjesta-yksin\/1529495\" rel=\"nofollow noopener\" target=\"_blank\"><\/p>\n<p class=\"section-date\">\n        <strong class=\"article-section\" data-section=\"kotimaa\"><br \/>\n            kotimaa<br \/>\n        <\/strong><br \/>\n        23.11.2024 17:30\n    <\/p>\n<p>Olli Hermanin keikkaleskeksi usein j\u00e4\u00e4v\u00e4 rakas avautuu vauva-arjesta yksin\n    <\/p>\n<p itemprop=\"description\" class=\"subtitle \">\n    Tytti ja Olli saivat toisen lapsensa elokuussa. Ollin nousu Popedan laulajaksi vuoden alussa on entisest\u00e4\u00e4n lis\u00e4nnyt painetta yritt\u00e4j\u00e4perheen ajassa.\n<\/p>\n<p>        <\/a><\/p>\n<p class=\"article-content article-content-width !bg-background\">Nuorempi lapsi syntyi vauhdikkaissa merkeiss\u00e4. Tytti oli yksin kotona, kun h\u00e4nen lapsivetens\u00e4 meniv\u00e4t olohuoneen lattialle. Olli oli keikkamatkalla 300 kilometrin p\u00e4\u00e4ss\u00e4 ja isovanhemmat kirjastossa parivuotiaan esikoispojan kanssa. <\/p>\n<p class=\"article-content article-content-width !bg-background\">Tytti soitti rakkaalleen Naistenklinikalta, ja t\u00e4m\u00e4 yritti kiiruhtaa paikalle. Kyse oli liioittelematta minuuteista, mutta Olli missasi t\u00e4p\u00e4r\u00e4sti toisen poikansa syntym\u00e4n nelj\u00e4ll\u00e4 minuutilla.<\/p>\n<p class=\"article-content article-content-width !bg-background\">\u2013\u00a0Olli rynnisti ovesta sis\u00e4\u00e4n l\u00e4hes t\u00e4ydess\u00e4 keikkat\u00e4llingiss\u00e4. Ylt\u00e4 p\u00e4\u00e4lt\u00e4 hiess\u00e4, hattu vinossa ja nahkaliivi lepattaen, Tytti kertoi sosiaalisessa mediassa synnytyksen j\u00e4lkeen.<\/p>\n<p>        <a itemprop=\"url\" href=\"https:\/\/www.seiska.fi\/kotimaa\/olli-hermanin-tytti-rakas-synnytti-yksin-avautuu-kokemuksesta\/1426955\" rel=\"nofollow noopener\" target=\"_blank\"><\/p>\n<p class=\"section-date\">\n        <strong class=\"article-section\" data-section=\"kotimaa\"><br \/>\n            kotimaa<br \/>\n        <\/strong><br \/>\n        8.8.2024 14:35\n    <\/p>\n<p>Olli Hermanin Tytti-rakas synnytti yksin \u2013 avautuu kokemuksesta\n    <\/p>\n<p itemprop=\"description\" class=\"subtitle \">\n    Tytti iloitsee perheens\u00e4 kasvamisesta.\n<\/p>\n<p>        <\/a><\/p>\n<p class=\"article-content article-content-width !bg-background\">Olli kiinnitettiin virallisesti Popedan laulajaksi 1. tammikuuta 2024. H\u00e4net tunnetaan alun perin Reckless Love -yhtyeen solistina.<\/p>\n","protected":false},"excerpt":{"rendered":"ATTE KAJOVA Olli ja Tytti ovat seurustelleet seitsem\u00e4n vuotta. Popedan laulaja ja h\u00e4nen pitk\u00e4aikainen kumppaninsa ovat menneet kihloihin.&hellip;\n","protected":false},"author":2,"featured_media":123872,"comment_status":"","ping_status":"","sticky":false,"template":"","format":"standard","meta":{"footnotes":""},"categories":[130],"tags":[137,33,31,30,5412,2423,4544,1478,3718,1496,10993,1311,651,32,109,9630],"class_list":{"0":"post-123871","1":"post","2":"type-post","3":"status-publish","4":"format-standard","5":"has-post-thumbnail","7":"category-viihde","8":"tag-entertainment","9":"tag-fi","10":"tag-finland","11":"tag-finnish","12":"tag-kihlat","13":"tag-kihlaus","14":"tag-matka","15":"tag-matkailu","16":"tag-olli-herman","17":"tag-parisuhde","18":"tag-popeda","19":"tag-rakkaus","20":"tag-suhteet","21":"tag-suomi","22":"tag-viihde","23":"tag-wien"},"share_on_mastodon":{"url":"https:\/\/pubeurope.com\/@fi\/115768024298999814","error":""},"_links":{"self":[{"href":"https:\/\/www.europesays.com\/fi\/wp-json\/wp\/v2\/posts\/123871","targetHints":{"allow":["GET"]}}],"collection":[{"href":"https:\/\/www.europesays.com\/fi\/wp-json\/wp\/v2\/posts"}],"about":[{"href":"https:\/\/www.europesays.com\/fi\/wp-json\/wp\/v2\/types\/post"}],"author":[{"embeddable":true,"href":"https:\/\/www.europesays.com\/fi\/wp-json\/wp\/v2\/users\/2"}],"replies":[{"embeddable":true,"href":"https:\/\/www.europesays.com\/fi\/wp-json\/wp\/v2\/comments?post=123871"}],"version-history":[{"count":0,"href":"https:\/\/www.europesays.com\/fi\/wp-json\/wp\/v2\/posts\/123871\/revisions"}],"wp:featuredmedia":[{"embeddable":true,"href":"https:\/\/www.europesays.com\/fi\/wp-json\/wp\/v2\/media\/123872"}],"wp:attachment":[{"href":"https:\/\/www.europesays.com\/fi\/wp-json\/wp\/v2\/media?parent=123871"}],"wp:term":[{"taxonomy":"category","embeddable":true,"href":"https:\/\/www.europesays.com\/fi\/wp-json\/wp\/v2\/categories?post=123871"},{"taxonomy":"post_tag","embeddable":true,"href":"https:\/\/www.europesays.com\/fi\/wp-json\/wp\/v2\/tags?post=123871"}],"curies":[{"name":"wp","href":"https:\/\/api.w.org\/{rel}","templated":true}]}}