{"id":123875,"date":"2025-12-23T08:53:08","date_gmt":"2025-12-23T08:53:08","guid":{"rendered":"https:\/\/www.europesays.com\/fi\/123875\/"},"modified":"2025-12-23T08:53:08","modified_gmt":"2025-12-23T08:53:08","slug":"hatakatkoja-sahkonjakeluun-useilla-ukrainan-alueilla-uutiset","status":"publish","type":"post","link":"https:\/\/www.europesays.com\/fi\/123875\/","title":{"rendered":"H\u00e4t\u00e4katkoja s\u00e4hk\u00f6njakeluun useilla Ukrainan alueilla | Uutiset"},"content":{"rendered":"<p>      <a aria-disabled=\"false\" aria-busy=\"false\" href=\"#yle__contentAnchor\" class=\"ydscr__sc-17sr1bx-0 ydscr__sc-17sr1bx-2 kBPfWh gbyyfi\">Hypp\u00e4\u00e4 sis\u00e4lt\u00f6\u00f6n<\/a><a aria-disabled=\"false\" aria-busy=\"false\" href=\"#yle__contentAnchor\" class=\"ydscr__sc-17sr1bx-0 ydscr__sc-17sr1bx-2 nWLCX gbyyfi\">Hypp\u00e4\u00e4 sis\u00e4lt\u00f6\u00f6n<\/a><a href=\"https:\/\/yle.fi\/\" class=\"_1pvcnaa0 _15d48jz0 _15d48jz1 fck75q3\" data-testid=\"header-frontpage-link\" aria-label=\"Yle.fi etusivu\" lang=\"fi\" rel=\"nofollow noopener\" target=\"_blank\"><\/p>\n<p>Etusivu<\/p>\n<p><\/a><a class=\"_1ffsr5h1 eopu3j0\" href=\"https:\/\/yle.fi\/t\/18-334977\/fi\" lang=\"fi\" data-testid=\"header-bar-current-topic-link\" rel=\"nofollow noopener\" target=\"_blank\">Ven\u00e4j\u00e4n hy\u00f6kk\u00e4ys<\/a><a class=\"_1ffsr5h1 eopu3j0\" href=\"https:\/\/kaare.yle.fi\/\" lang=\"fi\" data-testid=\"header-bar-current-topic-link\" rel=\"nofollow noopener\" target=\"_blank\">Yle K\u00e4\u00e4re<\/a><a class=\"_1ffsr5h1 eopu3j0\" href=\"https:\/\/yle.fi\/a\/74-20131998\" lang=\"fi\" data-testid=\"header-bar-current-topic-link\" rel=\"nofollow noopener\" target=\"_blank\">Sanapyramidi<\/a><a href=\"https:\/\/haku.yle.fi\" data-testid=\"header-bar-search-link\" class=\"c63d5h1 fck75q3 eopu3j0\" aria-labelledby=\"header-2023-id-\u00abRii\u00bb-bar-item\" rel=\"nofollow noopener\" target=\"_blank\"><\/p>\n<p>Hae<\/p>\n<p><\/a><\/p>\n<p>Valikko<\/p>\n<ul class=\"bqq79o8 bqq79o0 bqq79o3\">\n<li>\n<p>Haemme s\u00e4\u00e4tietoja&#8230;<\/p>\n<\/li>\n<li><a class=\"_1bvm4mm2 eopu3j0\" href=\"https:\/\/haku.yle.fi\" rel=\"nofollow noopener\" target=\"_blank\">Hae Ylen sis\u00e4lt\u00f6j\u00e4<\/a><\/li>\n<li><a class=\"_1bvm4mm2 eopu3j0\" href=\"https:\/\/yle.fi\/a\/74-20031519\" data-testid=\"header-drawer-sendmedia-link\" rel=\"nofollow noopener\" target=\"_blank\">L\u00e4het\u00e4 uutiskuva tai \u2011video<\/a><\/li>\n<\/ul>\n<p id=\"header-2023-id-\u00abRnmi\u00bb-drawer-current-topics-title\" class=\"fck75q2\">Pinnalla nyt<\/p>\n<ul class=\"_1d856qp0\" id=\"header-2023-drawer-current-topics\" aria-labelledby=\"header-2023-id-\u00abRnmi\u00bb-drawer-current-topics-title\">\n<li class=\"_1d856qp1\"><a href=\"https:\/\/yle.fi\/t\/18-334977\/fi\" class=\"_1d856qp2 fck75q5 _15d48jz0\" data-testid=\"header-drawer-current-topic-link\" rel=\"nofollow noopener\" target=\"_blank\">Ven\u00e4j\u00e4n hy\u00f6kk\u00e4ys<\/a><\/li>\n<li class=\"_1d856qp1\"><a href=\"https:\/\/kaare.yle.fi\/\" class=\"_1d856qp2 fck75q5 _15d48jz0\" data-testid=\"header-drawer-current-topic-link\" rel=\"nofollow noopener\" target=\"_blank\">Yle K\u00e4\u00e4re<\/a><\/li>\n<li class=\"_1d856qp1\"><a href=\"https:\/\/yle.fi\/a\/74-20131998\" class=\"_1d856qp2 fck75q5 _15d48jz0\" data-testid=\"header-drawer-current-topic-link\" rel=\"nofollow noopener\" target=\"_blank\">Sanapyramidi<\/a><\/li>\n<li class=\"_1d856qp1\"><a href=\"https:\/\/yle.fi\/a\/74-20198947\" class=\"_1d856qp2 fck75q5 _15d48jz0\" data-testid=\"header-drawer-current-topic-link\" rel=\"nofollow noopener\" target=\"_blank\">Urheilustudion pipovisa<\/a><\/li>\n<\/ul>\n<ul class=\"bqq79o7 bqq79o0 bqq79o1\" id=\"header-2023-drawer-submenu\" style=\"--bqq79o6:6\">\n<li class=\"bqq79o3\"><a class=\"_1bvm4mm2 eopu3j0\" href=\"https:\/\/yle.fi\/\" data-testid=\"header-drawer-submenu-link\" rel=\"nofollow noopener\" target=\"_blank\">Etusivu<\/a><\/li>\n<li class=\"\"><a class=\"_1bvm4mm2 eopu3j0\" href=\"https:\/\/yle.fi\/uutiset\" lang=\"fi\" data-testid=\"header-drawer-submenu-link\" rel=\"nofollow noopener\" target=\"_blank\">Uutisia lyhyesti<\/a><\/li>\n<li class=\"\"><a class=\"_1bvm4mm2 eopu3j0\" href=\"https:\/\/yle.fi\/tuoreimmat\" lang=\"fi\" data-testid=\"header-drawer-submenu-link\" rel=\"nofollow noopener\" target=\"_blank\">Tuoreimmat<\/a><\/li>\n<li class=\"\"><a class=\"_1bvm4mm2 eopu3j0\" href=\"https:\/\/yle.fi\/urheilu\" lang=\"fi\" data-testid=\"header-drawer-submenu-link\" rel=\"nofollow noopener\" target=\"_blank\">Urheilu<\/a><\/li>\n<li class=\"\"><a class=\"_1bvm4mm2 eopu3j0\" href=\"https:\/\/yle.fi\/saa\" lang=\"fi\" data-testid=\"header-drawer-submenu-link\" rel=\"nofollow noopener\" target=\"_blank\">S\u00e4\u00e4<\/a><\/li>\n<li class=\"\"><a class=\"_1bvm4mm2 eopu3j0\" href=\"https:\/\/yle.fi\/uutiset\/paikallisuutiset\" lang=\"fi\" data-testid=\"header-drawer-submenu-link\" rel=\"nofollow noopener\" target=\"_blank\">Paikallisuutiset<\/a><\/li>\n<li class=\"\"><a class=\"_1bvm4mm2 eopu3j0\" href=\"https:\/\/yle.fi\/t\/18-34837\/fi\" lang=\"fi\" data-testid=\"header-drawer-submenu-link\" rel=\"nofollow noopener\" target=\"_blank\">Kotimaa<\/a><\/li>\n<li class=\"\"><a class=\"_1bvm4mm2 eopu3j0\" href=\"https:\/\/yle.fi\/t\/18-34953\/fi\" lang=\"fi\" data-testid=\"header-drawer-submenu-link\" rel=\"nofollow noopener\" target=\"_blank\">Ulkomaat<\/a><\/li>\n<li class=\"\"><a class=\"_1bvm4mm2 eopu3j0\" href=\"https:\/\/yle.fi\/t\/18-220306\/fi\" lang=\"fi\" data-testid=\"header-drawer-submenu-link\" rel=\"nofollow noopener\" target=\"_blank\">Politiikka<\/a><\/li>\n<li class=\"\"><a class=\"_1bvm4mm2 eopu3j0\" href=\"https:\/\/yle.fi\/t\/18-204933\/fi\" lang=\"fi\" data-testid=\"header-drawer-submenu-link\" rel=\"nofollow noopener\" target=\"_blank\">Talous<\/a><\/li>\n<li class=\"\"><a class=\"_1bvm4mm2 eopu3j0\" href=\"https:\/\/yle.fi\/kulttuuri\" lang=\"fi\" data-testid=\"header-drawer-submenu-link\" rel=\"nofollow noopener\" target=\"_blank\">Kulttuuri<\/a><\/li>\n<li class=\"\"><a class=\"_1bvm4mm2 eopu3j0\" href=\"https:\/\/yle.fi\/tiede\" lang=\"fi\" data-testid=\"header-drawer-submenu-link\" rel=\"nofollow noopener\" target=\"_blank\">Tiede<\/a><\/li>\n<li class=\"\"><a class=\"_1bvm4mm2 eopu3j0\" href=\"https:\/\/yle.fi\/luonto\" lang=\"fi\" data-testid=\"header-drawer-submenu-link\" rel=\"nofollow noopener\" target=\"_blank\">Luonto<\/a><\/li>\n<li class=\"\"><a class=\"_1bvm4mm2 eopu3j0\" href=\"https:\/\/yle.fi\/oppiminen\" lang=\"fi\" data-testid=\"header-drawer-submenu-link\" rel=\"nofollow noopener\" target=\"_blank\">Oppiminen<\/a><\/li>\n<li class=\"\"><a class=\"_1bvm4mm2 eopu3j0\" href=\"https:\/\/yle.fi\/abitreenit\" lang=\"fi\" data-testid=\"header-drawer-submenu-link\" rel=\"nofollow noopener\" target=\"_blank\">Abitreenit<\/a><\/li>\n<li class=\"\"><a class=\"_1bvm4mm2 eopu3j0\" href=\"https:\/\/yle.fi\/t\/18-215844\/fi\" lang=\"fi\" data-testid=\"header-drawer-submenu-link\" rel=\"nofollow noopener\" target=\"_blank\">Kolumnit<\/a><\/li>\n<li class=\"bqq79o2\"><a class=\"_1bvm4mm2 eopu3j0\" href=\"https:\/\/areena.yle.fi\/1-3253227\" lang=\"fi\" data-testid=\"header-drawer-submenu-link\" rel=\"nofollow noopener\" target=\"_blank\">Uutiset viittomakielell\u00e4<\/a><\/li>\n<li class=\"\"><a class=\"_1bvm4mm2 eopu3j0\" href=\"https:\/\/yle.fi\/selkouutiset\" lang=\"fi\" data-testid=\"header-drawer-submenu-link\" rel=\"nofollow noopener\" target=\"_blank\">Selkouutiset<\/a><\/li>\n<li class=\"\"><a class=\"_1bvm4mm2 eopu3j0\" href=\"https:\/\/yle.fi\/uutisluokka\" lang=\"fi\" data-testid=\"header-drawer-submenu-link\" rel=\"nofollow noopener\" target=\"_blank\">Uutisluokka<\/a><\/li>\n<li class=\"\"><a class=\"_1bvm4mm2 eopu3j0\" href=\"https:\/\/yle.fi\/elavaarkisto\" lang=\"fi\" data-testid=\"header-drawer-submenu-link\" rel=\"nofollow noopener\" target=\"_blank\">El\u00e4v\u00e4 arkisto<\/a><\/li>\n<li class=\"\"><a class=\"_1bvm4mm2 eopu3j0\" href=\"https:\/\/yle.fi\/aihe\/tekstitv\" lang=\"fi\" data-testid=\"header-drawer-submenu-link\" rel=\"nofollow noopener\" target=\"_blank\">Teksti-TV<\/a><\/li>\n<li class=\"\"><a class=\"_1bvm4mm2 eopu3j0\" href=\"https:\/\/tunnus.yle.fi\/viestiasetukset\" lang=\"fi\" data-testid=\"header-drawer-submenu-link\" rel=\"nofollow noopener\" target=\"_blank\">Uutiskirjeet<\/a><\/li>\n<li class=\"\"><a class=\"_1bvm4mm2 eopu3j0\" href=\"https:\/\/areena.yle.fi\/tv\/opas\" lang=\"fi\" data-testid=\"header-drawer-submenu-link\" rel=\"nofollow noopener\" target=\"_blank\">TV-opas<\/a><\/li>\n<li class=\"\"><a class=\"_1bvm4mm2 eopu3j0\" href=\"https:\/\/areena.yle.fi\/podcastit\/opas\" lang=\"fi\" data-testid=\"header-drawer-submenu-link\" rel=\"nofollow noopener\" target=\"_blank\">Radio-opas<\/a><\/li>\n<li class=\"\"><a class=\"_1bvm4mm2 eopu3j0\" href=\"https:\/\/yle.fi\/rss\" lang=\"fi\" data-testid=\"header-drawer-submenu-link\" rel=\"nofollow noopener\" target=\"_blank\">RSS-sy\u00f6tteet<\/a><\/li>\n<\/ul>\n<p><a href=\"https:\/\/areena.yle.fi\" class=\"_1m3quf81 eopu3j0\" data-testid=\"header-areena-promo\" rel=\"nofollow noopener\" target=\"_blank\">Yle Areena.Sarjat. Podcastit. Suorat.<\/a><\/p>\n<ul class=\"bqq79o8 bqq79o0\" id=\"header-2023-drawer-sitemenu\">\n<li><a class=\"_1bvm4mm2 eopu3j0\" href=\"https:\/\/svenska.yle.fi\" lang=\"sv\" data-testid=\"header-drawer-sitemenu-link\" rel=\"nofollow noopener\" target=\"_blank\">Svenska<\/a><\/li>\n<li><a class=\"_1bvm4mm2 eopu3j0\" href=\"https:\/\/yle.fi\/sapmi\" lang=\"se\" data-testid=\"header-drawer-sitemenu-link\" rel=\"nofollow noopener\" target=\"_blank\">S\u00e1pmi<\/a><\/li>\n<li><a class=\"_1bvm4mm2 eopu3j0\" href=\"https:\/\/yle.fi\/news\" lang=\"en\" data-testid=\"header-drawer-sitemenu-link\" rel=\"nofollow noopener\" target=\"_blank\">News<\/a><\/li>\n<li><a class=\"_1bvm4mm2 eopu3j0\" href=\"https:\/\/yle.fi\/novosti\" lang=\"ru\" data-testid=\"header-drawer-sitemenu-link\" rel=\"nofollow noopener\" target=\"_blank\">\u041d\u043e\u0432\u043e\u0441\u0442\u0438<\/a><\/li>\n<li><a class=\"_1bvm4mm2 eopu3j0\" href=\"https:\/\/yle.fi\/novyny\" lang=\"uk\" data-testid=\"header-drawer-sitemenu-link\" rel=\"nofollow noopener\" target=\"_blank\">\u041d\u043e\u0432\u0438\u043d\u0438<\/a><\/li>\n<li><a class=\"_1bvm4mm2 eopu3j0\" href=\"https:\/\/yle.fi\/t\/18-44136\/fi\" lang=\"krl\" data-testid=\"header-drawer-sitemenu-link\" rel=\"nofollow noopener\" target=\"_blank\">Uudizet karjalakse<\/a><\/li>\n<\/ul>\n<ul class=\"bqq79o8 bqq79o0\" id=\"header-2023-drawer-links\">\n<li class=\"bqq79o4\"><a class=\"_1bvm4mm2 eopu3j0\" href=\"https:\/\/yle.fi\/a\/74-20031519\" lang=\"fi\" data-testid=\"header-drawer-links-link\" rel=\"nofollow noopener\" target=\"_blank\">L\u00e4het\u00e4 uutiskuva tai \u2011video<\/a><\/li>\n<li><a class=\"_1bvm4mm2 eopu3j0\" href=\"https:\/\/asiakaspalvelu.yle.fi\" data-testid=\"header-drawer-links-link\" rel=\"nofollow noopener\" target=\"_blank\">Asiakas\u00adpalvelu<\/a><\/li>\n<li><a class=\"_1bvm4mm2 eopu3j0\" href=\"https:\/\/yle.fi\/aihe\/yleisradio\/ylen-yhteystiedot\" data-testid=\"header-drawer-links-link\" rel=\"nofollow noopener\" target=\"_blank\">Ylen yhteystiedot<\/a><\/li>\n<li><a class=\"_1bvm4mm2 eopu3j0\" href=\"https:\/\/yle.fi\/uutiset\/yhteystiedot\" data-testid=\"header-drawer-links-link\" rel=\"nofollow noopener\" target=\"_blank\">Uutisten yhteystiedot<\/a><\/li>\n<li>Ev\u00e4ste\u00adasetukset<\/li>\n<\/ul>\n<p>Sulje valikko<a aria-disabled=\"false\" aria-busy=\"false\" href=\"https:\/\/yle.fi\/\" tabindex=\"-1\" data-testid=\"sticky-header-home-button\" class=\"ydscr__sc-17sr1bx-0 ydscr__sc-17sr1bx-3 fscjGJ gDUbgb\" rel=\"nofollow noopener\" target=\"_blank\">Etusivulle<\/a>JaaSuosituimmat<\/p>\n<ol aria-labelledby=\"sb-most-read\">\n<li class=\"MinimalHeadlines__TriggeredItem-sc-f2811a1-0 bOTOdX\">\n<p>1<\/p>\n<p><a href=\"https:\/\/yle.fi\/t\/18-220306\/fi\" data-testid=\"minimal-headline-tag\" aria-label=\"Politiikka \u2013 Lis\u00e4\u00e4 aiheesta\" class=\"ydscr__sc-w5hh4y-0 eOGiSH MinimalHeadlines__Concept-sc-f2811a1-9 ezVWSa\" rel=\"nofollow noopener\" target=\"_blank\">Politiikka<\/a><a href=\"https:\/\/yle.fi\/a\/74-20200002\" class=\"MinimalHeadlines__Title-sc-f2811a1-6 eUXYcX visitable-link\" rel=\"nofollow noopener\" target=\"_blank\">Joululahja kiersi j\u00e4lleen eduskunnassa, ja sen laittoi liikkeelle Riikka Purra \u2013 antoi sen yll\u00e4tt\u00e4v\u00e4lle henkil\u00f6lle<\/a><\/li>\n<li class=\"MinimalHeadlines__TriggeredItem-sc-f2811a1-0 bOTOdX\">\n<p>2<\/p>\n<p><a href=\"https:\/\/yle.fi\/t\/18-216110\/fi\" data-testid=\"minimal-headline-tag\" aria-label=\"Pelit \u2013 Lis\u00e4\u00e4 aiheesta\" class=\"ydscr__sc-w5hh4y-0 eOGiSH MinimalHeadlines__Concept-sc-f2811a1-9 ezVWSa\" rel=\"nofollow noopener\" target=\"_blank\">Pelit<\/a><a href=\"https:\/\/yle.fi\/a\/74-20131998\" class=\"MinimalHeadlines__Title-sc-f2811a1-6 eUXYcX visitable-link\" rel=\"nofollow noopener\" target=\"_blank\">Ratkaise Sanapyramidi!<\/a><\/li>\n<li class=\"MinimalHeadlines__TriggeredItem-sc-f2811a1-0 bOTOdX\">\n<p>3<\/p>\n<p><a href=\"https:\/\/yle.fi\/t\/18-204681\/fi\" data-testid=\"minimal-headline-tag\" aria-label=\"Terrori-iskut \u2013 Lis\u00e4\u00e4 aiheesta\" class=\"ydscr__sc-w5hh4y-0 eOGiSH MinimalHeadlines__Concept-sc-f2811a1-9 ezVWSa\" rel=\"nofollow noopener\" target=\"_blank\">Terrori-iskut<\/a><a href=\"https:\/\/yle.fi\/a\/74-20201289\" class=\"MinimalHeadlines__Title-sc-f2811a1-6 eUXYcX visitable-link\" rel=\"nofollow noopener\" target=\"_blank\">Australiassa \u201djouluihme\u201d \u2013 Sydneyn veril\u00f6ylyss\u00e4 p\u00e4\u00e4h\u00e4n ammuttu poliisi kotiutui sairaalasta<\/a><\/li>\n<li class=\"MinimalHeadlines__TriggeredItem-sc-f2811a1-0 bOTOdX\">\n<p>4<\/p>\n<p><a href=\"https:\/\/yle.fi\/t\/18-334977\/fi\" data-testid=\"minimal-headline-tag\" aria-label=\"Ven\u00e4j\u00e4n hy\u00f6kk\u00e4ys \u2013 Lis\u00e4\u00e4 aiheesta\" class=\"ydscr__sc-w5hh4y-0 eOGiSH MinimalHeadlines__Concept-sc-f2811a1-9 ezVWSa\" rel=\"nofollow noopener\" target=\"_blank\">Ven\u00e4j\u00e4n hy\u00f6kk\u00e4ys<\/a><a href=\"https:\/\/yle.fi\/a\/74-20010573\" class=\"MinimalHeadlines__Title-sc-f2811a1-6 eUXYcX visitable-link\" rel=\"nofollow noopener\" target=\"_blank\">Ven\u00e4j\u00e4 iski Ukrainan energiaverkkoon<\/a><\/li>\n<li class=\"MinimalHeadlines__TriggeredItem-sc-f2811a1-0 bOTOdX\">\n<p>5<\/p>\n<p><a href=\"https:\/\/yle.fi\/t\/18-213332\/fi\" data-testid=\"minimal-headline-tag\" aria-label=\"Kansainv\u00e4linen politiikka \u2013 Lis\u00e4\u00e4 aiheesta\" class=\"ydscr__sc-w5hh4y-0 eOGiSH MinimalHeadlines__Concept-sc-f2811a1-9 ezVWSa\" rel=\"nofollow noopener\" target=\"_blank\">Kansainv\u00e4linen politiikka<\/a><a href=\"https:\/\/yle.fi\/a\/74-20201179\" class=\"MinimalHeadlines__Title-sc-f2811a1-6 eUXYcX visitable-link\" rel=\"nofollow noopener\" target=\"_blank\">Analyysi: Trumpin uusi nimitys paljastaa, ett\u00e4 h\u00e4n todella haluaa Gr\u00f6nlannin<\/a><\/li>\n<\/ol>\n<p>Tuoreimmat<\/p>\n<ol aria-labelledby=\"sb-most-recent\">\n<li class=\"MinimalHeadlines__TriggeredItem-sc-f2811a1-0 bOTOdX\">10:51<a href=\"https:\/\/yle.fi\/t\/18-206418\/fi\" data-testid=\"minimal-headline-tag\" aria-label=\"M\u00e4kihyppy \u2013 Lis\u00e4\u00e4 aiheesta\" class=\"ydscr__sc-w5hh4y-0 eOGiSH MinimalHeadlines__Concept-sc-f2811a1-9 ezVWSa\" rel=\"nofollow noopener\" target=\"_blank\">M\u00e4kihyppy<\/a><a href=\"https:\/\/yle.fi\/a\/74-20201307\" class=\"MinimalHeadlines__Title-sc-f2811a1-6 eUXYcX visitable-link\" rel=\"nofollow noopener\" target=\"_blank\">Ven\u00e4l\u00e4isille m\u00e4kihypp\u00e4\u00e4jille olympiakelpoisuus \u2013 saattavat hyp\u00e4t\u00e4 jo Keski-Euroopan m\u00e4kiviikolla<\/a><\/li>\n<li class=\"MinimalHeadlines__TriggeredItem-sc-f2811a1-0 bOTOdX\">10:46<a href=\"https:\/\/yle.fi\/t\/18-219937\/fi\" data-testid=\"minimal-headline-tag\" aria-label=\"Juhlat \u2013 Lis\u00e4\u00e4 aiheesta\" class=\"ydscr__sc-w5hh4y-0 eOGiSH MinimalHeadlines__Concept-sc-f2811a1-9 ezVWSa\" rel=\"nofollow noopener\" target=\"_blank\">Juhlat<\/a><a href=\"https:\/\/yle.fi\/a\/74-20201282\" class=\"MinimalHeadlines__Title-sc-f2811a1-6 eUXYcX visitable-link\" rel=\"nofollow noopener\" target=\"_blank\">Miten teet joulun? L\u00e4het\u00e4 meille oma kuvasi<\/a><\/li>\n<li class=\"MinimalHeadlines__TriggeredItem-sc-f2811a1-0 bOTOdX\">10:44<a href=\"https:\/\/yle.fi\/t\/18-204765\/fi\" data-testid=\"minimal-headline-tag\" aria-label=\"Hyvinvointi \u2013 Lis\u00e4\u00e4 aiheesta\" class=\"ydscr__sc-w5hh4y-0 eOGiSH MinimalHeadlines__Concept-sc-f2811a1-9 ezVWSa\" rel=\"nofollow noopener\" target=\"_blank\">Hyvinvointi<\/a><a href=\"https:\/\/yle.fi\/a\/74-20199220\" class=\"MinimalHeadlines__Title-sc-f2811a1-6 eUXYcX visitable-link\" rel=\"nofollow noopener\" target=\"_blank\">Britit hullaantuivat saunasta \u2013 ongelmia aiheuttavat vain nakuilu ja hiljaisuus<\/a><\/li>\n<li class=\"MinimalHeadlines__TriggeredItem-sc-f2811a1-0 bOTOdX\">10:43<a href=\"https:\/\/yle.fi\/t\/18-217084\/fi\" data-testid=\"minimal-headline-tag\" aria-label=\"Oikeudenk\u00e4ynnit \u2013 Lis\u00e4\u00e4 aiheesta\" class=\"ydscr__sc-w5hh4y-0 eOGiSH MinimalHeadlines__Concept-sc-f2811a1-9 ezVWSa\" rel=\"nofollow noopener\" target=\"_blank\">Oikeudenk\u00e4ynnit<\/a><a href=\"https:\/\/yle.fi\/a\/74-20201300\" class=\"MinimalHeadlines__Title-sc-f2811a1-6 eUXYcX visitable-link\" rel=\"nofollow noopener\" target=\"_blank\">L\u00e4hes kaikkien D\u00f6dspatrullen-yhteyksist\u00e4 ep\u00e4iltyjen tuomiot kovenivat hovioikeudessa<\/a><\/li>\n<li class=\"MinimalHeadlines__TriggeredItem-sc-f2811a1-0 bOTOdX\">10:40<a href=\"https:\/\/yle.fi\/t\/18-220306\/fi\" data-testid=\"minimal-headline-tag\" aria-label=\"Politiikka \u2013 Lis\u00e4\u00e4 aiheesta\" class=\"ydscr__sc-w5hh4y-0 eOGiSH MinimalHeadlines__Concept-sc-f2811a1-9 ezVWSa\" rel=\"nofollow noopener\" target=\"_blank\">Politiikka<\/a><a href=\"https:\/\/yle.fi\/a\/74-20201306\" class=\"MinimalHeadlines__Title-sc-f2811a1-6 eUXYcX visitable-link\" rel=\"nofollow noopener\" target=\"_blank\">Passikuvaa ei voisi jatkossa ottaa omin p\u00e4in \u2013 esitysluonnos l\u00e4hti lausunnoille<\/a><\/li>\n<li class=\"MinimalHeadlines__TriggeredItem-sc-f2811a1-0 bOTOdX\">10:37<a href=\"https:\/\/yle.fi\/t\/18-217946\/fi\" data-testid=\"minimal-headline-tag\" aria-label=\"Liikenne \u2013 Lis\u00e4\u00e4 aiheesta\" class=\"ydscr__sc-w5hh4y-0 eOGiSH MinimalHeadlines__Concept-sc-f2811a1-9 ezVWSa\" rel=\"nofollow noopener\" target=\"_blank\">Liikenne<\/a><a href=\"https:\/\/yle.fi\/a\/74-20201305\" class=\"MinimalHeadlines__Title-sc-f2811a1-6 eUXYcX visitable-link\" rel=\"nofollow noopener\" target=\"_blank\">Lapissa junaliikenteen odotetaan palautuvan normaaliksi<\/a><\/li>\n<li class=\"MinimalHeadlines__TriggeredItem-sc-f2811a1-0 bOTOdX\">10:33<a href=\"https:\/\/yle.fi\/t\/18-220306\/fi\" data-testid=\"minimal-headline-tag\" aria-label=\"Politiikka \u2013 Lis\u00e4\u00e4 aiheesta\" class=\"ydscr__sc-w5hh4y-0 eOGiSH MinimalHeadlines__Concept-sc-f2811a1-9 ezVWSa\" rel=\"nofollow noopener\" target=\"_blank\">Politiikka<\/a><a href=\"https:\/\/yle.fi\/a\/74-20199024\" class=\"MinimalHeadlines__Title-sc-f2811a1-6 eUXYcX visitable-link\" rel=\"nofollow noopener\" target=\"_blank\">SDP:l\u00e4iset antavat Antti Lindtmanille kiitett\u00e4v\u00e4n arvosanan, mutta puheenjohtajan ajama talouslinja jakaa mielipiteit\u00e4<\/a><\/li>\n<li class=\"MinimalHeadlines__TriggeredItem-sc-f2811a1-0 bOTOdX\">10:25<a href=\"https:\/\/yle.fi\/t\/18-219937\/fi\" data-testid=\"minimal-headline-tag\" aria-label=\"Juhlat \u2013 Lis\u00e4\u00e4 aiheesta\" class=\"ydscr__sc-w5hh4y-0 eOGiSH MinimalHeadlines__Concept-sc-f2811a1-9 ezVWSa\" rel=\"nofollow noopener\" target=\"_blank\">Juhlat<\/a><a href=\"https:\/\/yle.fi\/a\/74-20200833\" class=\"MinimalHeadlines__Title-sc-f2811a1-6 eUXYcX visitable-link\" rel=\"nofollow noopener\" target=\"_blank\">Kolmen lapsen yksin\u00adhuoltaja Essi Eravuori maksaa joulua viel\u00e4 maalis\u00adkuussakin: \u201dRahat eiv\u00e4t riit\u00e4 arkeenkaan\u201d<\/a><\/li>\n<li class=\"MinimalHeadlines__TriggeredItem-sc-f2811a1-0 bOTOdX\">10:01<a href=\"https:\/\/yle.fi\/t\/18-204681\/fi\" data-testid=\"minimal-headline-tag\" aria-label=\"Terrori-iskut \u2013 Lis\u00e4\u00e4 aiheesta\" class=\"ydscr__sc-w5hh4y-0 eOGiSH MinimalHeadlines__Concept-sc-f2811a1-9 ezVWSa\" rel=\"nofollow noopener\" target=\"_blank\">Terrori-iskut<\/a><a href=\"https:\/\/yle.fi\/a\/74-20201289\" class=\"MinimalHeadlines__Title-sc-f2811a1-6 eUXYcX visitable-link\" rel=\"nofollow noopener\" target=\"_blank\">Australiassa \u201djouluihme\u201d \u2013 Sydneyn veril\u00f6ylyss\u00e4 p\u00e4\u00e4h\u00e4n ammuttu poliisi kotiutui sairaalasta<\/a><\/li>\n<li class=\"MinimalHeadlines__TriggeredItem-sc-f2811a1-0 bOTOdX\">9:30<a href=\"https:\/\/yle.fi\/t\/18-220635\/fi\" data-testid=\"minimal-headline-tag\" aria-label=\"Ik\u00e4\u00e4ntyminen \u2013 Lis\u00e4\u00e4 aiheesta\" class=\"ydscr__sc-w5hh4y-0 eOGiSH MinimalHeadlines__Concept-sc-f2811a1-9 ezVWSa\" rel=\"nofollow noopener\" target=\"_blank\">Ik\u00e4\u00e4ntyminen<\/a><a href=\"https:\/\/yle.fi\/a\/74-20198444\" class=\"MinimalHeadlines__Title-sc-f2811a1-6 eUXYcX visitable-link\" rel=\"nofollow noopener\" target=\"_blank\">Rauha Jokela, 82, sytytt\u00e4\u00e4 takan joka p\u00e4iv\u00e4, mutta ei aio p\u00e4\u00e4ty\u00e4 onnettomuustilastoihin \u2013 \u201dTeen sen ajatuksen kanssa\u201d<\/a><\/li>\n<li class=\"MinimalHeadlines__TriggeredItem-sc-f2811a1-0 bOTOdX\">9:04<a href=\"https:\/\/yle.fi\/t\/18-95258\/fi\" data-testid=\"minimal-headline-tag\" aria-label=\"Maahanmuutto \u2013 Lis\u00e4\u00e4 aiheesta\" class=\"ydscr__sc-w5hh4y-0 eOGiSH MinimalHeadlines__Concept-sc-f2811a1-9 ezVWSa\" rel=\"nofollow noopener\" target=\"_blank\">Maahanmuutto<\/a><a href=\"https:\/\/yle.fi\/a\/74-20201279\" class=\"MinimalHeadlines__Title-sc-f2811a1-6 eUXYcX visitable-link\" rel=\"nofollow noopener\" target=\"_blank\">Tilasto\u00adkeskus: Maahan\u00admuuttojen m\u00e4\u00e4r\u00e4 romahti viime vuodesta<\/a><\/li>\n<li class=\"MinimalHeadlines__TriggeredItem-sc-f2811a1-0 bOTOdX\">8:55<a href=\"https:\/\/yle.fi\/t\/18-217329\/fi\" data-testid=\"minimal-headline-tag\" aria-label=\"Turvallisuus \u2013 Lis\u00e4\u00e4 aiheesta\" class=\"ydscr__sc-w5hh4y-0 eOGiSH MinimalHeadlines__Concept-sc-f2811a1-9 ezVWSa\" rel=\"nofollow noopener\" target=\"_blank\">Turvallisuus<\/a><a href=\"https:\/\/yle.fi\/a\/74-20201277\" class=\"MinimalHeadlines__Title-sc-f2811a1-6 eUXYcX visitable-link\" rel=\"nofollow noopener\" target=\"_blank\">Puolan ilmavoimat l\u00e4hetti h\u00e4vitt\u00e4j\u00e4t turvaamaan ilmatilaansa<\/a><\/li>\n<li class=\"MinimalHeadlines__TriggeredItem-sc-f2811a1-0 bOTOdX\">8:45<a href=\"https:\/\/yle.fi\/t\/18-213332\/fi\" data-testid=\"minimal-headline-tag\" aria-label=\"Kansainv\u00e4linen politiikka \u2013 Lis\u00e4\u00e4 aiheesta\" class=\"ydscr__sc-w5hh4y-0 eOGiSH MinimalHeadlines__Concept-sc-f2811a1-9 ezVWSa\" rel=\"nofollow noopener\" target=\"_blank\">Kansainv\u00e4linen politiikka<\/a><a href=\"https:\/\/yle.fi\/a\/74-20201179\" class=\"MinimalHeadlines__Title-sc-f2811a1-6 eUXYcX visitable-link\" rel=\"nofollow noopener\" target=\"_blank\">Analyysi: Trumpin uusi nimitys paljastaa, ett\u00e4 h\u00e4n todella haluaa Gr\u00f6nlannin<\/a><\/li>\n<li class=\"MinimalHeadlines__TriggeredItem-sc-f2811a1-0 bOTOdX\">8:44<a href=\"https:\/\/yle.fi\/t\/18-203951\/fi\" data-testid=\"minimal-headline-tag\" aria-label=\"Rakennukset \u2013 Lis\u00e4\u00e4 aiheesta\" class=\"ydscr__sc-w5hh4y-0 eOGiSH MinimalHeadlines__Concept-sc-f2811a1-9 ezVWSa\" rel=\"nofollow noopener\" target=\"_blank\">Rakennukset<\/a><a href=\"https:\/\/yle.fi\/a\/74-20200600\" class=\"MinimalHeadlines__Title-sc-f2811a1-6 eUXYcX visitable-link\" rel=\"nofollow noopener\" target=\"_blank\">Ouluun rakennetaan stadionia, jonka hintalappu nousi yll\u00e4tt\u00e4en miljoonilla euroilla<\/a><\/li>\n<li class=\"MinimalHeadlines__TriggeredItem-sc-f2811a1-0 bOTOdX\">\n<p>8:24<\/p>\n<p><a href=\"https:\/\/yle.fi\/t\/18-208921\/fi\" data-testid=\"minimal-headline-tag\" aria-label=\"Ty\u00f6llisyys \u2013 Lis\u00e4\u00e4 aiheesta\" class=\"ydscr__sc-w5hh4y-0 eOGiSH MinimalHeadlines__Concept-sc-f2811a1-9 ezVWSa\" rel=\"nofollow noopener\" target=\"_blank\">Ty\u00f6llisyys<\/a><a href=\"https:\/\/yle.fi\/a\/74-20201272\" class=\"MinimalHeadlines__Title-sc-f2811a1-6 eUXYcX visitable-link\" rel=\"nofollow noopener\" target=\"_blank\">Ty\u00f6tt\u00f6myys noussut Satakunnassa hitaammin kuin muualla \u2013 avoimia ty\u00f6paikkoja silti nelj\u00e4nnes v\u00e4hemm\u00e4n kuin vuosi sitten<\/a><\/li>\n<\/ol>\n<p>T\u00e4st\u00e4 keskustellaan nyt<\/p>\n<ol aria-labelledby=\"sb-most-commented\">\n<li class=\"MinimalHeadlines__TriggeredItem-sc-f2811a1-0 bOTOdX\">\n<p>1<\/p>\n<p><a href=\"https:\/\/yle.fi\/t\/18-220306\/fi\" data-testid=\"minimal-headline-tag\" aria-label=\"Politiikka \u2013 Lis\u00e4\u00e4 aiheesta\" class=\"ydscr__sc-w5hh4y-0 eOGiSH MinimalHeadlines__Concept-sc-f2811a1-9 ezVWSa\" rel=\"nofollow noopener\" target=\"_blank\">Politiikka<\/a><a href=\"https:\/\/yle.fi\/a\/74-20200002\" class=\"MinimalHeadlines__Title-sc-f2811a1-6 eUXYcX visitable-link\" rel=\"nofollow noopener\" target=\"_blank\">Joululahja kiersi j\u00e4lleen eduskunnassa, ja sen laittoi liikkeelle Riikka Purra \u2013 antoi sen yll\u00e4tt\u00e4v\u00e4lle henkil\u00f6lle<\/a><a href=\"https:\/\/yle.fi\/a\/74-20200002#comments\" class=\"Typography-sc-8becf565-0 StoryCommentsCount__CommentsLink-sc-c017df14-0 YmdeV gsunmv MinimalHeadlines__StyledStoryCommentsCount-sc-f2811a1-5 bXToFu\" aria-label=\"Keskustele, 125 kommenttia\" rel=\"nofollow noopener\" target=\"_blank\">125<\/a><\/li>\n<li class=\"MinimalHeadlines__TriggeredItem-sc-f2811a1-0 bOTOdX\">\n<p>2<\/p>\n<p><a href=\"https:\/\/yle.fi\/t\/18-220306\/fi\" data-testid=\"minimal-headline-tag\" aria-label=\"Politiikka \u2013 Lis\u00e4\u00e4 aiheesta\" class=\"ydscr__sc-w5hh4y-0 eOGiSH MinimalHeadlines__Concept-sc-f2811a1-9 ezVWSa\" rel=\"nofollow noopener\" target=\"_blank\">Politiikka<\/a><a href=\"https:\/\/yle.fi\/a\/74-20200847\" class=\"MinimalHeadlines__Title-sc-f2811a1-6 eUXYcX visitable-link\" rel=\"nofollow noopener\" target=\"_blank\">Petteri Orpo nopeasta yll\u00e4tys\u00adp\u00e4\u00e4t\u00f6ksest\u00e4 Ukraina-tuessa: Mandaatti riitti ja soitin y\u00f6ll\u00e4 Suomeen<\/a><a href=\"https:\/\/yle.fi\/a\/74-20200847#comments\" class=\"Typography-sc-8becf565-0 StoryCommentsCount__CommentsLink-sc-c017df14-0 YmdeV gsunmv MinimalHeadlines__StyledStoryCommentsCount-sc-f2811a1-5 bXToFu\" aria-label=\"Keskustele, 92 kommenttia\" rel=\"nofollow noopener\" target=\"_blank\">92<\/a><\/li>\n<li class=\"MinimalHeadlines__TriggeredItem-sc-f2811a1-0 bOTOdX\">\n<p>3<\/p>\n<p><a href=\"https:\/\/yle.fi\/t\/18-215554\/fi\" data-testid=\"minimal-headline-tag\" aria-label=\"Ruoka \u2013 Lis\u00e4\u00e4 aiheesta\" class=\"ydscr__sc-w5hh4y-0 eOGiSH MinimalHeadlines__Concept-sc-f2811a1-9 ezVWSa\" rel=\"nofollow noopener\" target=\"_blank\">Ruoka<\/a><a href=\"https:\/\/yle.fi\/a\/74-20199147\" class=\"MinimalHeadlines__Title-sc-f2811a1-6 eUXYcX visitable-link\" rel=\"nofollow noopener\" target=\"_blank\">Tunkutarjotin vie joulup\u00f6yd\u00e4ss\u00e4 huomiota kinkulta \u2013 suomalaiset sy\u00f6v\u00e4t t\u00e4n\u00e4 vuonna juustoa kenties enemm\u00e4n kuin koskaan<\/a><a href=\"https:\/\/yle.fi\/a\/74-20199147#comments\" class=\"Typography-sc-8becf565-0 StoryCommentsCount__CommentsLink-sc-c017df14-0 YmdeV gsunmv MinimalHeadlines__StyledStoryCommentsCount-sc-f2811a1-5 bXToFu\" aria-label=\"Keskustele, 53 kommenttia\" rel=\"nofollow noopener\" target=\"_blank\">53<\/a><\/li>\n<\/ol>\n<p>Takaisin sivun alkuun<\/p>\n<ul class=\"GridSystem__GridCell-sc-886966b2-0 Footer__List-sc-fb857fe3-4 juZbVM gANPZE\">\n<li><a href=\"https:\/\/yle.fi\/aihe\/yleisradio\" class=\"Typography-sc-8becf565-0 coXzWz link-accent\" rel=\"nofollow noopener\" target=\"_blank\">Yle yhti\u00f6n\u00e4<\/a><\/li>\n<li><a href=\"https:\/\/yle.fi\/aihe\/yleisradio\/tietosuoja\" class=\"Typography-sc-8becf565-0 coXzWz link-accent\" rel=\"nofollow noopener\" target=\"_blank\">Tietosuojalauseke<\/a><\/li>\n<li><a href=\"https:\/\/yle.fi\/aihe\/a\/20-10008759\" class=\"Typography-sc-8becf565-0 coXzWz link-accent\" rel=\"nofollow noopener\" target=\"_blank\">Saavutettavuusseloste<\/a><\/li>\n<li><a href=\"https:\/\/yle.fi\/aihe\/s\/yleisradio\/evastekaytannot\" class=\"Typography-sc-8becf565-0 coXzWz link-accent\" rel=\"nofollow noopener\" target=\"_blank\">Ev\u00e4stek\u00e4yt\u00e4nn\u00f6t<\/a><\/li>\n<li><a href=\"https:\/\/asiakaspalvelu.yle.fi\" class=\"Typography-sc-8becf565-0 coXzWz link-accent\" rel=\"nofollow noopener\" target=\"_blank\">Asiakaspalvelu<\/a><\/li>\n<li><a href=\"https:\/\/yle.fi\/aihe\/yleisradio\/toihin-ylelle\" class=\"Typography-sc-8becf565-0 coXzWz link-accent\" rel=\"nofollow noopener\" target=\"_blank\">Avoimet ty\u00f6paikat<\/a><\/li>\n<li><a href=\"https:\/\/yle.fi\/aihe\/yleisradio\/ylen-yhteystiedot\" class=\"Typography-sc-8becf565-0 coXzWz link-accent\" rel=\"nofollow noopener\" target=\"_blank\">Ylen perus- ja yhteystiedot<\/a><\/li>\n<\/ul>\n<p><img decoding=\"async\" loading=\"lazy\" src=\"https:\/\/yle.fi\/ukko\/assets\/img\/vastuullista-journalismia.svg\" alt=\"Vastuullista journalismia\" class=\"Footer__JSNBadge-sc-fb857fe3-5 hMDLjs\"\/><a href=\"https:\/\/yle.fi\" rel=\"nofollow noopener\" target=\"_blank\"><\/a><\/p>\n","protected":false},"excerpt":{"rendered":"Hypp\u00e4\u00e4 sis\u00e4lt\u00f6\u00f6nHypp\u00e4\u00e4 sis\u00e4lt\u00f6\u00f6n Etusivu Ven\u00e4j\u00e4n hy\u00f6kk\u00e4ysYle K\u00e4\u00e4reSanapyramidi Hae Valikko Haemme s\u00e4\u00e4tietoja&#8230; Hae Ylen sis\u00e4lt\u00f6j\u00e4 L\u00e4het\u00e4 uutiskuva tai \u2011video&hellip;\n","protected":false},"author":2,"featured_media":74,"comment_status":"","ping_status":"","sticky":false,"template":"","format":"standard","meta":{"footnotes":""},"categories":[14],"tags":[22,23,26,27,33,31,30,17,70,24,25,28,29,15,18,21,32,19,20,1303,56,16,547,987,59,60,61],"class_list":{"0":"post-123875","1":"post","2":"type-post","3":"status-publish","4":"format-standard","5":"has-post-thumbnail","7":"category-ulkomaat","8":"tag-breaking-news","9":"tag-breakingnews","10":"tag-featured-news","11":"tag-featurednews","12":"tag-fi","13":"tag-finland","14":"tag-finnish","15":"tag-headlines","16":"tag-kansainvalinen-politiikka","17":"tag-latest-news","18":"tag-latestnews","19":"tag-main-news","20":"tag-mainnews","21":"tag-news","22":"tag-otsikot","23":"tag-paauutiset","24":"tag-suomi","25":"tag-top-stories","26":"tag-topstories","27":"tag-ukraina","28":"tag-ulkomaat","29":"tag-uutiset","30":"tag-venaja","31":"tag-venajan-hyokkays","32":"tag-world","33":"tag-world-news","34":"tag-worldnews"},"share_on_mastodon":{"url":"https:\/\/pubeurope.com\/@fi\/115768040276983841","error":""},"_links":{"self":[{"href":"https:\/\/www.europesays.com\/fi\/wp-json\/wp\/v2\/posts\/123875","targetHints":{"allow":["GET"]}}],"collection":[{"href":"https:\/\/www.europesays.com\/fi\/wp-json\/wp\/v2\/posts"}],"about":[{"href":"https:\/\/www.europesays.com\/fi\/wp-json\/wp\/v2\/types\/post"}],"author":[{"embeddable":true,"href":"https:\/\/www.europesays.com\/fi\/wp-json\/wp\/v2\/users\/2"}],"replies":[{"embeddable":true,"href":"https:\/\/www.europesays.com\/fi\/wp-json\/wp\/v2\/comments?post=123875"}],"version-history":[{"count":0,"href":"https:\/\/www.europesays.com\/fi\/wp-json\/wp\/v2\/posts\/123875\/revisions"}],"wp:featuredmedia":[{"embeddable":true,"href":"https:\/\/www.europesays.com\/fi\/wp-json\/wp\/v2\/media\/74"}],"wp:attachment":[{"href":"https:\/\/www.europesays.com\/fi\/wp-json\/wp\/v2\/media?parent=123875"}],"wp:term":[{"taxonomy":"category","embeddable":true,"href":"https:\/\/www.europesays.com\/fi\/wp-json\/wp\/v2\/categories?post=123875"},{"taxonomy":"post_tag","embeddable":true,"href":"https:\/\/www.europesays.com\/fi\/wp-json\/wp\/v2\/tags?post=123875"}],"curies":[{"name":"wp","href":"https:\/\/api.w.org\/{rel}","templated":true}]}}