{"id":123882,"date":"2025-12-23T09:10:07","date_gmt":"2025-12-23T09:10:07","guid":{"rendered":"https:\/\/www.europesays.com\/fi\/123882\/"},"modified":"2025-12-23T09:10:07","modified_gmt":"2025-12-23T09:10:07","slug":"huomenta-suomi-uudistuu-pidennetty-lahetysaika-ja-uusi-ilme","status":"publish","type":"post","link":"https:\/\/www.europesays.com\/fi\/123882\/","title":{"rendered":"Huomenta Suomi uudistuu: Pidennetty l\u00e4hetysaika ja uusi ilme"},"content":{"rendered":"<p>\n            Huomenta Suomi<br \/>\n            MTV\n        <\/p>\n<p class=\"subtitle \">MTV:n aamuohjelma Huomenta Suomi kokee alkuvuodesta suuren muutoksen.<\/p>\n<p class=\"article-content article-content-width !bg-background\">Huomenta Suomi kuuluu MTV:n p\u00e4ivitt\u00e4iseen ohjelmistoon. Ajankohtaisohjelmassa k\u00e4yd\u00e4\u00e4n l\u00e4pi p\u00e4iv\u00e4n uutiset, puheenaiheet ja ilmi\u00f6t.<\/p>\n<p class=\"italic m-italic article-content article-content-width !bg-background\">Video: Kurkista MTV:n uutisstudioon.<\/p>\n<p class=\"article-content article-content-width !bg-background\">Huomenta Suomi uudistuu 7. tammikuuta alkaen. Ohjelmaa tullaan esitt\u00e4m\u00e4\u00e4n arkisin kaksi tuntia pidemp\u00e4\u00e4n kuin aiemmin eli puolille p\u00e4ivin saakka.<\/p>\n<p class=\"article-content article-content-width !bg-background\">Huomenta Suomen tuottaja ja suunnittelija  sek\u00e4 suunnittelija ja uutisankkuri  kertovat ohjelman l\u00e4hetyksess\u00e4 23.12. mist\u00e4 muutoksessa on kyse.<\/p>\n<p class=\"article-content article-content-width !bg-background\">\u2013 Meill\u00e4 on ollut tosi hyv\u00e4 vuosi. Katsojat selke\u00e4sti pit\u00e4v\u00e4t ohjelmastamme, ja meill\u00e4 on todella paljon ideoita, Valpuri toteaa  haastattelussa.<\/p>\n<p>        <a itemprop=\"url\" href=\"https:\/\/www.seiska.fi\/katso\/huomenta-suomen-juontaja-suututti-katsojat\/1988845\" rel=\"nofollow noopener\" target=\"_blank\"><\/p>\n<p>\nHuomenta Suomi\n<\/p>\n<p class=\"section-date\">\n        <strong class=\"article-section\" data-section=\"katso\"><br \/>\n            katso<br \/>\n        <\/strong><br \/>\n        10.11. 15:15\n    <\/p>\n<p>Huomenta Suomen juontaja suututti katsojat\n    <\/p>\n<p itemprop=\"description\" class=\"subtitle \">\n    Shahin Doagun ja K\u00e4\u00e4rij\u00e4n kohtaaminen ei l\u00e4mmitt\u00e4nyt katsojien mielt\u00e4.\n<\/p>\n<p>        <\/a><\/p>\n<p class=\"article-content article-content-width !bg-background\">Jatkossa ohjelmassa on uutisten lis\u00e4ksi luvassa el\u00e4m\u00e4nmakuista, keve\u00e4mp\u00e4\u00e4 sis\u00e4lt\u00f6\u00e4. Janne lis\u00e4\u00e4, ett\u00e4 my\u00f6s tuhti urheilupaketti tarjoillaan uutisten kyljess\u00e4.<\/p>\n<p class=\"article-content article-content-width !bg-background\">\u2013 Meill\u00e4 on tullut lis\u00e4vahvuutta tekem\u00e4\u00e4n t\u00e4t\u00e4 (ohjelmaa), erikoistoimittajia muun muassa terveyteen ja ruokaan liittyen. Meill\u00e4 on viihdetoimittaja my\u00f6s mukana. Kattavasti saadaan kyll\u00e4 el\u00e4m\u00e4n eri s\u00e4vyj\u00e4 mukaan, Valpuri mainostaa.<\/p>\n<p>My\u00f6s t\u00e4m\u00e4 muuttuu<\/p>\n<p class=\"article-content article-content-width !bg-background\">Huomenta Suomen visuaalinen ilme tulee my\u00f6s muuttumaan. Uutisstudio saa keltaisen ja puun s\u00e4vyt. Keltaisista penkeist\u00e4 luovutaan, ja samalla haastattelulokaatio siirtyy studiossa vastakkaiselle puolelle.<\/p>\n<p class=\"article-content article-content-width !bg-background\">\u2013 Olemme saamassa my\u00f6s AR-auringon, joka meille kajastaa joka aamu, Valpuri paljastaa viitaten virtuaaliaurinkoon.<\/p>\n<p>        <a itemprop=\"url\" href=\"https:\/\/www.seiska.fi\/katso\/teresa-merilainen-ahon-pokka-petti-uutislahetyksessa\/1943202\" rel=\"nofollow noopener\" target=\"_blank\"><\/p>\n<p>\nTeresa Meril\u00e4inen-Aho\n<\/p>\n<p class=\"section-date\">\n        <strong class=\"article-section\" data-section=\"katso\"><br \/>\n            katso<br \/>\n        <\/strong><br \/>\n        26.9. 15:15\n    <\/p>\n<p>Teresa Meril\u00e4inen-Ahon pokka petti uutisl\u00e4hetyksess\u00e4\n    <\/p>\n<p itemprop=\"description\" class=\"subtitle \">\n    MTV:n uutisankkuri Teresa Meril\u00e4inen-Aho huvittui urheilus\u00e4hkeest\u00e4.\n<\/p>\n<p>        <\/a><\/p>\n<p class=\"italic m-italic article-content article-content-width !bg-background\">Huomenta Suomi p\u00e4ivitt\u00e4in MTV3:lla ja MTV Katsomossa.<\/p>\n<p>        <a itemprop=\"url\" href=\"https:\/\/www.seiska.fi\/katso\/huomenta-suomen-juontaja-kertoo-potkuistaan\/1858650\" rel=\"nofollow noopener\" target=\"_blank\"><\/p>\n<p>\nHuomenta Suomen juontaja\n<\/p>\n<p class=\"section-date\">\n        <strong class=\"article-section\" data-section=\"katso\"><br \/>\n            katso<br \/>\n        <\/strong><br \/>\n        4.7. 12:15\n    <\/p>\n<p>Huomenta Suomen juontaja kertoo potkuistaan\n    <\/p>\n<p itemprop=\"description\" class=\"subtitle \">\n    Ivan Puopolo on ty\u00f6skennellyt niin MTV:ll\u00e4, Yless\u00e4 kuin teatterissakin.\n<\/p>\n<p>        <\/a><\/p>\n","protected":false},"excerpt":{"rendered":"Huomenta Suomi MTV MTV:n aamuohjelma Huomenta Suomi kokee alkuvuodesta suuren muutoksen. Huomenta Suomi kuuluu MTV:n p\u00e4ivitt\u00e4iseen ohjelmistoon. Ajankohtaisohjelmassa&hellip;\n","protected":false},"author":2,"featured_media":123883,"comment_status":"","ping_status":"","sticky":false,"template":"","format":"standard","meta":{"footnotes":""},"categories":[133],"tags":[137,33,31,30,7828,22139,2376,905,11944,32,206,1318,156,22140,109],"class_list":{"0":"post-123882","1":"post","2":"type-post","3":"status-publish","4":"format-standard","5":"has-post-thumbnail","7":"category-televisiot","8":"tag-entertainment","9":"tag-fi","10":"tag-finland","11":"tag-finnish","12":"tag-huomenta-suomi","13":"tag-janne-ahjopalo","14":"tag-mtv","15":"tag-mtv3","16":"tag-muutos","17":"tag-suomi","18":"tag-televisiot","19":"tag-tv-ohjelma","20":"tag-tv","21":"tag-valpuri-haapala","22":"tag-viihde"},"share_on_mastodon":{"url":"https:\/\/pubeurope.com\/@fi\/115768107091758522","error":""},"_links":{"self":[{"href":"https:\/\/www.europesays.com\/fi\/wp-json\/wp\/v2\/posts\/123882","targetHints":{"allow":["GET"]}}],"collection":[{"href":"https:\/\/www.europesays.com\/fi\/wp-json\/wp\/v2\/posts"}],"about":[{"href":"https:\/\/www.europesays.com\/fi\/wp-json\/wp\/v2\/types\/post"}],"author":[{"embeddable":true,"href":"https:\/\/www.europesays.com\/fi\/wp-json\/wp\/v2\/users\/2"}],"replies":[{"embeddable":true,"href":"https:\/\/www.europesays.com\/fi\/wp-json\/wp\/v2\/comments?post=123882"}],"version-history":[{"count":0,"href":"https:\/\/www.europesays.com\/fi\/wp-json\/wp\/v2\/posts\/123882\/revisions"}],"wp:featuredmedia":[{"embeddable":true,"href":"https:\/\/www.europesays.com\/fi\/wp-json\/wp\/v2\/media\/123883"}],"wp:attachment":[{"href":"https:\/\/www.europesays.com\/fi\/wp-json\/wp\/v2\/media?parent=123882"}],"wp:term":[{"taxonomy":"category","embeddable":true,"href":"https:\/\/www.europesays.com\/fi\/wp-json\/wp\/v2\/categories?post=123882"},{"taxonomy":"post_tag","embeddable":true,"href":"https:\/\/www.europesays.com\/fi\/wp-json\/wp\/v2\/tags?post=123882"}],"curies":[{"name":"wp","href":"https:\/\/api.w.org\/{rel}","templated":true}]}}