{"id":123894,"date":"2025-12-23T09:20:24","date_gmt":"2025-12-23T09:20:24","guid":{"rendered":"https:\/\/www.europesays.com\/fi\/123894\/"},"modified":"2025-12-23T09:20:24","modified_gmt":"2025-12-23T09:20:24","slug":"yksi-kuoli-rekan-ja-henkiloauton-nokkakolarissa-sastamalassa-kotimaa","status":"publish","type":"post","link":"https:\/\/www.europesays.com\/fi\/123894\/","title":{"rendered":"Yksi kuoli rekan ja henkil\u00f6auton nokkakolarissa Sastamalassa | Kotimaa"},"content":{"rendered":"<p class=\"aw-1gybjub aw-5vja16 kEtdKx kmuxyA yle__article__paragraph\">Henkil\u00f6auton kuljettaja menehtyi ja rekan kuljettaja loukkaantui onnettomuudessa. Heid\u00e4n lis\u00e4kseen onnettomuudessa ei ollut muita osallisia.<\/p>\n<p><img decoding=\"async\" alt=\"Kaksiosainen kuva, jossa toisessa Pirkanmaan pelastuslaitoksen logo paloauton kyljess\u00e4 ja toisessa l\u00e4hikuva poliisin rintamerkist\u00e4.\" src=\"https:\/\/www.europesays.com\/fi\/wp-content\/uploads\/2025\/08\/39-1406175678640b54188a.jpeg\" class=\"aw-1l9m598 hKVVvP\"\/><\/p>\n<p>Avaa kuvien katselu<\/p>\n<p>Kuvituskuva. Kuva: Sanni Isom\u00e4ki, Benjamin Suomela \/ Yle<\/p>\n<p>22.12. 14:34\u2022P\u00e4ivitetty 22.12. 20:23<\/p>\n<p class=\"aw-1gybjub aw-1p7kakr kEtdKx cEmitX yle__article__paragraph\">Yksi ihminen kuoli Sastamalassa rekan ja henkil\u00f6auton v\u00e4lisess\u00e4 nokkakolarissa maanantaina. Onnettomuus sattui Pirkanmaantiell\u00e4 noin 3,5 kilometri\u00e4 Vammalasta Laukulan suuntaan. H\u00e4lytys onnettomuudesta tuli juuri kello 14:n j\u00e4lkeen.<\/p>\n<p class=\"aw-1gybjub aw-1p7kakr kEtdKx cEmitX yle__article__paragraph\">Rekan kuljettaja loukkaantui onnettomuudessa. Ajoneuvojen kuljettajien lis\u00e4ksi onnettomuudessa ei ollut muita osallisia.<\/p>\n<p class=\"aw-1gybjub aw-1p7kakr kEtdKx cEmitX yle__article__paragraph\">Pelastuslaitos, ensihoito sek\u00e4 poliisi olivat paikalla. Onnettomuuden tutkinnan sek\u00e4 onnettomuuspaikan raivauksen vuoksi liikenne Pirkanmaantiell\u00e4 oli useita tunteja suljettu, mutta nyt tie on j\u00e4lleen avattu k\u00e4ytt\u00f6\u00f6n.<\/p>\n<p class=\"aw-1gybjub aw-1p7kakr kEtdKx cEmitX yle__article__paragraph\">Viranomaiset ohjasivat liikennett\u00e4 kiertotielle, joka kulki Tampereentien ja Sastamalan keskustan kautta, eli liikenne oli katkaistu Tampereentien sek\u00e4 Punkalaitumen teiden risteyksien kohdalta.<\/p>\n<p class=\"aw-1gybjub aw-1p7kakr kEtdKx cEmitX yle__article__paragraph\">Tapahtumia tutkitaan t\u00e4ll\u00e4 hetkell\u00e4 kuolemansyyn selvitt\u00e4misen\u00e4 sek\u00e4 t\u00f6rke\u00e4n\u00e4 liikenneturvallisuuden vaarantamisena ja vammantuottamuksena. Poliisi selvitt\u00e4\u00e4 tarkemmin onnettomuuteen johtaneita syit\u00e4, eik\u00e4 tiedota tapauksesta t\u00e4ss\u00e4 vaiheessa enemp\u00e4\u00e4.<\/p>\n<p class=\"aw-1gybjub aw-1p7kakr kEtdKx cEmitX yle__article__paragraph\">Edit. 22.12. kello 17.38: P\u00e4ivitetty juttuun tieto kuolonuhrista.<\/p>\n<p class=\"aw-1gybjub aw-1p7kakr kEtdKx cEmitX yle__article__paragraph\">Edit 22.12. kello 20.23: P\u00e4ivitetty juttuun tieto tien avaamisesta.<\/p>\n<p><img decoding=\"async\" alt=\"Karttakuva, joka n\u00e4ytt\u00e4\u00e4 onnettomuuspaikan sijainnin 12-tiell\u00e4 Sastamalassa.\" src=\"https:\/\/www.europesays.com\/fi\/wp-content\/uploads\/2025\/12\/39-1573616694940ea7add1.jpeg\" loading=\"lazy\" class=\"aw-1l9m598 hKVVvP\"\/><\/p>\n<p>Avaa kuvien katselu<\/p>\n<p>Kuva: Antti Eintola \/ Yle<\/p>\n","protected":false},"excerpt":{"rendered":"Henkil\u00f6auton kuljettaja menehtyi ja rekan kuljettaja loukkaantui onnettomuudessa. Heid\u00e4n lis\u00e4kseen onnettomuudessa ei ollut muita osallisia. Avaa kuvien katselu&hellip;\n","protected":false},"author":2,"featured_media":7195,"comment_status":"","ping_status":"","sticky":false,"template":"","format":"standard","meta":{"footnotes":""},"categories":[12],"tags":[22,23,26,27,33,31,30,17,71,24,25,990,28,29,15,837,18,21,127,553,2871,32,19,20,16],"class_list":{"0":"post-123894","1":"post","2":"type-post","3":"status-publish","4":"format-standard","5":"has-post-thumbnail","7":"category-suomi","8":"tag-breaking-news","9":"tag-breakingnews","10":"tag-featured-news","11":"tag-featurednews","12":"tag-fi","13":"tag-finland","14":"tag-finnish","15":"tag-headlines","16":"tag-kotimaa","17":"tag-latest-news","18":"tag-latestnews","19":"tag-liikenneonnettomuudet","20":"tag-main-news","21":"tag-mainnews","22":"tag-news","23":"tag-onnettomuudet","24":"tag-otsikot","25":"tag-paauutiset","26":"tag-pelastuslaitokset","27":"tag-pirkanmaa","28":"tag-sastamala","29":"tag-suomi","30":"tag-top-stories","31":"tag-topstories","32":"tag-uutiset"},"share_on_mastodon":{"url":"https:\/\/pubeurope.com\/@fi\/115768146519035799","error":""},"_links":{"self":[{"href":"https:\/\/www.europesays.com\/fi\/wp-json\/wp\/v2\/posts\/123894","targetHints":{"allow":["GET"]}}],"collection":[{"href":"https:\/\/www.europesays.com\/fi\/wp-json\/wp\/v2\/posts"}],"about":[{"href":"https:\/\/www.europesays.com\/fi\/wp-json\/wp\/v2\/types\/post"}],"author":[{"embeddable":true,"href":"https:\/\/www.europesays.com\/fi\/wp-json\/wp\/v2\/users\/2"}],"replies":[{"embeddable":true,"href":"https:\/\/www.europesays.com\/fi\/wp-json\/wp\/v2\/comments?post=123894"}],"version-history":[{"count":0,"href":"https:\/\/www.europesays.com\/fi\/wp-json\/wp\/v2\/posts\/123894\/revisions"}],"wp:featuredmedia":[{"embeddable":true,"href":"https:\/\/www.europesays.com\/fi\/wp-json\/wp\/v2\/media\/7195"}],"wp:attachment":[{"href":"https:\/\/www.europesays.com\/fi\/wp-json\/wp\/v2\/media?parent=123894"}],"wp:term":[{"taxonomy":"category","embeddable":true,"href":"https:\/\/www.europesays.com\/fi\/wp-json\/wp\/v2\/categories?post=123894"},{"taxonomy":"post_tag","embeddable":true,"href":"https:\/\/www.europesays.com\/fi\/wp-json\/wp\/v2\/tags?post=123894"}],"curies":[{"name":"wp","href":"https:\/\/api.w.org\/{rel}","templated":true}]}}