{"id":123902,"date":"2025-12-23T09:41:12","date_gmt":"2025-12-23T09:41:12","guid":{"rendered":"https:\/\/www.europesays.com\/fi\/123902\/"},"modified":"2025-12-23T09:41:12","modified_gmt":"2025-12-23T09:41:12","slug":"karita-tykalta-paivitys-ex-miehensa-rajun-purkauksen-jalkeen","status":"publish","type":"post","link":"https:\/\/www.europesays.com\/fi\/123902\/","title":{"rendered":"Karita Tyk\u00e4lt\u00e4 p\u00e4ivitys ex-miehens\u00e4 rajun purkauksen j\u00e4lkeen"},"content":{"rendered":"<p>Karita Tykk\u00e4 vastaa ex-miehens\u00e4 purkaukseen.<\/p>\n<p><img decoding=\"async\" class=\"image image-show image-preview\" src=\"https:\/\/www.europesays.com\/fi\/wp-content\/uploads\/2025\/10\/67ffc4c7bf38e19e40bf215e1b1c7b3cacda465f991843f6e5b524ec626948f6.jpg\" alt=\"\"\/><img decoding=\"async\" class=\"image image-show\" src=\"https:\/\/www.europesays.com\/fi\/wp-content\/uploads\/2025\/10\/1760001908_999_67ffc4c7bf38e19e40bf215e1b1c7b3cacda465f991843f6e5b524ec626948f6.jpg\" alt=\"\"\/><\/p>\n<p>Karita Tykk\u00e4 painottaa, ettei menneisyys m\u00e4\u00e4rit\u00e4 h\u00e4nt\u00e4. Henri K\u00e4rkk\u00e4inen<\/p>\n<p class=\"paragraph\">Hyvinvointivalmentaja <a href=\"https:\/\/www.iltalehti.fi\/henkilot\/Karita Tykk\u00e4\" class=\"article-link-person-page\" rel=\"nofollow noopener\" target=\"_blank\">Karita Tyk\u00e4n<\/a> entinen puoliso, <strong>Petri Tykk\u00e4<\/strong>, <a href=\"https:\/\/www.iltalehti.fi\/viihdeuutiset\/84a31820-d96c-4d05-8bc8-c04c22cbe762\" rel=\"nofollow noopener\" target=\"_blank\">purki sunnuntaina Facebookissa avoimesti tuntojaan<\/a> parin avioerosta.<\/p>\n<p class=\"paragraph\">P\u00e4ivityksess\u00e4 Petri kertoi tehneens\u00e4 muun muassa \u201del\u00e4m\u00e4ns\u00e4 suurimman virheen reilu 20 vuotta sitten\u201d ja kuvaili tuon j\u00e4lkeen el\u00e4m\u00e4ns\u00e4 olleen \u201dloivaa henkist\u00e4 ja fyysist\u00e4 alam\u00e4ke\u00e4\u201d.<\/p>\n<p class=\"paragraph\">Iltalehti ei ole tavoittanut Karita Tykk\u00e4\u00e4 kommentoimaan asiaa. H\u00e4n on kuitenkin julkaissut useita p\u00e4ivityksi\u00e4 somessa ex-puolisonsa p\u00e4ivityksen j\u00e4lkeen.<\/p>\n<p class=\"paragraph\">\u2013 Kysyitte miten jaksan&#8230; En k\u00e4yt\u00e4 energiaani en\u00e4\u00e4 menneeseen \u2013 se ei m\u00e4\u00e4rit\u00e4 minua. Rauha syntyy, kun lakkaa palaamasta paikkoihin, joissa ei kuulu en\u00e4\u00e4 olla, h\u00e4n kirjoittaa julkaisussaan <a href=\"https:\/\/www.instagram.com\/karitatykka\/\" target=\"_blank\" rel=\"noopener nofollow\">Instagramin<\/a> tarinat-osiossa.<\/p>\n<p class=\"paragraph\">Tarinat ovat katsottavissa 24 tuntia niiden julkaisun j\u00e4lkeen.<\/p>\n<p class=\"paragraph\">Karita on kannanottonsa j\u00e4lkeen julkaissut Instagram-tarinoissaan my\u00f6s videoita itsest\u00e4\u00e4n liikuttamassa kehoaan rauhallisesti musiikin tahdissa. Yhteen videoon h\u00e4n kirjoittaa:<\/p>\n<p class=\"paragraph\">\u2013 Liike vapauttaa&#8230; Katson luottavaisena, kuljen aavistuksen kepeimmin askelin ja hengit\u00e4n. Kasvu vaatii rohkeutta valita itsens\u00e4. Ja juuri siin\u00e4 valinnassa l\u00f6yd\u00e4n vapauden.<\/p>\n<p>Karita ja Petri Tykk\u00e4 vihittiin vuonna 2008. John Palm\u00e9n<\/p>\n<p class=\"paragraph\">Karita Tykk\u00e4 <a href=\"https:\/\/www.iltalehti.fi\/viihdeuutiset\/f859bda5-5cde-4ae4-8d7c-1a9639131d5e\" rel=\"nofollow noopener\" target=\"_blank\">kertoi maaliskuussa<\/a> Instagramissa hakeneensa avioeroa miehest\u00e4\u00e4n Petri Tyk\u00e4st\u00e4. Ilmoitus tuli noin puolitoista vuotta sen j\u00e4lkeen, kun Petri oli <a href=\"https:\/\/www.iltalehti.fi\/viihdeuutiset\/8d2df603-a30c-421c-aed5-504695327e75\" rel=\"nofollow noopener\" target=\"_blank\">Facebookissa ilmoittanut hakevansa avioeroa<\/a> rajujen syyt\u00f6sten saattelemana. Avioero kuitenkin peruttiin lokakuussa 2023.<\/p>\n<p class=\"paragraph\">Petri kertoi maaliskuussa, ettei avioerohakemus her\u00e4t\u00e4 h\u00e4ness\u00e4 kummempia tuntemuksia, sill\u00e4 pari oli eronnut jo ensimm\u00e4isen avioerohakemuksen aikaan, eli syksyll\u00e4 2023.<\/p>\n<p class=\"paragraph\">\u2013 Min\u00e4 olen suruty\u00f6ni tehnyt puolitoista vuotta sitten. Tietysti se on surullista, ett\u00e4 ei voi luottaa toiseen ihmiseen, Petri valitteli.<\/p>\n<p class=\"paragraph\">\u2013 Ei t\u00e4ss\u00e4 mit\u00e4\u00e4n. Me emme ole olleet k\u00e4yt\u00e4nn\u00f6ss\u00e4 puhev\u00e4leiss\u00e4 en\u00e4\u00e4 pitkiin aikoihin, h\u00e4n kertoi.<\/p>\n<p class=\"paragraph\">Pari meni naimisiin elokuussa 2008 ja heill\u00e4 on yhteinen <strong>Luca<\/strong>-poika. Maaliskuussa Petri totesi, ett\u00e4 lapsen huoltaminen ei edellyt\u00e4 vanhemmilta jatkuvaa yhteydenpitoa. Luca asuu vuorotellen puolet ajasta is\u00e4ns\u00e4 ja puolet \u00e4itins\u00e4 luona.<\/p>\n<p class=\"paragraph\">Iltalehti ei ole toistaiseksi tavoittanut my\u00f6sk\u00e4\u00e4n Petri Tykk\u00e4\u00e4 kommentoimaan h\u00e4nen uutta Facebook-julkaisuaan.<\/p>\n<p><script async src=\"\/\/www.instagram.com\/embed.js\"><\/script><\/p>\n","protected":false},"excerpt":{"rendered":"Karita Tykk\u00e4 vastaa ex-miehens\u00e4 purkaukseen. Karita Tykk\u00e4 painottaa, ettei menneisyys m\u00e4\u00e4rit\u00e4 h\u00e4nt\u00e4. Henri K\u00e4rkk\u00e4inen Hyvinvointivalmentaja Karita Tyk\u00e4n entinen&hellip;\n","protected":false},"author":2,"featured_media":123903,"comment_status":"","ping_status":"","sticky":false,"template":"","format":"standard","meta":{"footnotes":""},"categories":[130],"tags":[35,137,33,31,30,101,99,100,98,103,32,109],"class_list":{"0":"post-123902","1":"post","2":"type-post","3":"status-publish","4":"format-standard","5":"has-post-thumbnail","7":"category-viihde","8":"tag-24h","9":"tag-entertainment","10":"tag-fi","11":"tag-finland","12":"tag-finnish","13":"tag-ihmissuhteet","14":"tag-lapset","15":"tag-lapset-ja-nuoret","16":"tag-perhe","17":"tag-sosiaalikysymykset","18":"tag-suomi","19":"tag-viihde"},"share_on_mastodon":{"url":"https:\/\/pubeurope.com\/@fi\/115768229015696201","error":""},"_links":{"self":[{"href":"https:\/\/www.europesays.com\/fi\/wp-json\/wp\/v2\/posts\/123902","targetHints":{"allow":["GET"]}}],"collection":[{"href":"https:\/\/www.europesays.com\/fi\/wp-json\/wp\/v2\/posts"}],"about":[{"href":"https:\/\/www.europesays.com\/fi\/wp-json\/wp\/v2\/types\/post"}],"author":[{"embeddable":true,"href":"https:\/\/www.europesays.com\/fi\/wp-json\/wp\/v2\/users\/2"}],"replies":[{"embeddable":true,"href":"https:\/\/www.europesays.com\/fi\/wp-json\/wp\/v2\/comments?post=123902"}],"version-history":[{"count":0,"href":"https:\/\/www.europesays.com\/fi\/wp-json\/wp\/v2\/posts\/123902\/revisions"}],"wp:featuredmedia":[{"embeddable":true,"href":"https:\/\/www.europesays.com\/fi\/wp-json\/wp\/v2\/media\/123903"}],"wp:attachment":[{"href":"https:\/\/www.europesays.com\/fi\/wp-json\/wp\/v2\/media?parent=123902"}],"wp:term":[{"taxonomy":"category","embeddable":true,"href":"https:\/\/www.europesays.com\/fi\/wp-json\/wp\/v2\/categories?post=123902"},{"taxonomy":"post_tag","embeddable":true,"href":"https:\/\/www.europesays.com\/fi\/wp-json\/wp\/v2\/tags?post=123902"}],"curies":[{"name":"wp","href":"https:\/\/api.w.org\/{rel}","templated":true}]}}