{"id":123904,"date":"2025-12-23T09:42:08","date_gmt":"2025-12-23T09:42:08","guid":{"rendered":"https:\/\/www.europesays.com\/fi\/123904\/"},"modified":"2025-12-23T09:42:08","modified_gmt":"2025-12-23T09:42:08","slug":"lapin-porot-hengenvaarassa-syyttava-sormi-osoittaa-vladimir-putinia","status":"publish","type":"post","link":"https:\/\/www.europesays.com\/fi\/123904\/","title":{"rendered":"Lapin porot hengenvaarassa \u2013 syytt\u00e4v\u00e4 sormi osoittaa Vladimir Putinia"},"content":{"rendered":"<p class=\"ai-optimize-6 ai-optimize-introduction\">Uutiskanava <a href=\"https:\/\/edition.cnn.com\/2025\/12\/22\/europe\/finland-reindeer-russia-wolves\" target=\"_blank\" rel=\"noopener nofollow\">CNN<\/a>\u00a0on julkaissut laajan artikkelin Suomen porotaloudesta ja sen kohtaamista haasteista.<\/p>\n<p class=\"ai-optimize-7\">Jutussa yritt\u00e4j\u00e4 <strong>Juha Kujala <\/strong>kertoo, ett\u00e4 kuluvana vuonna suurpetojen poroille aiheuttamat vahingot ovat lis\u00e4\u00e4ntyneet merkitt\u00e4v\u00e4sti. Kujala kertoo jutussa kohtaavansa porojen ruhoja l\u00e4hes p\u00e4ivitt\u00e4in.<\/p>\n<p class=\"ai-optimize-7\">Kujalan perhe on paimentanut poroja Kuusamossa yli 400 vuotta.<\/p>\n<p class=\"ai-optimize-6\">\u2013 T\u00e4m\u00e4 vuosi on pahin koskaan t\u00e4ll\u00e4 alueella, Kujala toteaa CNN:lle.<\/p>\n<p class=\"ai-optimize-9\">Syyn vahingoista h\u00e4n vieritt\u00e4\u00e4 ep\u00e4todenn\u00e4k\u00f6iseen ep\u00e4iltyyn: Ven\u00e4j\u00e4n presidentti <strong>Vladimir Putiniin<\/strong>, jonka Ukrainan sodalla on pitk\u00e4aikaiset seuraukset.<\/p>\n<p class=\"ai-optimize-11\">Maa- ja mets\u00e4talousministeri\u00f6 arvioi, ett\u00e4 parhaassa i\u00e4ss\u00e4\u00e4n olevan naarasporon omistajalle aiheutuu 1572 euron tappiot, kun poro tapetaan. T\u00e4m\u00e4n lis\u00e4ksi poronhoitajat sanovat k\u00e4ytt\u00e4v\u00e4ns\u00e4 nyt paljon aikaa korvausten hakemiseen Suomen valtiolta. Poronhoitajien mukaan korvaukset tappioista ovat riitt\u00e4m\u00e4tt\u00f6mi\u00e4.<\/p>\n<p class=\"ai-optimize-12\">\u2013 Tasapaino ei ole oikea. Susia on niin paljon, ett\u00e4 ne uhkaavat koko j\u00e4rjestelm\u00e4\u00e4 t\u00e4\u00e4ll\u00e4. Ne vain tappavat, Kujala toteaa.<\/p>\n<p class=\"ai-optimize-14\">\u2013 Jos emme tee mit\u00e4\u00e4n, muutaman vuoden kuluttua kokonaisilla alueilla ei en\u00e4\u00e4 ole poroja. Se on surullista, koska se (poronhoito) on vanhin asia koko Suomessa, h\u00e4n lis\u00e4\u00e4.<\/p>\n<p class=\"ai-optimize-15\">Luonnonvarakeskuksen tiedot vahvistavat, ett\u00e4 Suomen susikanta on kasvanut dramaattisesti viime vuosina: kev\u00e4\u00e4ll\u00e4 2024 susia oli arviolta 295 ja t\u00e4n\u00e4 vuonna jo noin 430, joka on korkein luku vuosikymmeniin.<\/p>\n<p class=\"ai-optimize-16\">Suomen poronhoitoyhdistyksen mukaan sudet ovat tappaneet pelk\u00e4st\u00e4\u00e4n t\u00e4n\u00e4 vuonna noin 1950 poroa. T\u00e4m\u00e4 on l\u00e4hes 70 prosenttia enemm\u00e4n kuin viime vuonna.<\/p>\n<p class=\"ai-optimize-17\">Vaikka susikannat ovat kasvaneet kaikkialla Euroopassa, suosituin selitys enn\u00e4tykselliselle susihy\u00f6kk\u00e4ysten m\u00e4\u00e4r\u00e4lle pohjoisilla poronhoitoalueilla on se, ett\u00e4 ven\u00e4l\u00e4iset sudet tappavat suuria m\u00e4\u00e4ri\u00e4 Suomen poroja ylitt\u00e4ess\u00e4\u00e4n noin 1300 kilometrin pituisen valtiorajan.<\/p>\n<p class=\"ai-optimize-20\">Suomalaisten tieteentekij\u00f6iden ja poronhoitajien teoria viittaa Ukrainaan. Heid\u00e4n mukaansa Ven\u00e4j\u00e4ll\u00e4 mets\u00e4stet\u00e4\u00e4n nyt v\u00e4hemm\u00e4n susia, koska Ven\u00e4j\u00e4 k\u00e4y sotatoimia Ukrainassa ja on tehnyt valtavia miehist\u00f6rekrytointeja eri alueilta. T\u00e4m\u00e4 on johtanut petoel\u00e4inten, kuten karhujen, ahmojen, ilvesten ja susien, r\u00e4j\u00e4hdysm\u00e4iseen kasvuun, sill\u00e4 kaikki ne saalistavat poroja.<\/p>\n<p class=\"ai-optimize-21\">\u2013 Tilanne on pahentunut Ukrainan sodan j\u00e4lkeen. Sudet tulevat Ven\u00e4j\u00e4n puolelta, Kujala sanoo osoittaen kohti Ven\u00e4j\u00e4n rajaa, joka on vain 40 kilometrin p\u00e4\u00e4ss\u00e4 maistaan.<\/p>\n<p class=\"ai-optimize-22\">\u2013 Nyt Ukrainassa mets\u00e4stet\u00e4\u00e4n ihmisi\u00e4, eik\u00e4 susia olla en\u00e4\u00e4 mets\u00e4st\u00e4m\u00e4ss\u00e4.<\/p>\n<p class=\"ai-optimize-23\">Luonnonvarakeskus on analysoinut tuhansia eri puolilta maata otettuja susin\u00e4ytteit\u00e4, jotka on usein otettu ulosteista tai virtsasta. Keskus on \u00e4skett\u00e4in havainnut, ett\u00e4 sellaiset sudet, joilla on aiemmin Suomessa havaitsemattomia DNA-markkereita, ovat lis\u00e4\u00e4ntyneet merkitt\u00e4v\u00e4sti.<\/p>\n<p>Poimintoja videosis\u00e4ll\u00f6ist\u00e4mme<\/p>\n<p class=\"ai-optimize-24\">Tutkijat ovat tulleet siihen tulokseen, ett\u00e4 el\u00e4imet ovat todenn\u00e4k\u00f6isimmin tulleet Ven\u00e4j\u00e4lt\u00e4.<\/p>\n<p class=\"ai-optimize-25\">\u2013 Se voisi olla realistinen teoria, vahvistaa CNN:lle vanhempi tutkija <strong>Katja Holmala<\/strong>, joka on johtanut susin\u00e4ytteiden analysointia vuosia.<\/p>\n<p class=\"ai-optimize-26\">\u2013 T\u00e4rkein vihje on, ett\u00e4 susien mets\u00e4stys on v\u00e4hentynyt Ven\u00e4j\u00e4n puolella. Se on ollut eritt\u00e4in intensiivist\u00e4 ennen sotaa Ukrainassa. Ja sudesta maksettiin my\u00f6s hyvi\u00e4 palkkioita, h\u00e4n lis\u00e4\u00e4.<\/p>\n","protected":false},"excerpt":{"rendered":"Uutiskanava CNN\u00a0on julkaissut laajan artikkelin Suomen porotaloudesta ja sen kohtaamista haasteista. Jutussa yritt\u00e4j\u00e4 Juha Kujala kertoo, ett\u00e4 kuluvana&hellip;\n","protected":false},"author":2,"featured_media":123905,"comment_status":"","ping_status":"","sticky":false,"template":"","format":"standard","meta":{"footnotes":""},"categories":[112],"tags":[33,31,30,72,118,32,119],"class_list":{"0":"post-123904","1":"post","2":"type-post","3":"status-publish","4":"format-standard","5":"has-post-thumbnail","7":"category-tiede","8":"tag-fi","9":"tag-finland","10":"tag-finnish","11":"tag-luonto","12":"tag-science","13":"tag-suomi","14":"tag-tiede"},"share_on_mastodon":{"url":"https:\/\/pubeurope.com\/@fi\/115768232701003254","error":""},"_links":{"self":[{"href":"https:\/\/www.europesays.com\/fi\/wp-json\/wp\/v2\/posts\/123904","targetHints":{"allow":["GET"]}}],"collection":[{"href":"https:\/\/www.europesays.com\/fi\/wp-json\/wp\/v2\/posts"}],"about":[{"href":"https:\/\/www.europesays.com\/fi\/wp-json\/wp\/v2\/types\/post"}],"author":[{"embeddable":true,"href":"https:\/\/www.europesays.com\/fi\/wp-json\/wp\/v2\/users\/2"}],"replies":[{"embeddable":true,"href":"https:\/\/www.europesays.com\/fi\/wp-json\/wp\/v2\/comments?post=123904"}],"version-history":[{"count":0,"href":"https:\/\/www.europesays.com\/fi\/wp-json\/wp\/v2\/posts\/123904\/revisions"}],"wp:featuredmedia":[{"embeddable":true,"href":"https:\/\/www.europesays.com\/fi\/wp-json\/wp\/v2\/media\/123905"}],"wp:attachment":[{"href":"https:\/\/www.europesays.com\/fi\/wp-json\/wp\/v2\/media?parent=123904"}],"wp:term":[{"taxonomy":"category","embeddable":true,"href":"https:\/\/www.europesays.com\/fi\/wp-json\/wp\/v2\/categories?post=123904"},{"taxonomy":"post_tag","embeddable":true,"href":"https:\/\/www.europesays.com\/fi\/wp-json\/wp\/v2\/tags?post=123904"}],"curies":[{"name":"wp","href":"https:\/\/api.w.org\/{rel}","templated":true}]}}