{"id":123910,"date":"2025-12-23T09:46:11","date_gmt":"2025-12-23T09:46:11","guid":{"rendered":"https:\/\/www.europesays.com\/fi\/123910\/"},"modified":"2025-12-23T09:46:11","modified_gmt":"2025-12-23T09:46:11","slug":"kuopion-vaestonmuutos-tyottomyys-rakentaminen-marraskuu-2025","status":"publish","type":"post","link":"https:\/\/www.europesays.com\/fi\/123910\/","title":{"rendered":"Kuopion v\u00e4est\u00f6nmuutos, ty\u00f6tt\u00f6myys, rakentaminen marraskuu 2025"},"content":{"rendered":"<p><strong>V\u00e4est\u00f6nmuutos tammi-marraskuu 927 (0,7 %) henke\u00e4:<\/strong><br \/>-luonnollinen v\u00e4est\u00f6nmuutos -66<br \/>-kuntien v\u00e4linen muuttovoitto +109<br \/>-maahanmuutto, netto +899<br \/>-korjauser\u00e4 -15<\/p>\n<p>Kuopion v\u00e4kiluku oli marraskuun 2025 lopussa <strong>126 593<\/strong>. V\u00e4est\u00f6nkasvu perustuu maahanmuuttoon.<\/p>\n<p><strong>Ty\u00f6tt\u00f6myys<\/strong><\/p>\n<p>Marraskuun\u00a02025\u00a0ty\u00f6tt\u00f6myysaste\u00a0oli\u00a012,7%\u00a0(11,4\u00a0%\u00a011\/2024).\u00a0Ty\u00f6voiman kasvu lis\u00e4\u00e4 ty\u00f6tt\u00f6mien ja pitk\u00e4aikaisty\u00f6tt\u00f6mien m\u00e4\u00e4r\u00e4\u00e4. Kuopion ty\u00f6tt\u00f6myysaste on vertailukaupunkeihin n\u00e4hden pieni. TEM ennustaa ty\u00f6tt\u00f6mien m\u00e4\u00e4r\u00e4n laskevan maltillisesti vuonna 2026, mutta pitk\u00e4aikaisty\u00f6tt\u00f6myys jatkaa kasvua. <\/p>\n<p>Lue lis\u00e4\u00e4: <br \/><a href=\"https:\/\/app.powerbi.com\/view?r=eyJrIjoiMjRjNjg2YTAtMjNhNC00NDBmLWIzYmEtOWE5OTg1ZGEwZGQxIiwidCI6ImVjNmMyMzdlLTg4ZWEtNGNjMy05NGVmLTU5NWIyN2E4ZWJmOSIsImMiOjl9&amp;pageName=ReportSection0535ca1a990118ddbeb8\" rel=\"nofollow noopener\" target=\"_blank\">Kuopion ty\u00f6llisyyskatsaus 2025<\/a><\/p>\n<p><strong>Asuntorakentaminen<\/strong><\/p>\n<p>Asuntorakentaminen on jatkunut hiljaisena koko vuoden. Vuonna 2025 arvioidaan valmistuvan noin 280 uutta asuntoa.<\/p>\n<p>Tammi-marraskuussa valmistui 216 asuntoa, joista 66 oli pientaloja. Elokuussa valmistui Kuopas Oy:n 128 opiskelija-asuntoa Savilahden Kampus Mastoon ja 22 TA-asunto-oikeusasuntoa Jynk\u00e4n Kulmaan. \u00a0<\/p>\n<p>Asuntorakentamisen odotetaan piristyv\u00e4n hieman ensi vuonna.\u00a0<\/p>\n<p><strong>Muu kuin asuntorakentaminen <\/strong><\/p>\n<p>Tammi-marraskuussa 2025 my\u00f6nnettiin 163 rakentamislupaa uudelle muun kuin asumisrakentamisen kohteelle. N\u00e4ist\u00e4 46 lupaa oli vapaa-ajan asuinrakennukselle.<\/p>\n<p>Merkitt\u00e4vimm\u00e4t\u00a0 rakentamisluvan saaneet liikerakentamisen kohteet:\u00a0<br \/>-runkovaiheessa oleva K- Citymarket\u00a0 (Saaristokatu 1)<br \/>-kierr\u00e4tyskauppakeskus (Matkuksentie 58)<br \/>-Teollisuuskatu 6:n tavaratalo, johon on tulossa Jula-tavaratalo ja Power, Gigantti sek\u00e4 Musti &amp; Mirri.<\/p>\n<p>Opetusrakennuksille lupia on my\u00f6nnetty kahteen kohteeseen: Pirtin koulun uudisrakennus ja Minna Canthin koulu.<\/p>\n<p>T\u00e4n\u00e4 vuonna <strong>on valmistunut<\/strong> kaksi uutta p\u00e4iv\u00e4kotia: Jynk\u00e4n p\u00e4iv\u00e4koti ja Py\u00f6r\u00f6n p\u00e4iv\u00e4koti. Pieneen Neulam\u00e4keen valmistui elektroniikkateollisuushalli. Vapaa-ajan asuinrakennuksia on valmistunut 32 kpl.<\/p>\n<p><strong>Lue lis\u00e4\u00e4<a href=\"https:\/\/www.kuopio.fi\/app\/uploads\/2025\/11\/tilastotiedote-24_2025-kuopion-vaesto-tyottomyys-rakentaminen-tammi-lokakuu-2025.pdf\" rel=\"nofollow noopener\" target=\"_blank\"> <\/a><a href=\"https:\/\/www.kuopio.fi\/app\/uploads\/2025\/12\/tilastotiedote-25_2025-kuopion-vaesto-tyottomyys-rakentaminen-tammi-marraskuu-2025.pdf\" rel=\"nofollow noopener\" target=\"_blank\">tilastotiedotteesta<\/a><\/strong> 25\/2025 23.12.2025<\/p>\n","protected":false},"excerpt":{"rendered":"V\u00e4est\u00f6nmuutos tammi-marraskuu 927 (0,7 %) henke\u00e4:-luonnollinen v\u00e4est\u00f6nmuutos -66-kuntien v\u00e4linen muuttovoitto +109-maahanmuutto, netto +899-korjauser\u00e4 -15 Kuopion v\u00e4kiluku oli marraskuun&hellip;\n","protected":false},"author":2,"featured_media":94267,"comment_status":"","ping_status":"","sticky":false,"template":"","format":"standard","meta":{"footnotes":""},"categories":[12],"tags":[22,23,26,27,33,31,30,17,24,25,28,29,15,18,21,32,19,20,16],"class_list":{"0":"post-123910","1":"post","2":"type-post","3":"status-publish","4":"format-standard","5":"has-post-thumbnail","7":"category-suomi","8":"tag-breaking-news","9":"tag-breakingnews","10":"tag-featured-news","11":"tag-featurednews","12":"tag-fi","13":"tag-finland","14":"tag-finnish","15":"tag-headlines","16":"tag-latest-news","17":"tag-latestnews","18":"tag-main-news","19":"tag-mainnews","20":"tag-news","21":"tag-otsikot","22":"tag-paauutiset","23":"tag-suomi","24":"tag-top-stories","25":"tag-topstories","26":"tag-uutiset"},"share_on_mastodon":{"url":"https:\/\/pubeurope.com\/@fi\/115768248619022099","error":""},"_links":{"self":[{"href":"https:\/\/www.europesays.com\/fi\/wp-json\/wp\/v2\/posts\/123910","targetHints":{"allow":["GET"]}}],"collection":[{"href":"https:\/\/www.europesays.com\/fi\/wp-json\/wp\/v2\/posts"}],"about":[{"href":"https:\/\/www.europesays.com\/fi\/wp-json\/wp\/v2\/types\/post"}],"author":[{"embeddable":true,"href":"https:\/\/www.europesays.com\/fi\/wp-json\/wp\/v2\/users\/2"}],"replies":[{"embeddable":true,"href":"https:\/\/www.europesays.com\/fi\/wp-json\/wp\/v2\/comments?post=123910"}],"version-history":[{"count":0,"href":"https:\/\/www.europesays.com\/fi\/wp-json\/wp\/v2\/posts\/123910\/revisions"}],"wp:featuredmedia":[{"embeddable":true,"href":"https:\/\/www.europesays.com\/fi\/wp-json\/wp\/v2\/media\/94267"}],"wp:attachment":[{"href":"https:\/\/www.europesays.com\/fi\/wp-json\/wp\/v2\/media?parent=123910"}],"wp:term":[{"taxonomy":"category","embeddable":true,"href":"https:\/\/www.europesays.com\/fi\/wp-json\/wp\/v2\/categories?post=123910"},{"taxonomy":"post_tag","embeddable":true,"href":"https:\/\/www.europesays.com\/fi\/wp-json\/wp\/v2\/tags?post=123910"}],"curies":[{"name":"wp","href":"https:\/\/api.w.org\/{rel}","templated":true}]}}