{"id":123913,"date":"2025-12-23T09:59:08","date_gmt":"2025-12-23T09:59:08","guid":{"rendered":"https:\/\/www.europesays.com\/fi\/123913\/"},"modified":"2025-12-23T09:59:08","modified_gmt":"2025-12-23T09:59:08","slug":"elina-gustafsson-riipaiseva-ulostulo-seiska","status":"publish","type":"post","link":"https:\/\/www.europesays.com\/fi\/123913\/","title":{"rendered":"Elina Gustafsson: Riipaiseva ulostulo | Seiska"},"content":{"rendered":"<p>\n            Murha Hangossa -sarjan pressi, 2.5.2024, Helsinki, Pikku-Finlandia. Kuvassa Elina Gustafsson.Seiska\/Oona Gr\u00f6nqvist.<br \/>\n            Oona Gr\u00f6nqvist\n        <\/p>\n<p class=\"subtitle \">Ex-nyrkkeij\u00e4\u00e4 kohtasi suuri suru.<\/p>\n<p class=\"article-content article-content-width !bg-background\">Ex-nyrkkeilij\u00e4  kertoi maanantaina (22.12.), ett\u00e4 h\u00e4nen Ari-is\u00e4ns\u00e4 oli nukkunut pois.<\/p>\n<p class=\"font-weight-bold m-font-weight-bold article-content article-content-width !bg-background\">Katso video \u2013 Elinalla ja h\u00e4nen ex-puolisollaan on yhteinen m\u00f6kki:<\/p>\n<p>Raskaat ajat takana<\/p>\n<p class=\"article-content article-content-width !bg-background\">Elina julkaisi is\u00e4ns\u00e4 muistoksi mustavalkoisen videon, jossa he katsovat yhdess\u00e4 nyrkkeily\u00e4.<\/p>\n<p class=\"article-content article-content-width !bg-background\">\u2013 Is\u00e4 otti t\u00e4n\u00e4\u00e4n viimisen hengenvedon ja p\u00e4\u00e4si takaisin valoon,\u00a0Elina kirjoittaa herk\u00e4n julkaisunsa kuvatekstiss\u00e4.<\/p>\n<p class=\"article-content article-content-width !bg-background\">Julkaisun taustalla soi P\u00e4iv\u00e4ns\u00e4de ja mennink\u00e4inen -kappale  tulkitsemana.<\/p>\n<p>        <a itemprop=\"url\" href=\"https:\/\/www.seiska.fi\/kotimaa\/elina-gustafsson-suru-uutinen\/2029249\" rel=\"nofollow noopener\" target=\"_blank\"><\/p>\n<p>\nElina Gustafsson\n<\/p>\n<p class=\"section-date\">\n        <strong class=\"article-section\" data-section=\"kotimaa\"><br \/>\n            kotimaa<br \/>\n        <\/strong><br \/>\n        22.12. 17:01\n    <\/p>\n<p>Elina Gustafsson: Suru-uutinen\n    <\/p>\n<p itemprop=\"description\" class=\"subtitle \">\n    Ex-nyrkkeilij\u00e4 Elina Gustafsson julkaisi Instagramissaan suru-uutisen.\n<\/p>\n<p>        <\/a><\/p>\n<p class=\"article-content article-content-width !bg-background\">Elina muistelee edesmennytt\u00e4 is\u00e4\u00e4ns\u00e4 Instagramin tarinat-osiossa.<\/p>\n<p class=\"article-content article-content-width !bg-background\">\u2013 Vikat 4 kk on ollu raskaita asoita ja t\u00e4\u00e4 yksi niist\u00e4, Elina kirjoittaa.<\/p>\n<p class=\"article-content article-content-width !bg-background\">H\u00e4n kertoo n\u00e4hneens\u00e4 is\u00e4ns\u00e4 viimeisen kerran viikko sitten. Elina muistelee is\u00e4ns\u00e4 keksineen sairaalassa jekun hoitajien p\u00e4\u00e4nmenoksi. L\u00e4htiess\u00e4\u00e4n Elina oli huutanut is\u00e4lleen, ettei hoitajia saanut kiusata. Is\u00e4 virnisti ja vinkkasi Elinalle silm\u00e4\u00e4.<\/p>\n<p class=\"article-content article-content-width !bg-background\">\u2013 Halusin pit\u00e4\u00e4 sen h\u00e4nest\u00e4 viimisen\u00e4 muistona, enk\u00e4 l\u00e4htenyt en\u00e4\u00e4 poriin eilen. Siskot oli h\u00e4nen kanssa.<\/p>\n<p>&#8221;Koskaan en pystynyt sanomaan&#8230;&#8221;<\/p>\n<p class=\"article-content article-content-width !bg-background\">Elina muistelee is\u00e4\u00e4ns\u00e4 Instagram-tarinassaan. Videolla h\u00e4n seisoo hennossa lumisateessa, kun h\u00e4nen koiransa Maggie juoksee taustalla.<\/p>\n<p class=\"article-content article-content-width !bg-background\">H\u00e4n toteaa yhden aikakauden tulleen p\u00e4\u00e4t\u00f6kseens\u00e4. Elina kertoo is\u00e4ns\u00e4 opettaneen h\u00e4nelle monia asioita ja sanoo, ett\u00e4 is\u00e4\u00e4 on kiitt\u00e4minen siit\u00e4, millainen ex-nyrkkeilij\u00e4 on t\u00e4n\u00e4 p\u00e4iv\u00e4n\u00e4.<\/p>\n<p>        <a itemprop=\"url\" href=\"https:\/\/www.seiska.fi\/kotimaa\/elina-gustafsson-kertoo-joutuneensa-tapaturmaan\/2018206\" rel=\"nofollow noopener\" target=\"_blank\"><\/p>\n<p>\nElina Gustafsson\n<\/p>\n<p class=\"section-date\">\n        <strong class=\"article-section\" data-section=\"kotimaa\"><br \/>\n            kotimaa<br \/>\n        <\/strong><br \/>\n        10.12. 20:30\n    <\/p>\n<p>Elina Gustafsson kertoo joutuneensa tapaturmaan\n    <\/p>\n<p itemprop=\"description\" class=\"subtitle \">\n    Elina lensi pahanp\u00e4iv\u00e4isesti py\u00f6r\u00e4ns\u00e4 sel\u00e4st\u00e4 Mongolian-reissullaan.\n<\/p>\n<p>        <\/a><\/p>\n<p class=\"article-content article-content-width !bg-background\">\u2013 H\u00e4n ei ollut mik\u00e4\u00e4n perinteinen is\u00e4, mut en m\u00e4 selasta olis halunnutkaan. Koskaan en pystynyt sanomaan, et h\u00e4n on t\u00e4rke\u00e4. Mut me n\u00e4ytettiin se eri tavalla &#8211; porilaisten tavalla, Elina kirjoittaa herk\u00e4ss\u00e4 julkaisussaan.<\/p>\n<p class=\"article-content article-content-width !bg-background\">Elina ja tanssija  erosivat alkuvuodesta. Kaksikko tapasi toisensa Tanssii t\u00e4htien kanssa -ohjelmassa vuonna 2021.<\/p>\n","protected":false},"excerpt":{"rendered":"Murha Hangossa -sarjan pressi, 2.5.2024, Helsinki, Pikku-Finlandia. Kuvassa Elina Gustafsson.Seiska\/Oona Gr\u00f6nqvist. Oona Gr\u00f6nqvist Ex-nyrkkeij\u00e4\u00e4 kohtasi suuri suru. Ex-nyrkkeilij\u00e4&hellip;\n","protected":false},"author":2,"featured_media":123914,"comment_status":"","ping_status":"","sticky":false,"template":"","format":"standard","meta":{"footnotes":""},"categories":[136],"tags":[1875,22086,407,1874,137,33,31,30,408,32,1464,109,22141],"class_list":{"0":"post-123913","1":"post","2":"type-post","3":"status-publish","4":"format-standard","5":"has-post-thumbnail","7":"category-julkkikset","8":"tag-ansku-bergstrom","9":"tag-ari-isa","10":"tag-celebrities","11":"tag-elina-gustafsson","12":"tag-entertainment","13":"tag-fi","14":"tag-finland","15":"tag-finnish","16":"tag-julkkikset","17":"tag-suomi","18":"tag-suuri-suru","19":"tag-viihde","20":"tag-vuokko-hovatta"},"share_on_mastodon":{"url":"https:\/\/pubeurope.com\/@fi\/115768299550510359","error":""},"_links":{"self":[{"href":"https:\/\/www.europesays.com\/fi\/wp-json\/wp\/v2\/posts\/123913","targetHints":{"allow":["GET"]}}],"collection":[{"href":"https:\/\/www.europesays.com\/fi\/wp-json\/wp\/v2\/posts"}],"about":[{"href":"https:\/\/www.europesays.com\/fi\/wp-json\/wp\/v2\/types\/post"}],"author":[{"embeddable":true,"href":"https:\/\/www.europesays.com\/fi\/wp-json\/wp\/v2\/users\/2"}],"replies":[{"embeddable":true,"href":"https:\/\/www.europesays.com\/fi\/wp-json\/wp\/v2\/comments?post=123913"}],"version-history":[{"count":0,"href":"https:\/\/www.europesays.com\/fi\/wp-json\/wp\/v2\/posts\/123913\/revisions"}],"wp:featuredmedia":[{"embeddable":true,"href":"https:\/\/www.europesays.com\/fi\/wp-json\/wp\/v2\/media\/123914"}],"wp:attachment":[{"href":"https:\/\/www.europesays.com\/fi\/wp-json\/wp\/v2\/media?parent=123913"}],"wp:term":[{"taxonomy":"category","embeddable":true,"href":"https:\/\/www.europesays.com\/fi\/wp-json\/wp\/v2\/categories?post=123913"},{"taxonomy":"post_tag","embeddable":true,"href":"https:\/\/www.europesays.com\/fi\/wp-json\/wp\/v2\/tags?post=123913"}],"curies":[{"name":"wp","href":"https:\/\/api.w.org\/{rel}","templated":true}]}}